{"id":130360,"date":"2020-05-16T09:14:00","date_gmt":"2020-05-16T12:14:00","guid":{"rendered":"https:\/\/grandepremio.com\/br\/noticias\/em-dialogo-aberto-com-f1-gp-de-singapura-diz-que-corrida-sem-publico-nao-e-factivel\/"},"modified":"2020-05-29T07:58:09","modified_gmt":"2020-05-29T10:58:09","slug":"em-dialogo-aberto-com-f1-gp-de-singapura-diz-que-corrida-sem-publico-nao-e-factivel","status":"publish","type":"post","link":"https:\/\/grandepremio.com\/br\/f1\/em-dialogo-aberto-com-f1-gp-de-singapura-diz-que-corrida-sem-publico-nao-e-factivel\/","title":{"rendered":"Em \u201cdi\u00e1logo aberto com F1\u201d, GP de Singapura diz que corrida sem p\u00fablico \u201cn\u00e3o \u00e9 fact\u00edvel\u201d"},"content":{"rendered":"\n<div class=\"embed-responsive embed-responsive-16by9\">\n\t<\/div>\n<div>\n\tO GP de Singapura &eacute; uma grande inc&oacute;gnita e corre s&eacute;rio risco de n&atilde;o ser realizado em 2020. A cidade-estado, palco de uma das corridas noturnas da F1 &mdash; ao lado do Bahrein e Abu Dhabi &mdash;, registra atualmente 27.356 pessoas testadas positivo para o novo coronav&iacute;rus e 21 mortes, segundo os &uacute;ltimos dados da Universidade Johns Hopkins. O <strong><a href=\"https:\/\/www.grandepremio.com\/br\/f1\/noticias\/19-corridas-3-ausencias-e-brasil-antecipado-como-f1-esboca-novo-calendario\"><span style=\"color:#ff0000\">evento, ap&oacute;s os &uacute;ltimos esbo&ccedil;os de um calend&aacute;rio revisado para 2020, n&atilde;o aparece na lista<\/span><\/a><\/strong>, o que suscita ainda mais d&uacute;vidas a respeito.<\/div>\n<div>\n\t&nbsp;<\/div>\n<div>\n\tDe acordo com a organiza&ccedil;&atilde;o da corrida, ainda existe uma negocia&ccedil;&atilde;o com a F1. Entretanto, o posicionamento do promotor do GP de Singapura &eacute; claro: &ldquo;N&atilde;o &eacute; fact&iacute;vel uma corrida com port&otilde;es fechados&rdquo;.<\/div>\n<div>\n\t&nbsp;<\/div>\n<div>\n\t&ldquo;O calend&aacute;rio para a temporada 2020 ainda est&aacute; sendo fechado, e o GP de Singapura mant&eacute;m um di&aacute;logo aberto com a F1, o governo de Singapura e nossos acionistas durante este tempo para explorar as diferentes possibilidades&rdquo;, sinalizou a organiza&ccedil;&atilde;o do evento ao jornal local &lsquo;The Straits Times&rsquo;.<\/p>\n<div class=\"imagem-noticia\">\n\t\t<img decoding=\"async\" src=\"https:\/\/www.grandepremio.com\/br\/wp-content\/uploads\/2020\/05\/20199221532423_Ferrari_CharlesLeclerc_48_II.jpg\" title=\"Charles Leclerc (Foto: Ferrari)\" \/><\/div>\n<div class=\"legenda-imagem\">\n\t\t#iconeimagem O GP de Singapura corre risco de n&atilde;o ser realizado em 2020 (Foto: Ferrari)<\/div>\n<\/div>\n<div>\n\tO evento, ainda n&atilde;o oficialmente cancelado do calend&aacute;rio original, est&aacute; marcado para 20 de setembro. O GP de Singapura lembra que &eacute; preciso de um per&iacute;odo de pelo menos tr&ecirc;s meses para montar toda a estrutura que envolve o circuito e as instala&ccedil;&otilde;es para receber uma etapa do Mundial de F1.<\/div>\n<div>\n\t&nbsp;<\/div>\n<div>\n\t&ldquo;O GP de Singapura tamb&eacute;m est&aacute; trabalhando pr&oacute;ximo &agrave; Assembleia de Turismo de Singapura e as muitas ag&ecirc;ncias do governo para estabelecer o tempo que precisamos para montar o circuito. Um circuito urbano requer uma infraestrutura tempor&aacute;ria consider&aacute;vel e tempo suficiente para completar a constru&ccedil;&atilde;o de todas as instala&ccedil;&otilde;es&rdquo;, disse a assessoria de imprensa da prova.<\/div>\n<div>\n\t&nbsp;<\/div>\n<div>\n\t&ldquo;O trabalho normalmente leva tr&ecirc;s meses para ser completado, e isso vai ser afetado em raz&atilde;o das atividades que est&atilde;o permitidas agora diante da norma determinada pelo governo. Nossa prioridade &eacute; a seguran&ccedil;a e o bem-estar dos nossos f&atilde;s, trabalhadores e cidad&atilde;os&rdquo;, concluiu.<\/div>\n<div class=\"embed-responsive embed-responsive-16by9\">\n\t<\/div>\n<p><\/p>\n<table bgcolor=\"#add8e6<\/p>\n<p>&#8221; border=&#8221;1&#8243; cellpadding=&#8221;1&#8243; cellspacing=&#8221;1&#8243; style=&#8221;width: 100%&#8221;><\/p>\n<tbody>\n<tr>\n<td>\n\t\t\t\t<span style=\"color:#000000\"><span style=\"font-size:18px\"><strong>Paddockast #61<br \/>\n\t\t\t\tVETTEL: ACERTOS, ERROS E&#8230; AZAR NA FERRARI<\/strong><\/span><\/span><br \/>\n\t\t\t\t<br \/>\n\t\t\t\tOu&ccedil;a: <a href=\"http:\/\/open.spotify.com\/show\/5OBbp8MzxQymoyneX4IviF?si=gYqPr53GSaa-AcxFpOzJHg\">Spotify<\/a> | <a href=\"http:\/\/podcasts.apple.com\/br\/podcast\/paddockast\/id1371540198\">iTunes<\/a> | <a href=\"http:\/\/www.subscribeonandroid.com\/www.central3.com.br\/category\/podcasts\/paddockast\/feed\/podcast\/\">Android<\/a> | <a href=\"http:\/\/player.fm\/series\/paddockast\">playerFM<\/a><\/td>\n<\/tr>\n<\/tbody>\n<\/table>\n<p><\/p>\n<table bgcolor=\"#E6E6E6\" border=\"0\" cellpadding=\"1\" cellspacing=\"1\" style=\"width: 100%\">\n<tbody>\n<tr>\n<td>\n<div>\n\t\t\t\t\t<b><span style=\"color:#FF0040\">Apoie o <strong> GRANDE PR&Ecirc;MIO<\/strong><\/span><\/b><span style=\"color:#FF0040\">: garanta o futuro do nosso jornalismo <\/span><br \/>\n\t\t\t\t\t<br \/>\n\t\t\t\t\tO<strong> GRANDE PR&Ecirc;MIO <\/strong>&eacute; a maior m&iacute;dia digital de esporte a motor do Brasil, na Am&eacute;rica Latina e em L&iacute;ngua Portuguesa, editorialmente independente. Nossa grande equipe produz conte&uacute;do di&aacute;rio e pensa em inova&ccedil;&otilde;es constantemente, e n&atilde;o s&oacute; na internet: uma das nossas atua&ccedil;&otilde;es est&aacute; na realiza&ccedil;&atilde;o de eventos, como a Copa GP de Kart. Assim, seu apoio &eacute; sempre importante.<br \/>\n\t\t\t\t\t<br \/>\n\t\t\t\t\t<a href=\"https:\/\/grandepremium.grandepremio.com\/br\/assine\" target=\"_blank\" rel=\"noopener noreferrer\">Assine o GRANDE PREMIUM<\/a>: veja os planos e o que oferecem, tenha &agrave; disposi&ccedil;&atilde;o uma s&eacute;rie de benef&iacute;cios e exper&ecirc;ncias exclusivas, e fa&ccedil;a parte de um grupo especial, a Scuderia GP, com debate em alto n&iacute;vel.<\/div>\n<\/td>\n<\/tr>\n<\/tbody>\n<\/table>\n<p><\/p>\n","protected":false},"excerpt":{"rendered":"<p>O GP de Singapura, originalmente parte do calend&aacute;rio da F1, n&atilde;o integra os &uacute;ltimos estudos feitos para uma revis&atilde;o do cronograma tra&ccedil;ado para a temporada 2020. A corrida noturna segue em xeque e, de acordo com a organiza&ccedil;&atilde;o da prova, s&oacute; vai ser realizada se o p&uacute;blico tiver acesso<\/p>\n","protected":false},"author":0,"featured_media":0,"comment_status":"closed","ping_status":"closed","sticky":false,"template":"","format":"standard","meta":{"42wp_featured_image_caption":"","42wp_featured_image_credits":"","42wp_featured_video":"","42wp_featured_image_hidden":false,"42wp_authors_list":[],"footnotes":""},"categories":[2],"tags":[147,118,1397,219,3395,3073,220],"42wp_author":[47109],"class_list":["post-130360","post","type-post","status-publish","format-standard","hentry","category-f1","tag-f1","tag-f1-2020","tag-gp-de-singapura","tag-grande-prmio","tag-marina-bay","tag-singapura","tag-warm-up","42wp_author-redacao-gp"],"_links":{"self":[{"href":"https:\/\/grandepremio.com\/br\/wp-json\/wp\/v2\/posts\/130360","targetHints":{"allow":["GET"]}}],"collection":[{"href":"https:\/\/grandepremio.com\/br\/wp-json\/wp\/v2\/posts"}],"about":[{"href":"https:\/\/grandepremio.com\/br\/wp-json\/wp\/v2\/types\/post"}],"replies":[{"embeddable":true,"href":"https:\/\/grandepremio.com\/br\/wp-json\/wp\/v2\/comments?post=130360"}],"version-history":[{"count":0,"href":"https:\/\/grandepremio.com\/br\/wp-json\/wp\/v2\/posts\/130360\/revisions"}],"wp:attachment":[{"href":"https:\/\/grandepremio.com\/br\/wp-json\/wp\/v2\/media?parent=130360"}],"wp:term":[{"taxonomy":"category","embeddable":true,"href":"https:\/\/grandepremio.com\/br\/wp-json\/wp\/v2\/categories?post=130360"},{"taxonomy":"post_tag","embeddable":true,"href":"https:\/\/grandepremio.com\/br\/wp-json\/wp\/v2\/tags?post=130360"},{"taxonomy":"42wp_author","embeddable":true,"href":"https:\/\/grandepremio.com\/br\/wp-json\/wp\/v2\/42wp_author?post=130360"}],"curies":[{"name":"wp","href":"https:\/\/api.w.org\/{rel}","templated":true}]}}