{"id":130472,"date":"2020-05-08T10:00:00","date_gmt":"2020-05-08T13:00:00","guid":{"rendered":"https:\/\/grandepremio.com\/br\/noticias\/gp-as-10-que-pistas-estao-fora-e-tem-de-ser-colocadas-no-calendario-da-f1-1\/"},"modified":"2020-05-19T14:47:28","modified_gmt":"2020-05-19T17:47:28","slug":"gp-as-10-que-pistas-estao-fora-e-tem-de-ser-colocadas-no-calendario-da-f1-1","status":"publish","type":"post","link":"https:\/\/grandepremio.com\/br\/f1\/gp-as-10-que-pistas-estao-fora-e-tem-de-ser-colocadas-no-calendario-da-f1-1\/","title":{"rendered":"GP \u00e0s 10: Que pistas est\u00e3o fora e t\u00eam de ser colocadas no calend\u00e1rio da F1?"},"content":{"rendered":"\n<div class=\"embed-responsive embed-responsive-16by9\">\n\t<\/div>\n<div>\n\tNo GP &agrave;s 10 desta sexta-feira (8), Victor Martins elege cinco circuitos &mdash; e coloca asterisco em outros dois &mdash; que a F&oacute;rmula 1 poderia incluir no calend&aacute;rio, independente ou n&atilde;o do momento p&oacute;s-pandemia do coronav&iacute;rus. O chefe da categoria, Ross Brawn, admitiu que estuda a possibilidade de correr em pra&ccedil;as que n&atilde;o estavam programadas para o Mundial deste ano.<\/div>\n<p>\n<span style=\"font-family: roboto, sans-serif;font-size: 20px\">Aproveite e siga o canal do&nbsp;<\/span><span style=\"font-weight: 700;font-family: roboto, sans-serif;font-size: 20px\">GRANDE PR&Ecirc;MIO<\/span><span style=\"font-family: roboto, sans-serif;font-size: 20px\">&nbsp;no&nbsp;<\/span><strong><a href=\"https:\/\/www.dailymotion.com\/GrandePremio\" style=\"font-family: roboto, sans-serif;font-size: 20px\"><span style=\"color:#ff0000\">DailyMotion<\/span><\/a><\/strong><span style=\"font-family: roboto, sans-serif;font-size: 20px\">.<\/span><br \/><\/p>\n<table bgcolor=\"#E6E6E6\" border=\"0\" cellpadding=\"1\" cellspacing=\"1\" style=\"width: 100%\">\n<tbody>\n<tr>\n<td>\n<div>\n\t\t\t\t\t<b><span style=\"color:#FF0040\">Apoie o <strong> GRANDE PR&Ecirc;MIO<\/strong><\/span><\/b><span style=\"color:#FF0040\">: garanta o futuro do nosso jornalismo <\/span><br \/>\n\t\t\t\t\t<br \/>\n\t\t\t\t\tO<strong> GRANDE PR&Ecirc;MIO <\/strong>&eacute; a maior m&iacute;dia digital de esporte a motor do Brasil, na Am&eacute;rica Latina e em L&iacute;ngua Portuguesa, editorialmente independente. Nossa grande equipe produz conte&uacute;do di&aacute;rio e pensa em inova&ccedil;&otilde;es constantemente, e n&atilde;o s&oacute; na internet: uma das nossas atua&ccedil;&otilde;es est&aacute; na realiza&ccedil;&atilde;o de eventos, como a Copa GP de Kart. Assim, seu apoio &eacute; sempre importante.<br \/>\n\t\t\t\t\t<br \/>\n\t\t\t\t\t<a href=\"https:\/\/grandepremium.grandepremio.com\/br\/assine\" target=\"_blank\" rel=\"noopener noreferrer\">Assine o GRANDE PREMIUM<\/a>: veja os planos e o que oferecem, tenha &agrave; disposi&ccedil;&atilde;o uma s&eacute;rie de benef&iacute;cios e exper&ecirc;ncias exclusivas, e fa&ccedil;a parte de um grupo especial, a Scuderia GP, com debate em alto n&iacute;vel.<\/div>\n<\/td>\n<\/tr>\n<\/tbody>\n<\/table>\n<p><\/p>\n","protected":false},"excerpt":{"rendered":"<p>Na edi&ccedil;&atilde;o desta sexta-feira (8) do GP &agrave;s 10, Victor Martins sugere pistas que poderiam ser colocadas no calend&aacute;rio da F&oacute;rmula 1 independente ou n&atilde;o do momento p&oacute;s-pandemia do coronav&iacute;rus<\/p>\n","protected":false},"author":0,"featured_media":0,"comment_status":"closed","ping_status":"closed","sticky":false,"template":"","format":"standard","meta":{"42wp_featured_image_caption":"","42wp_featured_image_credits":"","42wp_featured_video":"","42wp_featured_image_hidden":false,"42wp_authors_list":[],"footnotes":""},"categories":[2],"tags":[147,118,123,22915,1738,3799,370,486],"42wp_author":[47109],"class_list":["post-130472","post","type-post","status-publish","format-standard","hentry","category-f1","tag-f1","tag-f1-2020","tag-gp-s-10","tag-istambul-park","tag-kyalami","tag-nurburgring","tag-sepang","tag-victor-martins","42wp_author-redacao-gp"],"_links":{"self":[{"href":"https:\/\/grandepremio.com\/br\/wp-json\/wp\/v2\/posts\/130472","targetHints":{"allow":["GET"]}}],"collection":[{"href":"https:\/\/grandepremio.com\/br\/wp-json\/wp\/v2\/posts"}],"about":[{"href":"https:\/\/grandepremio.com\/br\/wp-json\/wp\/v2\/types\/post"}],"replies":[{"embeddable":true,"href":"https:\/\/grandepremio.com\/br\/wp-json\/wp\/v2\/comments?post=130472"}],"version-history":[{"count":0,"href":"https:\/\/grandepremio.com\/br\/wp-json\/wp\/v2\/posts\/130472\/revisions"}],"wp:attachment":[{"href":"https:\/\/grandepremio.com\/br\/wp-json\/wp\/v2\/media?parent=130472"}],"wp:term":[{"taxonomy":"category","embeddable":true,"href":"https:\/\/grandepremio.com\/br\/wp-json\/wp\/v2\/categories?post=130472"},{"taxonomy":"post_tag","embeddable":true,"href":"https:\/\/grandepremio.com\/br\/wp-json\/wp\/v2\/tags?post=130472"},{"taxonomy":"42wp_author","embeddable":true,"href":"https:\/\/grandepremio.com\/br\/wp-json\/wp\/v2\/42wp_author?post=130472"}],"curies":[{"name":"wp","href":"https:\/\/api.w.org\/{rel}","templated":true}]}}