{"id":130583,"date":"2020-05-01T11:49:00","date_gmt":"2020-05-01T14:49:00","guid":{"rendered":"https:\/\/grandepremio.com\/br\/noticias\/extreme-e-promove-igualdade-de-genero-e-traz-grid-com-homens-e-mulheres-para-1-temporada\/"},"modified":"2020-05-19T15:10:02","modified_gmt":"2020-05-19T18:10:02","slug":"extreme-e-promove-igualdade-de-genero-e-traz-grid-com-homens-e-mulheres-para-1-temporada","status":"publish","type":"post","link":"https:\/\/grandepremio.com\/br\/formula-e\/extreme-e-promove-igualdade-de-genero-e-traz-grid-com-homens-e-mulheres-para-1-temporada\/","title":{"rendered":"Extreme E promove igualdade de g\u00eanero e traz grid com homens e mulheres para 1\u00aa temporada"},"content":{"rendered":"\n<div>\n\tA Extreme E vai promover grande inova&ccedil;&atilde;o em sua estreia. Na temporada inaugural, a categoria el&eacute;trica vai contar com grid misto, promovendo a igualdade de g&ecirc;nero no automobilismo.<br \/>\n\t<br \/>\n\tO debute est&aacute; previsto para 2021, com as equipes escalando um homem e uma mulher por carro. Nas corridas, ser&atilde;o duas voltas com sistema de piloto e copiloto, com os pilotos trocando de lugares ap&oacute;s um giro.<br \/>\n\t&nbsp;<\/div>\n<div>\n\tTodos os times ter&atilde;o o mesmo equipamento, com o diferencial sendo apenas os competidores e estrat&eacute;gias.<br \/>\n\t&nbsp;<\/div>\n<div>\n\t&ldquo;Isso &eacute; novidade no automobilismo. Garantiram com nosso formato esportivo que pilotos de todas as origens v&atilde;o ser capazes de competir com as mesmas ferramentas a sua disposi&ccedil;&atilde;o em cada etapa do calend&aacute;rio&rdquo;, falou Alejandro Agag, fundados da Extreme E.<br \/>\n\t&nbsp;<\/div>\n<div>\n\t&ldquo;Estamos lutando pela igualdade, e esse formato esportivo &eacute; o verdadeiro reflexo desse objetivo. Todos v&atilde;o correr juntos e a melhor combina&ccedil;&atilde;o de pilotos, equipes, engenheiros e carro vai chegar no topo&rdquo;, seguiu.<\/p>\n<div class=\"imagem-noticia\">\n\t\t<img decoding=\"async\" src=\"https:\/\/www.grandepremio.com\/br\/wp-content\/uploads\/2020\/05\/20199121024555_EXTREME-E_II.jpg\" title=\"Extreme E come\u00e7a em 2021 (Foto: Divulga\u00e7\u00e3o\/Extreme E)\" \/><\/div>\n<div class=\"legenda-imagem\">\n\t\t#iconeimagem Extreme E promove igualdade de g&ecirc;nero (Foto: Divulga&ccedil;&atilde;o\/Extreme E)<\/div>\n<\/div>\n<div>\n\tMich&egrave;le Mouton, presidente da Comiss&atilde;o de Mulheres no Automobilismo da FIA, afirmou que &ldquo;essa &eacute; uma grande oportunidade para mulheres e homens se juntarem, competirem juntos e brigar uns contra os outros com o mesmo material.&rdquo;<br \/>\n\t&nbsp;<\/div>\n<div>\n\t&ldquo;Alejandro e sua equipe continuam a realmente apoiar a igualdade de g&ecirc;nero em nosso esporte com a&ccedil;&otilde;es concretas que v&atilde;o ajudar a mostrar a habilidades de pilotas e ajudar a promov&ecirc;-las. Vai ser interessante ver as equipes se formando e estou ansiosa para acompanhar a primeira temporada&rdquo;, pontuou.<br \/>\n\t&nbsp;<\/div>\n<div>\n\tKatherine Legge &eacute; um dos nomes confirmados para o programa da Extreme E. Ainda, foi a primeira mulher a disputar na F&oacute;rmula E e tamb&eacute;m tem passagens pela Indy e SportsCar. &ldquo;Ouvir o formato foi como acordar na manh&atilde; de Natal&rdquo;, disse.<br \/>\n\t&nbsp;<\/div>\n<div>\n\t&ldquo;&Eacute; um enorme passo na dire&ccedil;&atilde;o certa para o esporte a motor no geral. Esperei por algo assim por toda minha carreira. Formula E e agora Extreme E est&aacute; sempre &agrave; frente em quebrar barreiras na tecnologia, sustentabilidade e mudan&ccedil;as de clima, e agora a Extreme E vai desafiar as percep&ccedil;&otilde;es com igualdade de g&ecirc;nero tamb&eacute;m&rdquo;, concluiu.<br \/>\n\t&nbsp;<\/div>\n<div>\n\tO objetivo da categoria &eacute; destacar o impacto das mudan&ccedil;as clim&aacute;ticas em lugares remotos. Com isso, vai disputar etapas em lugares como Brasil, Greeland, &Aacute;frica, entre outros. O formato do campeonato e corridas est&atilde;o passando pelos &uacute;ltimos ajustes antes de serem divulgados.<\/div>\n<div>\n\t&nbsp;<\/div>\n<div class=\"embed-responsive embed-responsive-16by9\">\n\t<\/div>\n<p><\/p>\n<table bgcolor=\"#ADD8E6<br \/>\n&#8221; border=&#8221;1&#8243; cellpadding=&#8221;1&#8243; cellspacing=&#8221;1&#8243; style=&#8221;width: 100%&#8221;><br \/>\n<tbody>\n<tr>\n<td>\n\t\t\t\t<span style=\"color:#000000\"><span style=\"font-size:18px\"><strong>Paddockast #58<br \/>\n\t\t\t\tCOMO SERIA O GRID DA F1 SEM PILOTOS DA F1?<\/strong><\/span><\/span><br \/>\n\t\t\t\t<br \/>\n\t\t\t\tOu&ccedil;a: <a href=\"http:\/\/open.spotify.com\/show\/5OBbp8MzxQymoyneX4IviF?si=gYqPr53GSaa-AcxFpOzJHg\">Spotify<\/a> | <a href=\"http:\/\/podcasts.apple.com\/br\/podcast\/paddockast\/id1371540198\">iTunes<\/a> | <a href=\"http:\/\/www.subscribeonandroid.com\/www.central3.com.br\/category\/podcasts\/paddockast\/feed\/podcast\/\">Android<\/a> | <a href=\"http:\/\/player.fm\/series\/paddockast\">playerFM<\/a><\/td>\n<\/tr>\n<\/tbody>\n<\/table>\n<div>\n\t<\/p>\n<table bgcolor=\"#E6E6E6\" border=\"0\" cellpadding=\"1\" cellspacing=\"1\" style=\"width: 100%\">\n<tbody>\n<tr>\n<td>\n<div>\n\t\t\t\t\t\t<b><span style=\"color:#FF0040\">Apoie o <strong> GRANDE PR&Ecirc;MIO<\/strong><\/span><\/b><span style=\"color:#FF0040\">: garanta o futuro do nosso jornalismo <\/span><br \/>\n\t\t\t\t\t\t<br \/>\n\t\t\t\t\t\tO<strong> GRANDE PR&Ecirc;MIO <\/strong>&eacute; a maior m&iacute;dia digital de esporte a motor do Brasil, na Am&eacute;rica Latina e em L&iacute;ngua Portuguesa, editorialmente independente. Nossa grande equipe produz conte&uacute;do di&aacute;rio e pensa em inova&ccedil;&otilde;es constantemente, e n&atilde;o s&oacute; na internet: uma das nossas atua&ccedil;&otilde;es est&aacute; na realiza&ccedil;&atilde;o de eventos, como a Copa GP de Kart. Assim, seu apoio &eacute; sempre importante.<br \/>\n\t\t\t\t\t\t<br \/>\n\t\t\t\t\t\t<a href=\"https:\/\/grandepremium.grandepremio.com\/br\/assine\" target=\"_blank\" rel=\"noopener noreferrer\">Assine o GRANDE PREMIUM<\/a>: veja os planos e o que oferecem, tenha &agrave; disposi&ccedil;&atilde;o uma s&eacute;rie de benef&iacute;cios e experi&ecirc;ncias exclusivas, e fa&ccedil;a parte de um grupo especial, a Scuderia GP, com debate em alto n&iacute;vel.<\/div>\n<\/td>\n<\/tr>\n<\/tbody>\n<\/table>\n<\/div>\n<p><\/p>\n","protected":false},"excerpt":{"rendered":"<p>Categoria el&eacute;trica chefiada pro Alejandro Agag vai contar com equipes que ter&atilde;o pilotos e pilotas dividindo carro. Corridas ser&atilde;o no formato de piloto e copiloto e ter&atilde;o troca de papeis durante a disputa<\/p>\n","protected":false},"author":0,"featured_media":0,"comment_status":"closed","ping_status":"closed","sticky":false,"template":"","format":"standard","meta":{"42wp_featured_image_caption":"","42wp_featured_image_credits":"","42wp_featured_video":"","42wp_featured_image_hidden":false,"42wp_authors_list":[],"footnotes":""},"categories":[19],"tags":[386,24893,1405,377,646,379,195,1799],"42wp_author":[47109],"class_list":["post-130583","post","type-post","status-publish","format-standard","hentry","category-formula-e","tag-alejandro-agag","tag-calendario","tag-extreme-e","tag-frmula-e","tag-frmula-e-2020","tag-fe","tag-fe-2020","tag-katherine-legge","42wp_author-redacao-gp"],"_links":{"self":[{"href":"https:\/\/grandepremio.com\/br\/wp-json\/wp\/v2\/posts\/130583","targetHints":{"allow":["GET"]}}],"collection":[{"href":"https:\/\/grandepremio.com\/br\/wp-json\/wp\/v2\/posts"}],"about":[{"href":"https:\/\/grandepremio.com\/br\/wp-json\/wp\/v2\/types\/post"}],"replies":[{"embeddable":true,"href":"https:\/\/grandepremio.com\/br\/wp-json\/wp\/v2\/comments?post=130583"}],"version-history":[{"count":0,"href":"https:\/\/grandepremio.com\/br\/wp-json\/wp\/v2\/posts\/130583\/revisions"}],"wp:attachment":[{"href":"https:\/\/grandepremio.com\/br\/wp-json\/wp\/v2\/media?parent=130583"}],"wp:term":[{"taxonomy":"category","embeddable":true,"href":"https:\/\/grandepremio.com\/br\/wp-json\/wp\/v2\/categories?post=130583"},{"taxonomy":"post_tag","embeddable":true,"href":"https:\/\/grandepremio.com\/br\/wp-json\/wp\/v2\/tags?post=130583"},{"taxonomy":"42wp_author","embeddable":true,"href":"https:\/\/grandepremio.com\/br\/wp-json\/wp\/v2\/42wp_author?post=130583"}],"curies":[{"name":"wp","href":"https:\/\/api.w.org\/{rel}","templated":true}]}}