{"id":130602,"date":"2020-04-29T15:02:00","date_gmt":"2020-04-29T18:02:00","guid":{"rendered":"https:\/\/grandepremio.com\/br\/noticias\/mclaren-afirma-que-f1-nao-pode-queimar-testes-do-coronavirus-so-para-correr\/"},"modified":"2020-05-19T15:14:29","modified_gmt":"2020-05-19T18:14:29","slug":"mclaren-afirma-que-f1-nao-pode-queimar-testes-do-coronavirus-so-para-correr","status":"publish","type":"post","link":"https:\/\/grandepremio.com\/br\/f1\/mclaren-afirma-que-f1-nao-pode-queimar-testes-do-coronavirus-so-para-correr\/","title":{"rendered":"McLaren afirma que F1 n\u00e3o pode &#8220;queimar&#8221; testes do coronav\u00edrus &#8220;s\u00f3 para correr&#8221;"},"content":{"rendered":"\n<div class=\"embed-responsive embed-responsive-16by9\">\n\t<br \/>\n\t&nbsp;<\/div>\n<div>\n\tA <strong><a href=\"https:\/\/grandepremio.com\/br\/f1\"><span style=\"color:#ff0000\">F&oacute;rmula 1<\/span><\/a><\/strong> mira <strong><a href=\"https:\/\/grandepremio.com\/br\/f1\/noticias\/chefe-da-f1-planeja-iniciar-temporada-de-ate-18-gps-no-comeco-de-julho\"><span style=\"color:#ff0000\">um retorno &agrave;s atividades oficiais no come&ccedil;o de julho, na &Aacute;ustria<\/span><\/a><\/strong>, mas a situa&ccedil;&atilde;o ainda n&atilde;o tem defini&ccedil;&otilde;es claras. E, segundo o chefe da McLaren, <strong><a href=\"https:\/\/grandepremio.com\/br\/busca?s=Andreas%20Seidl\"><span style=\"color:#ff0000\">Andreas Seidl<\/span><\/a><\/strong>, &eacute; necess&aacute;rio que a categoria tome muito cuidado. E n&atilde;o apenas com os membros da organiza&ccedil;&atilde;o e das equipes, mas tamb&eacute;m com a situa&ccedil;&atilde;o social ao redor do muito. &Eacute; fundamental que a F1 n&atilde;o tire testes do novo coronav&iacute;rus de pessoas com problemas s&eacute;rios de sa&uacute;de.&nbsp;<\/div>\n<div>\n\t&nbsp;<\/div>\n<div>\n\tSeidl destacou que o retorno precisa ser com a certeza de que todo o pessoal envolvido na F1 est&aacute; resguardado e que n&atilde;o faltar&aacute; material sanit&aacute;rio e de testagem. Entretanto, isso n&atilde;o pode acontecer enquanto a pandemia seguir em n&iacute;veis extremos mundo afora, porque significaria que o Mundial desfalcou organiza&ccedil;&otilde;es de sa&uacute;de importantes.<\/div>\n<div>\n\t&nbsp;<\/div>\n<div>\n\t&quot;O que eu acho que importante &eacute; a aprova&ccedil;&atilde;o da opini&atilde;o p&uacute;blica sobre o retorno dos eventos. &Eacute; importante que voltemos a correr apenas quando tivermos certeza com rela&ccedil;&atilde;o aos equipamentos que podem nos proteger e quando pudermos garantir a quantidade de testes necess&aacute;ria para testar a todos&quot;, afirmou &agrave; revista inglesa &#039;Autosport&#039;.<\/div>\n<div>\n\t&nbsp;<\/div>\n<div>\n\t&quot;E precisamos ter certeza de que [os testes] estejam dispon&iacute;veis para pessoas que realmente precisam, que n&oacute;s n&atilde;o seremos um pessoal queimando testes e materiais de prote&ccedil;&atilde;o s&oacute; para poder correr&quot;, seguiu.<\/div>\n<div>\n<div class=\"imagem-noticia\">\n\t\t<img decoding=\"async\" src=\"https:\/\/www.grandepremio.com\/br\/wp-content\/uploads\/2020\/04\/2020228133958_mclaren-sainz-05_II.jpg\" title=\"Carlos Sainz (Foto: McLaren)\" \/><\/div>\n<div class=\"legenda-imagem\">\n\t\t#iconeimagem Carlos Sainz (Foto: McLaren)<\/div>\n<\/div>\n<div>\n\t&quot;Creio que h&aacute; um grande desejo das pessoas, do p&uacute;blico, dos f&atilde;s, que especialmente nestes per&iacute;odos de isolamento que eventos esportivos aconte&ccedil;am novamente, ainda que seja somente na TV. Mas &eacute; claro que temos muitos aspectos a considerar&quot;, continuou.&nbsp;&nbsp;<\/div>\n<div>\n\t&nbsp;<\/div>\n<div>\n\tAl&eacute;m da quest&atilde;o sanit&aacute;ria, h&aacute; um outro ponto: a abertura das fronteiras mundo afora. Para que a F1 aconte&ccedil;a &eacute; fundamental que os pa&iacute;ses permitam o tr&aacute;fego de pessoas.<\/div>\n<div>\n\t&nbsp;<\/div>\n<div>\n\t&quot;Como sempre, o mais importante &eacute; proteger nosso pessoal. Definitivamente n&atilde;o podemos voltar a correr at&eacute; que saibamos que, com certeza, nosso pessoal est&aacute; em seguran&ccedil;a. A&iacute;, depois disso, depender&aacute; simplesmente das diretrizes de nossos pa&iacute;ses, em primeiro lugar, e depois das regras para viagens. Precisamos que poderemos viajar para fora e depois voltar aos nossos pa&iacute;ses. Temos de esperar para diferentes pa&iacute;ses decidirem se as corridas devem acontecer&quot;, apontou.<\/div>\n<div>\n\t&nbsp;<\/div>\n<div>\n\t&quot;&Eacute; necess&aacute;rio esperar a decis&atilde;o dos promotores, especialmente com as mudan&ccedil;as de datas para v&aacute;rias corridas. Os promotores precisam estar dispostos e tudo precisa fazer sentido do ponto de vista comercial para eles&quot;, encerrou.&nbsp;<\/div>\n<div>\n\t&nbsp;<\/div>\n<div>\n\tA McLaren de Seidl foi a primeira equipe <a href=\"https:\/\/grandepremio.com\/br\/f1\/noticias\/com-funcionario-infectado-por-coronavirus-mclaren-decide-nao-correr-na-australia\"><strong><span style=\"color:#ff0000\">a abandonar o GP da Austr&aacute;lia<\/span><\/strong><\/a>, em mar&ccedil;o, quando um membro do time testou positivo para o coronav&iacute;rus.&nbsp;<\/div>\n<p><\/p>\n<div class=\"embed-responsive embed-responsive-16by9\">\n\t<\/div>\n<p><\/p>\n<table bgcolor=\"#ADD8E6<br \/>\n&#8221; border=&#8221;1&#8243; cellpadding=&#8221;1&#8243; cellspacing=&#8221;1&#8243; style=&#8221;width: 100%&#8221;><br \/>\n<tbody>\n<tr>\n<td>\n\t\t\t\t<span style=\"color:#000000\"><span style=\"font-size:18px\"><strong>Paddockast #58<br \/>\n\t\t\t\tCOMO SERIA O GRID DA F1 SEM PILOTOS DA F1?<\/strong><\/span><\/span><br \/>\n\t\t\t\t<br \/>\n\t\t\t\tOu&ccedil;a: <a href=\"http:\/\/open.spotify.com\/show\/5OBbp8MzxQymoyneX4IviF?si=gYqPr53GSaa-AcxFpOzJHg\">Spotify<\/a> | <a href=\"http:\/\/podcasts.apple.com\/br\/podcast\/paddockast\/id1371540198\">iTunes<\/a> | <a href=\"http:\/\/www.subscribeonandroid.com\/www.central3.com.br\/category\/podcasts\/paddockast\/feed\/podcast\/\">Android<\/a> | <a href=\"http:\/\/player.fm\/series\/paddockast\">playerFM<\/a><\/td>\n<\/tr>\n<\/tbody>\n<\/table>\n<p><\/p>\n<table bgcolor=\"#E6E6E6\" border=\"0\" cellpadding=\"1\" cellspacing=\"1\" style=\"width: 100%\">\n<tbody>\n<tr>\n<td>\n<div>\n\t\t\t\t\t<b><span style=\"color:#FF0040\">Apoie o <strong> GRANDE PR&Ecirc;MIO<\/strong><\/span><\/b><span style=\"color:#FF0040\">: garanta o futuro do nosso jornalismo <\/span><br \/>\n\t\t\t\t\t<br \/>\n\t\t\t\t\tO<strong> GRANDE PR&Ecirc;MIO <\/strong>&eacute; a maior m&iacute;dia digital de esporte a motor do Brasil, na Am&eacute;rica Latina e em L&iacute;ngua Portuguesa, editorialmente independente. Nossa grande equipe produz conte&uacute;do di&aacute;rio e pensa em inova&ccedil;&otilde;es constantemente, e n&atilde;o s&oacute; na internet: uma das nossas atua&ccedil;&otilde;es est&aacute; na realiza&ccedil;&atilde;o de eventos, como a Copa GP de Kart. Assim, seu apoio &eacute; sempre importante.<br \/>\n\t\t\t\t\t<br \/>\n\t\t\t\t\t<a href=\"https:\/\/grandepremium.grandepremio.com\/br\/assine\" target=\"_blank\" rel=\"noopener noreferrer\">Assine o GRANDE PREMIUM<\/a>: veja os planos e o que oferecem, tenha &agrave; disposi&ccedil;&atilde;o uma s&eacute;rie de benef&iacute;cios e exper&ecirc;ncias exclusivas, e fa&ccedil;a parte de um grupo especial, a Scuderia GP, com debate em alto n&iacute;vel.<\/div>\n<\/td>\n<\/tr>\n<\/tbody>\n<\/table>\n<p><\/p>\n","protected":false},"excerpt":{"rendered":"<p>O chefe da McLaren, Andreas Seidl, mostrou preocupa&ccedil;&atilde;o social ao afirmar que a F&oacute;rmula 1 n&atilde;o pode voltar &agrave;s pistas, algo que vai requerer bastante testagem dos envolvidos, num momento em que testes ainda far&atilde;o tanta falta<\/p>\n","protected":false},"author":0,"featured_media":0,"comment_status":"closed","ping_status":"closed","sticky":false,"template":"","format":"standard","meta":{"42wp_featured_image_caption":"","42wp_featured_image_credits":"","42wp_featured_video":"","42wp_featured_image_hidden":false,"42wp_authors_list":[],"footnotes":""},"categories":[2],"tags":[545,118,157,159,158,90],"42wp_author":[47109],"class_list":["post-130602","post","type-post","status-publish","format-standard","hentry","category-f1","tag-andreas-seidl","tag-f1-2020","tag-formula-1-2020","tag-horarios-da-f1","tag-horarios-da-formula-1","tag-mclaren","42wp_author-redacao-gp"],"_links":{"self":[{"href":"https:\/\/grandepremio.com\/br\/wp-json\/wp\/v2\/posts\/130602","targetHints":{"allow":["GET"]}}],"collection":[{"href":"https:\/\/grandepremio.com\/br\/wp-json\/wp\/v2\/posts"}],"about":[{"href":"https:\/\/grandepremio.com\/br\/wp-json\/wp\/v2\/types\/post"}],"replies":[{"embeddable":true,"href":"https:\/\/grandepremio.com\/br\/wp-json\/wp\/v2\/comments?post=130602"}],"version-history":[{"count":0,"href":"https:\/\/grandepremio.com\/br\/wp-json\/wp\/v2\/posts\/130602\/revisions"}],"wp:attachment":[{"href":"https:\/\/grandepremio.com\/br\/wp-json\/wp\/v2\/media?parent=130602"}],"wp:term":[{"taxonomy":"category","embeddable":true,"href":"https:\/\/grandepremio.com\/br\/wp-json\/wp\/v2\/categories?post=130602"},{"taxonomy":"post_tag","embeddable":true,"href":"https:\/\/grandepremio.com\/br\/wp-json\/wp\/v2\/tags?post=130602"},{"taxonomy":"42wp_author","embeddable":true,"href":"https:\/\/grandepremio.com\/br\/wp-json\/wp\/v2\/42wp_author?post=130602"}],"curies":[{"name":"wp","href":"https:\/\/api.w.org\/{rel}","templated":true}]}}