{"id":130667,"date":"2020-04-22T16:15:00","date_gmt":"2020-04-22T19:15:00","guid":{"rendered":"https:\/\/grandepremio.com\/br\/noticias\/heidfeld-cita-relacao-dificil-mas-coloca-kubica-como-companheiro-mais-completo\/"},"modified":"2020-05-19T15:40:18","modified_gmt":"2020-05-19T18:40:18","slug":"heidfeld-cita-relacao-dificil-mas-coloca-kubica-como-companheiro-mais-completo","status":"publish","type":"post","link":"https:\/\/grandepremio.com\/br\/f1\/heidfeld-cita-relacao-dificil-mas-coloca-kubica-como-companheiro-mais-completo\/","title":{"rendered":"Heidfeld cita rela\u00e7\u00e3o dif\u00edcil, mas coloca Kubica como &#8220;companheiro mais completo&#8221;"},"content":{"rendered":"\n<div>\n\tA BMW teve muito sucesso na <a href=\"https:\/\/www.grandepremio.com\/br\/f1\">F1 <\/a>na parte final da primeira d&eacute;cada dos anos 2000 e boa parte dele se deve aos resultados<a href=\"https:\/\/www.grandepremio.com\/br\/f1\/noticias\/de-volta-para-casa-kubica-reestreia-e-ve-que-dna-da-alfa-romeo-e-o-mesmo\"> de Robert Kubica e Nick Heidfeld<\/a>. Mais de dez anos depois, o alem&atilde;o recordou os tempos de parceria com o polon&ecirc;s e exaltou Kubica como o companheiro de equipe mais completo que j&aacute; teve, <a href=\"https:\/\/www.grandepremio.com\/br\/dtm\/noticias\/kubica-reata-com-bmw-e-estreia-no-dtm-na-temporada-2020\">ainda que a rela&ccedil;&atilde;o entre os dois <\/a>n&atilde;o fosse um mar de rosas.<\/div>\n<div>\n\t&nbsp;<\/div>\n<div>\n\tNa opini&atilde;o de Nick, talvez Kubica n&atilde;o fosse t&atilde;o bom de corrida quanto Kimi R&auml;ikk&ouml;nen, com quem dividiu a Sauber em 2001, ou t&atilde;o competente em classifica&ccedil;&otilde;es quanto Mark Webber, que foi parceiro de Heidfeld na Williams em 2005, mas era quem tinha mais qualidade no geral.<\/div>\n<div>\n\t&nbsp;<\/div>\n<div>\n\t&quot;Ele foi o companheiro que tive por mais tempo na F1 e eu diria que ele foi o mais completo de todos. N&atilde;o era r&aacute;pido como o R&auml;ikk&ouml;nen nas corridas e nem t&atilde;o bom de classifica&ccedil;&atilde;o quanto o Webber, mas, no geral, no pacote completo, ele era o que tinha mais&quot;, disse em participa&ccedil;&atilde;o ao podcast oficial da F1 &#039;Beyond the Grid&#039;.<\/p>\n<div class=\"imagem-noticia\">\n\t\t<img decoding=\"async\" src=\"https:\/\/www.grandepremio.com\/br\/wp-content\/uploads\/2020\/04\/2020251333374_EOZ00MvX0AMoTye_II.jpg\" title=\"Um dos p\u00f3dios conseguidos por Rosberg na Williams (Foto: Reprodu\u00e7\u00e3o)\" \/><\/div>\n<div class=\"legenda-imagem\">\n\t\t#iconeimagem Nick Heidfeld teve bela carreira na F1, com auge na BMW (Foto: Reprodu&ccedil;&atilde;o)<\/div>\n<\/div>\n<div>\n\tMas Heidfeld fez quest&atilde;o de lembrar que o relacionamento n&atilde;o era f&aacute;cil e que Kubica jogava contra o time para a imprensa em diversas situa&ccedil;&otilde;es por se achar deixado de lado.<\/div>\n<div>\n\t&nbsp;<\/div>\n<div>\n\t&quot;O que eu n&atilde;o gostava nele e acho que era algo que o atrapalhava, &eacute; que ele achava que a equipe estava me beneficiando e prejudicando ele porque era um alem&atilde;o em uma equipe alem&atilde;. N&atilde;o gostava disso, ele ficava falando na imprensa e, simplesmente, n&atilde;o era verdade. A equipe n&atilde;o me preferia, n&atilde;o tinha isso&quot;, completou.<br \/>\n\t<\/p>\n<div>\n\t\tA BMW esteve no grid entre 2006 e 2009, mas foi em 2007 e 2008 em que ela brilhou, com um vice no Mundial de Construtores e com Kubica chegando a sonhar com t&iacute;tulo. Em 2009, n&atilde;o acompanhou o novo regulamento, foi atropelada pelo pelot&atilde;o e deixou a F1 ao final da temporada.<\/div>\n<\/div>\n<p><\/p>\n<div class=\"embed-responsive embed-responsive-16by9\">\n\t<\/div>\n<p><\/p>\n<table bgcolor=\"#add8e6<\/p>\n<p>&#8221; border=&#8221;1&#8243; cellpadding=&#8221;1&#8243; cellspacing=&#8221;1&#8243; style=&#8221;width: 100%&#8221;><\/p>\n<tbody>\n<tr>\n<td>\n\t\t\t\t<span style=\"color:#000000\"><span style=\"font-size:18px\"><strong>Paddockast #57<br \/>\n\t\t\t\tMARIANA BECKER e os bastidores da F1<\/strong><\/span><\/span><br \/>\n\t\t\t\t<br \/>\n\t\t\t\tOu&ccedil;a: <a href=\"http:\/\/open.spotify.com\/show\/5OBbp8MzxQymoyneX4IviF?si=gYqPr53GSaa-AcxFpOzJHg\">Spotify<\/a> | <a href=\"http:\/\/podcasts.apple.com\/br\/podcast\/paddockast\/id1371540198\">iTunes<\/a> | <a href=\"http:\/\/www.subscribeonandroid.com\/www.central3.com.br\/category\/podcasts\/paddockast\/feed\/podcast\/\">Android<\/a> | <a href=\"http:\/\/player.fm\/series\/paddockast\">playerFM<\/a><\/td>\n<\/tr>\n<\/tbody>\n<\/table>\n<p><\/p>\n<table bgcolor=\"#98FB98\" border=\"0\" cellpadding=\"1\" cellspacing=\"1\" style=\"width: 100%\">\n<tbody>\n<tr>\n<td>\n<div>\n\t\t\t\t\t<span style=\"color:#000000\"><span style=\"font-size:18px\"><strong>COMO SE PREVENIR DO CORONAV&Iacute;RUS:<\/strong><\/span><\/span><br \/>\n\t\t\t\t\t&nbsp;<\/div>\n<p>\t\t\t\t<strong><span style=\"font-size:18px\">\u261e&nbsp;Lave as m&atilde;os com &aacute;gua e sab&atilde;o ou use &aacute;lcool em gel.<br \/>\n\t\t\t\t\u261e&nbsp;Cubra o nariz e boca ao espirrar ou tossir.<br \/>\n\t\t\t\t\u261e&nbsp;Evite aglomera&ccedil;&otilde;es.<br \/>\n\t\t\t\t\u261e&nbsp;Mantenha os ambientes bem ventilados.<br \/>\n\t\t\t\t\u261e&nbsp;N&atilde;o compartilhe objetos pessoais.<\/span><\/strong><\/td>\n<\/tr>\n<\/tbody>\n<\/table>\n<p><\/p>\n<table bgcolor=\"#E6E6E6\" border=\"0\" cellpadding=\"1\" cellspacing=\"1\" style=\"width: 100%\">\n<tbody>\n<tr>\n<td>\n<div>\n\t\t\t\t\t<b><span style=\"color:#FF0040\">Apoie o <strong> GRANDE PR&Ecirc;MIO<\/strong><\/span><\/b><span style=\"color:#FF0040\">: garanta o futuro do nosso jornalismo <\/span><br \/>\n\t\t\t\t\t<br \/>\n\t\t\t\t\tO<strong> GRANDE PR&Ecirc;MIO <\/strong>&eacute; a maior m&iacute;dia digital de esporte a motor do Brasil, na Am&eacute;rica Latina e em L&iacute;ngua Portuguesa, editorialmente independente. Nossa grande equipe produz conte&uacute;do di&aacute;rio e pensa em inova&ccedil;&otilde;es constantemente, e n&atilde;o s&oacute; na internet: uma das nossas atua&ccedil;&otilde;es est&aacute; na realiza&ccedil;&atilde;o de eventos, como a Copa GP de Kart. Assim, seu apoio &eacute; sempre importante.<br \/>\n\t\t\t\t\t<br \/>\n\t\t\t\t\t<a href=\"https:\/\/grandepremium.grandepremio.com\/br\/assine\" target=\"_blank\" rel=\"noopener noreferrer\">Assine o GRANDE PREMIUM<\/a>: veja os planos e o que oferecem, tenha &agrave; disposi&ccedil;&atilde;o uma s&eacute;rie de benef&iacute;cios e exper&ecirc;ncias exclusivas, e fa&ccedil;a parte de um grupo especial, a Scuderia GP, com debate em alto n&iacute;vel.<\/div>\n<\/td>\n<\/tr>\n<\/tbody>\n<\/table>\n<p><\/p>\n","protected":false},"excerpt":{"rendered":"<p>Ao mesmo tempo em que colocou Robert Kubica como o colega de time mais forte que j&aacute; teve, Nick Heidfeld tamb&eacute;m criticou a forma como o polon&ecirc;s se relacionava com a equipe nos tempos de parceria na BMW<\/p>\n","protected":false},"author":0,"featured_media":0,"comment_status":"closed","ping_status":"closed","sticky":false,"template":"","format":"standard","meta":{"42wp_featured_image_caption":"","42wp_featured_image_credits":"","42wp_featured_video":"","42wp_featured_image_hidden":false,"42wp_authors_list":[],"footnotes":""},"categories":[2],"tags":[707,1564,2913,3225,1094],"42wp_author":[47109],"class_list":["post-130667","post","type-post","status-publish","format-standard","hentry","category-f1","tag-bmw","tag-gp-do-canad","tag-mark-webber","tag-nick-heidfeld","tag-robert-kubica","42wp_author-redacao-gp"],"_links":{"self":[{"href":"https:\/\/grandepremio.com\/br\/wp-json\/wp\/v2\/posts\/130667","targetHints":{"allow":["GET"]}}],"collection":[{"href":"https:\/\/grandepremio.com\/br\/wp-json\/wp\/v2\/posts"}],"about":[{"href":"https:\/\/grandepremio.com\/br\/wp-json\/wp\/v2\/types\/post"}],"replies":[{"embeddable":true,"href":"https:\/\/grandepremio.com\/br\/wp-json\/wp\/v2\/comments?post=130667"}],"version-history":[{"count":0,"href":"https:\/\/grandepremio.com\/br\/wp-json\/wp\/v2\/posts\/130667\/revisions"}],"wp:attachment":[{"href":"https:\/\/grandepremio.com\/br\/wp-json\/wp\/v2\/media?parent=130667"}],"wp:term":[{"taxonomy":"category","embeddable":true,"href":"https:\/\/grandepremio.com\/br\/wp-json\/wp\/v2\/categories?post=130667"},{"taxonomy":"post_tag","embeddable":true,"href":"https:\/\/grandepremio.com\/br\/wp-json\/wp\/v2\/tags?post=130667"},{"taxonomy":"42wp_author","embeddable":true,"href":"https:\/\/grandepremio.com\/br\/wp-json\/wp\/v2\/42wp_author?post=130667"}],"curies":[{"name":"wp","href":"https:\/\/api.w.org\/{rel}","templated":true}]}}