{"id":130677,"date":"2020-04-22T08:12:00","date_gmt":"2020-04-22T11:12:00","guid":{"rendered":"https:\/\/grandepremio.com\/br\/noticias\/monza-mantem-esperanca-de-realizar-gp-da-italia-com-portoes-abertos\/"},"modified":"2020-05-23T09:28:08","modified_gmt":"2020-05-23T12:28:08","slug":"monza-mantem-esperanca-de-realizar-gp-da-italia-com-portoes-abertos","status":"publish","type":"post","link":"https:\/\/grandepremio.com\/br\/f1\/monza-mantem-esperanca-de-realizar-gp-da-italia-com-portoes-abertos\/","title":{"rendered":"Monza mant\u00e9m esperan\u00e7a de realizar GP da It\u00e1lia com port\u00f5es abertos"},"content":{"rendered":"\n<div>\n\tPresidente do Autom&oacute;vel Clube da It&aacute;lia, Angelo Sticchi Damiani admitiu que ainda tenta manter o <a href=\"https:\/\/www.grandepremio.com\/br\/f1\/noticias\/o-cisne-virou-patinho-feio-imprensa-italiana-detona-vettel-por-atuacao-em-monza\"><span style=\"color:#ff0000\"><strong>GP local<\/strong><\/span><\/a>, marcado para o dia 6 de setembro em Monza, com portas abertas ao p&uacute;blico.<\/div>\n<div>\n\t&nbsp;<\/div>\n<div>\n\tA It&aacute;lia &eacute; um dos pa&iacute;ses mais afetados por conta da pandemia do coronav&iacute;rus. S&atilde;o 183.957 casos confirmados e 24.648 mortes, ficando atr&aacute;s apenas dos Estados Unidos na quantidade de &oacute;bitos.<\/div>\n<div>\n\t&nbsp;<\/div>\n<div>\n\t&quot;&Eacute; dif&iacute;cil fazer qualquer previs&atilde;o neste momento, portanto, gostar&iacute;amos de esperar mais algumas semanas antes de tomar a decis&atilde;o final. Temos de saber qual ser&aacute; a situa&ccedil;&atilde;o no fim de semana em setembro&quot;, afirmou Damiani em entrevista &agrave; ag&ecirc;ncia GMM.<\/div>\n<div>\n<div class=\"imagem-noticia\">\n\t\t<img decoding=\"async\" src=\"https:\/\/www.grandepremio.com\/br\/wp-content\/uploads\/2020\/04\/2019981649283_beto9370_II-1.jpg\" title=\"GP da It\u00e1lia de F1 (Foto: Beto Issa)\" \/><\/div>\n<div class=\"legenda-imagem\">\n\t\t#iconeimagem GP da It&aacute;lia de 2019 foi vencido por Charles Leclerc (Foto: Beto Issa)<\/div>\n<\/div>\n<div>\n\tCriado em 1921, <a href=\"https:\/\/www.grandepremio.com\/br\/f1\/noticias\/leclerc-segura-pressao-de-hamilton-e-bottas-e-vence-empolgante-gp-da-italia\"><span style=\"color:#ff0000\"><strong>o GP da It&aacute;lia <\/strong><\/span><\/a>est&aacute; presente no calend&aacute;rio da F&oacute;rmula 1 desde 1950, o primeiro ano do Mundial. Damiani mostrou preocupa&ccedil;&atilde;o com quest&otilde;es econ&ocirc;micas, e por isso ainda confia na m&iacute;nima possibilidade da corrida ter p&uacute;blico.<\/div>\n<div>\n\t&nbsp;<\/div>\n<div>\n\t&quot;&Eacute; claro que estamos preparados para todas as possibilidades e estamos negociando com o Liberty Media. Sem p&uacute;blico, nosso preju&iacute;zo seria significativo, mas quero evitar falar sobre, porque sinceramente espero que n&atilde;o aconte&ccedil;a&quot;, seguiu Damiani.<\/div>\n<div>\n\t&nbsp;<\/div>\n<div>\n\tA temporada 2020 da F1 est&aacute; marcada para come&ccedil;ar no dia 28 de junho, com o GP da Fran&ccedil;a. As primeiras nove etapas do Mundial foram desmarcadas da data original por conta da pandemia do novo coronav&iacute;rus.<\/div>\n<div>\n\t&nbsp;<\/div>\n<div class=\"embed-responsive embed-responsive-16by9\">\n\t<\/div>\n<p><\/p>\n<table bgcolor=\"#E6E6E6\" border=\"0\" cellpadding=\"1\" cellspacing=\"1\" style=\"width: 100%\">\n<tbody>\n<tr>\n<td>\n<div>\n\t\t\t\t\t<b><span style=\"color:#FF0040\">Apoie o <strong> GRANDE PR&Ecirc;MIO<\/strong><\/span><\/b><span style=\"color:#FF0040\">: garanta o futuro do nosso jornalismo <\/span><br \/>\n\t\t\t\t\t<br \/>\n\t\t\t\t\tO<strong> GRANDE PR&Ecirc;MIO <\/strong>&eacute; a maior m&iacute;dia digital de esporte a motor do Brasil, na Am&eacute;rica Latina e em L&iacute;ngua Portuguesa, editorialmente independente. Nossa grande equipe produz conte&uacute;do di&aacute;rio e pensa em inova&ccedil;&otilde;es constantemente, e n&atilde;o s&oacute; na internet: uma das nossas atua&ccedil;&otilde;es est&aacute; na realiza&ccedil;&atilde;o de eventos, como a Copa GP de Kart. Assim, seu apoio &eacute; sempre importante.<br \/>\n\t\t\t\t\t<br \/>\n\t\t\t\t\t<a href=\"https:\/\/grandepremium.grandepremio.com\/br\/assine\" target=\"_blank\" rel=\"noopener noreferrer\">Assine o GRANDE PREMIUM<\/a>: veja os planos e o que oferecem, tenha &agrave; disposi&ccedil;&atilde;o uma s&eacute;rie de benef&iacute;cios e experi&ecirc;ncias exclusivas, e fa&ccedil;a parte de um grupo especial, a Scuderia GP, com debate em alto n&iacute;vel.<\/div>\n<\/td>\n<\/tr>\n<\/tbody>\n<\/table>\n<p><\/p>\n","protected":false},"excerpt":{"rendered":"<p>Angelo Sticchi Damiani se agarra a qualquer possibilidade de manter o GP da It&aacute;lia com p&uacute;blico por conta de quest&otilde;es econ&ocirc;micas, e pretende aguardar as pr&oacute;ximas semanas para decidir se a etapa de Monza acontecer&aacute; ou n&atilde;o com port&otilde;es fechados<\/p>\n","protected":false},"author":0,"featured_media":0,"comment_status":"closed","ping_status":"closed","sticky":false,"template":"","format":"standard","meta":{"42wp_featured_image_caption":"","42wp_featured_image_credits":"","42wp_featured_video":"","42wp_featured_image_hidden":false,"42wp_authors_list":[],"footnotes":""},"categories":[2],"tags":[147,118],"42wp_author":[47109],"class_list":["post-130677","post","type-post","status-publish","format-standard","hentry","category-f1","tag-f1","tag-f1-2020","42wp_author-redacao-gp"],"_links":{"self":[{"href":"https:\/\/grandepremio.com\/br\/wp-json\/wp\/v2\/posts\/130677","targetHints":{"allow":["GET"]}}],"collection":[{"href":"https:\/\/grandepremio.com\/br\/wp-json\/wp\/v2\/posts"}],"about":[{"href":"https:\/\/grandepremio.com\/br\/wp-json\/wp\/v2\/types\/post"}],"replies":[{"embeddable":true,"href":"https:\/\/grandepremio.com\/br\/wp-json\/wp\/v2\/comments?post=130677"}],"version-history":[{"count":0,"href":"https:\/\/grandepremio.com\/br\/wp-json\/wp\/v2\/posts\/130677\/revisions"}],"wp:attachment":[{"href":"https:\/\/grandepremio.com\/br\/wp-json\/wp\/v2\/media?parent=130677"}],"wp:term":[{"taxonomy":"category","embeddable":true,"href":"https:\/\/grandepremio.com\/br\/wp-json\/wp\/v2\/categories?post=130677"},{"taxonomy":"post_tag","embeddable":true,"href":"https:\/\/grandepremio.com\/br\/wp-json\/wp\/v2\/tags?post=130677"},{"taxonomy":"42wp_author","embeddable":true,"href":"https:\/\/grandepremio.com\/br\/wp-json\/wp\/v2\/42wp_author?post=130677"}],"curies":[{"name":"wp","href":"https:\/\/api.w.org\/{rel}","templated":true}]}}