{"id":13068,"date":"2026-01-16T00:50:50","date_gmt":"2026-01-16T03:50:50","guid":{"rendered":"https:\/\/grandepremio.com\/br\/noticias\/red-bull-presta-homenagem-fundador-novo-motor-f1-2026\/"},"modified":"2026-01-16T01:32:39","modified_gmt":"2026-01-16T04:32:39","slug":"red-bull-presta-homenagem-fundador-novo-motor-f1-2026","status":"publish","type":"post","link":"https:\/\/grandepremio.com\/br\/f1\/red-bull-presta-homenagem-fundador-novo-motor-f1-2026\/","title":{"rendered":"Red Bull presta homenagem a fundador em novo motor para F1 2026"},"content":{"rendered":"\n<p class=\"wp-block-paragraph\">A <strong>Red Bull <\/strong>anunciou, durante o lan\u00e7amento de sua pintura do carro nesta sexta-feira (16), que vai homenagear seu fundador, <strong>Dietrich Mateschitz<\/strong>, na sua unidade de pot\u00eancia criada junto \u00e0<strong> Ford<\/strong> para a temporada 2026 da <strong>F1<\/strong>.<\/p>\n\n\n\n<p class=\"wp-block-paragraph\">O trem de for\u00e7a da equipe taurina, ter\u00e1 o nome de <strong>&#8220;DM01&#8221;<\/strong>. Anunciada em 2023, a parceria com a montadora norte-americana acontece ap\u00f3s um hiato de mais de 20 anos de aus\u00eancia e, neste ano, v\u00e3o tamb\u00e9m trabalhar com a <strong>Racing Bulls<\/strong> como fornecedora.<\/p>\n\n\n\n<p class=\"wp-block-paragraph\">Mateschitz foi o principal respons\u00e1vel pela cria\u00e7\u00e3o do imp\u00e9rio Red Bull e morreu em outubro de 2022, aos 78 anos, ap\u00f3s longa luta com uma doen\u00e7a terminal n\u00e3o revelada. O empres\u00e1rio fundou a rede de energ\u00e9ticos em 1984 e teve forte rela\u00e7\u00e3o com os esportes, muito por sua causa.<\/p>\n\n\n\n<p class=\"wp-block-paragraph\">A Red Bull colocou <strong>Helmut Marko<\/strong> em 2001 para criar a academia de pilotos da marca, al\u00e9m de patrocinar a <strong>Sauber<\/strong>. O salto veio tr\u00eas anos depois com a compra da<strong> Jaguar<\/strong> e, em 2005, estreou no grid da <strong>F\u00f3rmula 1<\/strong>. Na temporada seguinte, a cria\u00e7\u00e3o de seu time B, a <strong>Toro Rosso<\/strong>.<\/p>\n\n\n\n<figure class=\"wp-block-image size-large\"><img decoding=\"async\" src=\"https:\/\/www.grandepremio.com\/br\/wp-content\/uploads\/2022\/10\/SI201807011320_news-1024x683.jpg\" alt=\"\" class=\"wp-image-625920\"\/><figcaption class=\"wp-element-caption\">Marko era muito pr\u00f3ximo a Mateschitz, fundador da empresa de energ\u00e9ticos (Foto: Peter Fox\/Getty Images\/Red Bull Content Pool)<\/figcaption><\/figure>\n\n\n\n<p class=\"wp-block-paragraph\">A Red Bull teve em seu cartel de pilotos nomes como <strong>Sebastian Vettel<\/strong>, <strong>Max Verstappen<\/strong>, <strong>Carlos Sainz<\/strong>, <strong>Daniel Ricciardo<\/strong>, <strong>Sergio P\u00e9rez<\/strong> e <strong>Pierre Gasly<\/strong>. Al\u00e9m disso, s\u00e3o mais de 400 corridas na F1, com seis t\u00edtulos de construtores e oito de pilotos.<\/p>\n\n\n\n<p class=\"wp-block-paragraph\">A&nbsp;<strong>Red Bull&nbsp;<\/strong>e a&nbsp;<strong>Racing Bulls<\/strong>&nbsp;apresentam seus carros para a temporada 2026 da&nbsp;<strong>F\u00f3rmula 1<\/strong>, logo mais, a partir da meia-noite (hor\u00e1rio de Bras\u00edlia). O&nbsp;<strong>GRANDE PR\u00caMIO&nbsp;<\/strong>acompanha o evento de lan\u00e7amento com react AO VIVO.<\/p>\n\n\n\n<h2 class=\"wp-block-heading\" id=\"h-assista-ao-lancamento-da-red-bull-e-da-racing-bulls-com-o-grande-premio\">Assista ao lan\u00e7amento da Red Bull e da Racing Bulls com o GRANDE PR\u00caMIO:<\/h2>\n\n\n\n<figure class=\"wp-block-embed is-type-video is-provider-youtube wp-block-embed-youtube wp-embed-aspect-16-9 wp-has-aspect-ratio\"><div class=\"wp-block-embed__wrapper\">\n<iframe loading=\"lazy\" title=\"LAN\u00c7AMENTOS F1 2026: RED BULL E RACING BULLS | REACT no GRANDE PR\u00caMIO\" width=\"500\" height=\"281\" src=\"https:\/\/www.youtube.com\/embed\/-dglvsGWxh4?feature=oembed\" frameborder=\"0\" allow=\"accelerometer; autoplay; clipboard-write; encrypted-media; gyroscope; picture-in-picture; web-share\" referrerpolicy=\"strict-origin-when-cross-origin\" allowfullscreen><\/iframe>\n<\/div><\/figure>\n","protected":false},"excerpt":{"rendered":"<p>A Red Bull confirmou que vai homenagear Dietrich Mateschitz, seu fundador, dando seu nome na unidade de pot\u00eancia desenvolvida em parceria com a Ford para a temporada 2026 da F1<\/p>\n","protected":false},"author":0,"featured_media":1001050277,"comment_status":"closed","ping_status":"closed","sticky":false,"template":"","format":"standard","meta":{"42wp_featured_image_caption":"","42wp_featured_image_credits":"","42wp_featured_video":"","42wp_featured_image_hidden":false,"42wp_authors_list":[],"footnotes":""},"categories":[2],"tags":[26271,546,5273,211,3764,147,29516,29148,882,180,31425,28995,1491,28285,258,30840,910,203,35129,676,38179,204,1197,210,3132,31470,638],"42wp_author":[47128],"class_list":["post-13068","post","type-post","status-publish","format-standard","has-post-thumbnail","hentry","category-f1","tag-calendario-f1","tag-carlos-sainz","tag-classificacao-f1","tag-daniel-ricciardo","tag-dietrich-mateschitz","tag-f1","tag-f1-2026","tag-f1-hoje","tag-ford","tag-formula-1","tag-formula-1-2026","tag-formula-1-hoje","tag-grande-premio","tag-grandepremio","tag-helmut-marko","tag-horarios-f1","tag-jaguar","tag-max-verstappen","tag-onde-assistir-f1","tag-pierre-gasly","tag-racing-bulls","tag-red-bull","tag-sauber","tag-sebastian-vettel","tag-sergio-perez","tag-temporada-2026-f1","tag-toro-rosso","42wp_author-guilherme-bloisi"],"_links":{"self":[{"href":"https:\/\/grandepremio.com\/br\/wp-json\/wp\/v2\/posts\/13068","targetHints":{"allow":["GET"]}}],"collection":[{"href":"https:\/\/grandepremio.com\/br\/wp-json\/wp\/v2\/posts"}],"about":[{"href":"https:\/\/grandepremio.com\/br\/wp-json\/wp\/v2\/types\/post"}],"replies":[{"embeddable":true,"href":"https:\/\/grandepremio.com\/br\/wp-json\/wp\/v2\/comments?post=13068"}],"version-history":[{"count":0,"href":"https:\/\/grandepremio.com\/br\/wp-json\/wp\/v2\/posts\/13068\/revisions"}],"wp:featuredmedia":[{"embeddable":true,"href":"https:\/\/grandepremio.com\/br\/wp-json\/wp\/v2\/media\/1001050277"}],"wp:attachment":[{"href":"https:\/\/grandepremio.com\/br\/wp-json\/wp\/v2\/media?parent=13068"}],"wp:term":[{"taxonomy":"category","embeddable":true,"href":"https:\/\/grandepremio.com\/br\/wp-json\/wp\/v2\/categories?post=13068"},{"taxonomy":"post_tag","embeddable":true,"href":"https:\/\/grandepremio.com\/br\/wp-json\/wp\/v2\/tags?post=13068"},{"taxonomy":"42wp_author","embeddable":true,"href":"https:\/\/grandepremio.com\/br\/wp-json\/wp\/v2\/42wp_author?post=13068"}],"curies":[{"name":"wp","href":"https:\/\/api.w.org\/{rel}","templated":true}]}}