{"id":130702,"date":"2020-04-21T09:10:00","date_gmt":"2020-04-21T12:10:00","guid":{"rendered":"https:\/\/grandepremio.com\/br\/noticias\/ex-chefe-da-ferrari-vira-motorista-de-ambulancia-e-ajuda-a-socorrer-vitimas-do-coronavirus\/"},"modified":"2020-05-23T09:22:42","modified_gmt":"2020-05-23T12:22:42","slug":"ex-chefe-da-ferrari-vira-motorista-de-ambulancia-e-ajuda-a-socorrer-vitimas-do-coronavirus","status":"publish","type":"post","link":"https:\/\/grandepremio.com\/br\/f1\/ex-chefe-da-ferrari-vira-motorista-de-ambulancia-e-ajuda-a-socorrer-vitimas-do-coronavirus\/","title":{"rendered":"Ex-chefe da Ferrari vira motorista de ambul\u00e2ncia e ajuda a socorrer v\u00edtimas do coronav\u00edrus"},"content":{"rendered":"\n<div class=\"embed-responsive embed-responsive-16by9\">\n\t<\/div>\n<div>\n\tAo mesmo tempo em que chora a perda de milhares de pessoas, a It&aacute;lia se une para vencer o coronav&iacute;rus com v&aacute;rios gestos de solidariedade, com muitos cidad&atilde;os trabalhando de forma volunt&aacute;ria para prestar ajuda &agrave;s v&iacute;timas do Covid-19. Um desses gestos foi revelado pelo jornalista Leo Turrini: Maurizio Arrivabene, chefe da Ferrari na F1 entre novembro de 2014 e janeiro de 2019, vem atuando como motorista de ambul&acirc;ncia neste per&iacute;odo t&atilde;o dif&iacute;cil no pa&iacute;s europeu.<\/div>\n<div>\n\t&nbsp;<\/div>\n<div>\n\tEm sua coluna no jornal italiano &lsquo;Il Resto del Carlino&rsquo;, Turrini fala sobre o trabalho volunt&aacute;rio de Arrivabene, de 63 anos, que hoje integra o corpo diretivo da Juventus.<\/p>\n<div class=\"imagem-noticia\">\n\t\t<img decoding=\"async\" src=\"https:\/\/www.grandepremio.com\/br\/wp-content\/uploads\/2020\/04\/201611121932426_IMG_6978_O.jpg\" title=\"Maurizio Arrivabene (Foto: Rodrigo Berton\/Grande Pr\u00eamio)\" \/><\/div>\n<div class=\"legenda-imagem\">\n\t\t#iconeimagem Maurizio Arrivabene comandou a Ferrari entre o fim de 2014 e o in&iacute;cio de 2019 (Foto: Rodrigo Berton\/Grande Pr&ecirc;mio)<\/div>\n<\/div>\n<div>\n\t&ldquo;Fiel ao seu estilo de falso rabugento com um grande cora&ccedil;&atilde;o, Arrivabene n&atilde;o contou a ningu&eacute;m, mas desde quando come&ccedil;ou a tormenta est&aacute; pronto para dirigir ambul&acirc;ncia e transportar os enfermos aos hospitais. Em resumo, ele se tornou um piloto&rdquo;, escreveu o jornalista, que &eacute; muito pr&oacute;ximo &agrave; Ferrari.<\/div>\n<div>\n\t&nbsp;<\/div>\n<div>\n\tO antecessor de Mattia Binotto n&atilde;o &eacute; o primeiro nome ligado &agrave; F1 a fazer as vezes de motorista de ambul&acirc;ncia para transportar v&iacute;timas do coronav&iacute;rus. Mario Isola, diretor da Pirelli para a categoria, tamb&eacute;m vem prestado servi&ccedil;o nesta &eacute;poca em que a It&aacute;lia est&aacute; paralisada e socorre seus enfermos neste momento.<\/div>\n<div>\n\t&nbsp;<\/div>\n<div>\n\tDe acordo com n&uacute;meros atualizados pela Universidade Johns Hopkins, a It&aacute;lia tem um total de 181.228 infectados por coronav&iacute;rus e 24.114 v&iacute;timas fatais. S&atilde;o 48.877 pessoas curadas.<\/div>\n<div>\n\t&nbsp;<\/div>\n<div>\n\tNa &uacute;ltima segunda-feira, pela primeira vez desde 21 de fevereiro, a It&aacute;lia registrou redu&ccedil;&atilde;o no n&uacute;mero de casos ativos de Covid-19.&nbsp;<\/div>\n<p><\/p>\n<table bgcolor=\"#add8e6<\/p>\n<p>&#8221; border=&#8221;1&#8243; cellpadding=&#8221;1&#8243; cellspacing=&#8221;1&#8243; style=&#8221;width: 100%&#8221;><\/p>\n<tbody>\n<tr>\n<td>\n\t\t\t\t<span style=\"color:#000000\"><span style=\"font-size:18px\"><strong>Paddockast #57<br \/>\n\t\t\t\tMARIANA BECKER e os bastidores da F1<\/strong><\/span><\/span><br \/>\n\t\t\t\t<br \/>\n\t\t\t\tOu&ccedil;a: <a href=\"http:\/\/open.spotify.com\/show\/5OBbp8MzxQymoyneX4IviF?si=gYqPr53GSaa-AcxFpOzJHg\">Spotify<\/a> | <a href=\"http:\/\/podcasts.apple.com\/br\/podcast\/paddockast\/id1371540198\">iTunes<\/a> | <a href=\"http:\/\/www.subscribeonandroid.com\/www.central3.com.br\/category\/podcasts\/paddockast\/feed\/podcast\/\">Android<\/a> | <a href=\"http:\/\/player.fm\/series\/paddockast\">playerFM<\/a><\/td>\n<\/tr>\n<\/tbody>\n<\/table>\n<p><\/p>\n<table bgcolor=\"#98FB98\" border=\"0\" cellpadding=\"1\" cellspacing=\"1\" style=\"width: 100%\">\n<tbody>\n<tr>\n<td>\n<div>\n\t\t\t\t\t<span style=\"color:#000000\"><span style=\"font-size:18px\"><strong>COMO SE PREVENIR DO CORONAV&Iacute;RUS:<\/strong><\/span><\/span><br \/>\n\t\t\t\t\t&nbsp;<\/div>\n<p>\t\t\t\t<strong><span style=\"font-size:18px\">\u261e&nbsp;Lave as m&atilde;os com &aacute;gua e sab&atilde;o ou use &aacute;lcool em gel.<br \/>\n\t\t\t\t\u261e&nbsp;Cubra o nariz e boca ao espirrar ou tossir.<br \/>\n\t\t\t\t\u261e&nbsp;Evite aglomera&ccedil;&otilde;es.<br \/>\n\t\t\t\t\u261e&nbsp;Mantenha os ambientes bem ventilados.<br \/>\n\t\t\t\t\u261e&nbsp;N&atilde;o compartilhe objetos pessoais.<\/span><\/strong><\/td>\n<\/tr>\n<\/tbody>\n<\/table>\n<p><\/p>\n<table bgcolor=\"#E6E6E6\" border=\"0\" cellpadding=\"1\" cellspacing=\"1\" style=\"width: 100%\">\n<tbody>\n<tr>\n<td>\n<div>\n\t\t\t\t\t<b><span style=\"color:#FF0040\">Apoie o <strong> GRANDE PR&Ecirc;MIO<\/strong><\/span><\/b><span style=\"color:#FF0040\">: garanta o futuro do nosso jornalismo <\/span><br \/>\n\t\t\t\t\t<br \/>\n\t\t\t\t\tO<strong> GRANDE PR&Ecirc;MIO <\/strong>&eacute; a maior m&iacute;dia digital de esporte a motor do Brasil, na Am&eacute;rica Latina e em L&iacute;ngua Portuguesa, editorialmente independente. Nossa grande equipe produz conte&uacute;do di&aacute;rio e pensa em inova&ccedil;&otilde;es constantemente, e n&atilde;o s&oacute; na internet: uma das nossas atua&ccedil;&otilde;es est&aacute; na realiza&ccedil;&atilde;o de eventos, como a Copa GP de Kart. Assim, seu apoio &eacute; sempre importante.<br \/>\n\t\t\t\t\t<br \/>\n\t\t\t\t\t<a href=\"https:\/\/grandepremium.grandepremio.com\/br\/assine\" target=\"_blank\" rel=\"noopener noreferrer\">Assine o GRANDE PREMIUM<\/a>: veja os planos e o que oferecem, tenha &agrave; disposi&ccedil;&atilde;o uma s&eacute;rie de benef&iacute;cios e exper&ecirc;ncias exclusivas, e fa&ccedil;a parte de um grupo especial, a Scuderia GP, com debate em alto n&iacute;vel.<\/div>\n<\/td>\n<\/tr>\n<\/tbody>\n<\/table>\n<p><\/p>\n","protected":false},"excerpt":{"rendered":"<p>Maurizio Arrivabene, que comandou a Ferrari na F1 entre 2014 e 2019, trabalha de forma volunt&aacute;ria no aux&iacute;lio &agrave;s v&iacute;timas do coronav&iacute;rus na It&aacute;lia como motorista de ambul&acirc;ncias, assim como o diretor de competi&ccedil;&otilde;es da Pirelli, Mario Isola<\/p>\n","protected":false},"author":0,"featured_media":0,"comment_status":"closed","ping_status":"closed","sticky":false,"template":"","format":"standard","meta":{"42wp_featured_image_caption":"","42wp_featured_image_credits":"","42wp_featured_video":"","42wp_featured_image_hidden":false,"42wp_authors_list":[],"footnotes":""},"categories":[2],"tags":[147,118,207,219,898,1129,1126,220],"42wp_author":[47109],"class_list":["post-130702","post","type-post","status-publish","format-standard","hentry","category-f1","tag-f1","tag-f1-2020","tag-ferrari","tag-grande-prmio","tag-itlia","tag-mario-isola","tag-pirelli","tag-warm-up","42wp_author-redacao-gp"],"_links":{"self":[{"href":"https:\/\/grandepremio.com\/br\/wp-json\/wp\/v2\/posts\/130702","targetHints":{"allow":["GET"]}}],"collection":[{"href":"https:\/\/grandepremio.com\/br\/wp-json\/wp\/v2\/posts"}],"about":[{"href":"https:\/\/grandepremio.com\/br\/wp-json\/wp\/v2\/types\/post"}],"replies":[{"embeddable":true,"href":"https:\/\/grandepremio.com\/br\/wp-json\/wp\/v2\/comments?post=130702"}],"version-history":[{"count":0,"href":"https:\/\/grandepremio.com\/br\/wp-json\/wp\/v2\/posts\/130702\/revisions"}],"wp:attachment":[{"href":"https:\/\/grandepremio.com\/br\/wp-json\/wp\/v2\/media?parent=130702"}],"wp:term":[{"taxonomy":"category","embeddable":true,"href":"https:\/\/grandepremio.com\/br\/wp-json\/wp\/v2\/categories?post=130702"},{"taxonomy":"post_tag","embeddable":true,"href":"https:\/\/grandepremio.com\/br\/wp-json\/wp\/v2\/tags?post=130702"},{"taxonomy":"42wp_author","embeddable":true,"href":"https:\/\/grandepremio.com\/br\/wp-json\/wp\/v2\/42wp_author?post=130702"}],"curies":[{"name":"wp","href":"https:\/\/api.w.org\/{rel}","templated":true}]}}