{"id":130763,"date":"2020-04-18T10:00:00","date_gmt":"2020-04-18T13:00:00","guid":{"rendered":"https:\/\/grandepremio.com\/br\/noticias\/gp-as-10-caso-larson-mostra-que-nao-da-para-passar-pano-para-racista\/"},"modified":"2020-05-19T15:50:32","modified_gmt":"2020-05-19T18:50:32","slug":"gp-as-10-caso-larson-mostra-que-nao-da-para-passar-pano-para-racista","status":"publish","type":"post","link":"https:\/\/grandepremio.com\/br\/nascar\/gp-as-10-caso-larson-mostra-que-nao-da-para-passar-pano-para-racista\/","title":{"rendered":"GP \u00e0s 10: &#8216;Caso Larson&#8217; mostra que n\u00e3o d\u00e1 para passar pano para racista"},"content":{"rendered":"\n<p>O ato racista de Kyle Larson durante uma competi&ccedil;&atilde;o de eSports promovida pela Nascar em conjunto com a plataforma iRacing &eacute; o tema escolhido por Rodrigo Mattar para o GP &agrave;s 10 deste s&aacute;bado (18). O jornalista, com ampla experi&ecirc;ncia em coberturas da categoria norte-americana, lembra que o piloto, que tem m&atilde;e japonesa, perdeu patroc&iacute;nios, foi exclu&iacute;do pela Chevrolet, suspenso pela pr&oacute;pria Nascar e demitido pela sua ent&atilde;o equipe, a Ganassi. Mattar lembra que &eacute; necess&aacute;rio refletir sobre o papel do esporte como fomentador de car&aacute;ter e que racismo n&atilde;o pode ser tolerado em nenhuma hip&oacute;tese.<br \/>\n<br \/>\nO GP &agrave;s 10 &eacute; a s&eacute;rie que traz um coment&aacute;rio em v&iacute;deo dos jornalistas do <strong>GRANDE PR&Ecirc;MIO<\/strong>, sempre &agrave;s 10h (de Bras&iacute;lia), do dia e da noite. <strong><a href=\"https:\/\/www.youtube.com\/playlist?list=PLULYLQYUzB5rZjWHQHo-JhgOqUHLw0Zrc\"><span style=\"color:#ff0000\">Veja aqui todas as edi&ccedil;&otilde;es do GP &agrave;s 10<\/span><\/a><\/strong>.<\/p>\n<div class=\"embed-responsive embed-responsive-16by9\">\n\t<\/div>\n<p><\/p>\n<table bgcolor=\"#add8e6<\/p>\n<p>&#8221; border=&#8221;1&#8243; cellpadding=&#8221;1&#8243; cellspacing=&#8221;1&#8243; style=&#8221;width: 100%&#8221;><\/p>\n<tbody>\n<tr>\n<td>\n\t\t\t\t<span style=\"color:#000000\"><span style=\"font-size:18px\"><strong>Paddockast #57<br \/>\n\t\t\t\tMARIANA BECKER e os bastidores da F1<\/strong><\/span><\/span><br \/>\n\t\t\t\t<br \/>\n\t\t\t\tOu&ccedil;a: <a href=\"http:\/\/open.spotify.com\/show\/5OBbp8MzxQymoyneX4IviF?si=gYqPr53GSaa-AcxFpOzJHg\">Spotify<\/a> | <a href=\"http:\/\/podcasts.apple.com\/br\/podcast\/paddockast\/id1371540198\">iTunes<\/a> | <a href=\"http:\/\/www.subscribeonandroid.com\/www.central3.com.br\/category\/podcasts\/paddockast\/feed\/podcast\/\">Android<\/a> | <a href=\"http:\/\/player.fm\/series\/paddockast\">playerFM<\/a><\/td>\n<\/tr>\n<\/tbody>\n<\/table>\n<p><\/p>\n<table bgcolor=\"#98FB98\" border=\"0\" cellpadding=\"1\" cellspacing=\"1\" style=\"width: 100%\">\n<tbody>\n<tr>\n<td>\n<div>\n\t\t\t\t\t<span style=\"color:#000000\"><span style=\"font-size:18px\"><strong>COMO SE PREVENIR DO CORONAV&Iacute;RUS:<\/strong><\/span><\/span><br \/>\n\t\t\t\t\t&nbsp;<\/div>\n<p>\t\t\t\t<strong><span style=\"font-size:18px\">\u261e&nbsp;Lave as m&atilde;os com &aacute;gua e sab&atilde;o ou use &aacute;lcool em gel.<br \/>\n\t\t\t\t\u261e&nbsp;Cubra o nariz e boca ao espirrar ou tossir.<br \/>\n\t\t\t\t\u261e&nbsp;Evite aglomera&ccedil;&otilde;es.<br \/>\n\t\t\t\t\u261e&nbsp;Mantenha os ambientes bem ventilados.<br \/>\n\t\t\t\t\u261e&nbsp;N&atilde;o compartilhe objetos pessoais.<\/span><\/strong><\/td>\n<\/tr>\n<\/tbody>\n<\/table>\n<p><\/p>\n<table bgcolor=\"#E6E6E6\" border=\"0\" cellpadding=\"1\" cellspacing=\"1\" style=\"width: 100%\">\n<tbody>\n<tr>\n<td>\n<div>\n\t\t\t\t\t<b><span style=\"color:#FF0040\">Apoie o <strong> GRANDE PR&Ecirc;MIO<\/strong><\/span><\/b><span style=\"color:#FF0040\">: garanta o futuro do nosso jornalismo <\/span><br \/>\n\t\t\t\t\t<br \/>\n\t\t\t\t\tO<strong> GRANDE PR&Ecirc;MIO <\/strong>&eacute; a maior m&iacute;dia digital de esporte a motor do Brasil, na Am&eacute;rica Latina e em L&iacute;ngua Portuguesa, editorialmente independente. Nossa grande equipe produz conte&uacute;do di&aacute;rio e pensa em inova&ccedil;&otilde;es constantemente, e n&atilde;o s&oacute; na internet: uma das nossas atua&ccedil;&otilde;es est&aacute; na realiza&ccedil;&atilde;o de eventos, como a Copa GP de Kart. Assim, seu apoio &eacute; sempre importante.<br \/>\n\t\t\t\t\t<br \/>\n\t\t\t\t\t<a href=\"https:\/\/grandepremium.grandepremio.com\/br\/assine\" target=\"_blank\" rel=\"noopener noreferrer\">Assine o GRANDE PREMIUM<\/a>: veja os planos e o que oferecem, tenha &agrave; disposi&ccedil;&atilde;o uma s&eacute;rie de benef&iacute;cios e exper&ecirc;ncias exclusivas, e fa&ccedil;a parte de um grupo especial, a Scuderia GP, com debate em alto n&iacute;vel.<\/div>\n<\/td>\n<\/tr>\n<\/tbody>\n<\/table>\n<p><\/p>\n","protected":false},"excerpt":{"rendered":"<p>No GP &agrave;s 10 deste s&aacute;bado, Rodrigo Mattar fala sobre o epis&oacute;dio de racismo protagonizado por Kyle Larson. O piloto da Nascar foi suspenso pela categoria, perdeu patrocinadores, foi exclu&iacute;do pela Chevrolet e demitido pela Ganassi. A mensagem &eacute; clara: chega de preconceito!<\/p>\n","protected":false},"author":0,"featured_media":0,"comment_status":"closed","ping_status":"closed","sticky":false,"template":"","format":"standard","meta":{"42wp_featured_image_caption":"","42wp_featured_image_credits":"","42wp_featured_video":"","42wp_featured_image_hidden":false,"42wp_authors_list":[],"footnotes":""},"categories":[14],"tags":[231,1595,123,3201,411,2195,2545,428],"42wp_author":[47109],"class_list":["post-130763","post","type-post","status-publish","format-standard","hentry","category-nascar","tag-chevrolet","tag-ganassi","tag-gp-s-10","tag-kyle-larson","tag-nascar","tag-nascar-2020","tag-racismo","tag-rodrigo-mattar","42wp_author-redacao-gp"],"_links":{"self":[{"href":"https:\/\/grandepremio.com\/br\/wp-json\/wp\/v2\/posts\/130763","targetHints":{"allow":["GET"]}}],"collection":[{"href":"https:\/\/grandepremio.com\/br\/wp-json\/wp\/v2\/posts"}],"about":[{"href":"https:\/\/grandepremio.com\/br\/wp-json\/wp\/v2\/types\/post"}],"replies":[{"embeddable":true,"href":"https:\/\/grandepremio.com\/br\/wp-json\/wp\/v2\/comments?post=130763"}],"version-history":[{"count":0,"href":"https:\/\/grandepremio.com\/br\/wp-json\/wp\/v2\/posts\/130763\/revisions"}],"wp:attachment":[{"href":"https:\/\/grandepremio.com\/br\/wp-json\/wp\/v2\/media?parent=130763"}],"wp:term":[{"taxonomy":"category","embeddable":true,"href":"https:\/\/grandepremio.com\/br\/wp-json\/wp\/v2\/categories?post=130763"},{"taxonomy":"post_tag","embeddable":true,"href":"https:\/\/grandepremio.com\/br\/wp-json\/wp\/v2\/tags?post=130763"},{"taxonomy":"42wp_author","embeddable":true,"href":"https:\/\/grandepremio.com\/br\/wp-json\/wp\/v2\/42wp_author?post=130763"}],"curies":[{"name":"wp","href":"https:\/\/api.w.org\/{rel}","templated":true}]}}