{"id":130831,"date":"2019-08-30T13:13:00","date_gmt":"2019-08-30T16:13:00","guid":{"rendered":"https:\/\/grandepremio.com\/br\/noticias\/5-no-tl2-perez-e-pessimista-sobre-pane-em-motor-nao-parece-bom\/"},"modified":"2020-05-16T17:36:11","modified_gmt":"2020-05-16T20:36:11","slug":"5-no-tl2-perez-e-pessimista-sobre-pane-em-motor-nao-parece-bom","status":"publish","type":"post","link":"https:\/\/grandepremio.com\/br\/f1\/5-no-tl2-perez-e-pessimista-sobre-pane-em-motor-nao-parece-bom\/","title":{"rendered":"5\u00b0 no TL2, P\u00e9rez \u00e9 pessimista sobre pane em motor: &#8220;N\u00e3o parece bom&#8221;"},"content":{"rendered":"\n<p>Em dia de renova&ccedil;&atilde;o de contrato (<u><strong><a href=\"https:\/\/www.grandepremio.com\/br\/f1\/noticias\/racing-point-anuncia-renovacao-de-contrato-e-mantem-perez-ate-temporada-2022\"><span>ficar&aacute; na Racing Point por mais tr&ecirc;s anos<\/span><\/a><\/strong><\/u>), Sergio P&eacute;rez foi a surpresa da tabela de tempos nos treinos livres desta sexta-feira (30) em Spa-Francorchamps, abertura dos trabalhos da F&oacute;rmula 1 para o GP da B&eacute;lgica. <u><strong><a href=\"https:\/\/www.grandepremio.com\/br\/f1\/noticias\/leclerc-enfia-0s8-na-mercedes-e-fecha-sexta-feira-de-treinos-na-frente-na-belgica\"><span>Ele ficou em quinto no TL2, &agrave; frente de Max Verstappen, por exemplo<\/span><\/a><\/strong><\/u>.&nbsp;<br \/>\n<br \/>\nMas o que aparentava ser um dia de alegria pelas not&iacute;cias tanto fora da pista, quanto dentro, acabou sendo preocupante. &Eacute; que, nos minutos finais da sess&atilde;o verspertina, o carro de P&eacute;rez pegou fogo em raz&atilde;o de uma pane no motor. Desta forma, o mexicano se mostrou bastante pessimista para o restante do final de semana.<br \/>\n<br \/>\n&quot;N&atilde;o sabemos o que aconteceu por enquanto, temos que esperar para ver. N&atilde;o parece bom, vamos ver o que vai acontecer e o que fazer para recuperar na classifica&ccedil;&atilde;o&quot;, analisou P&eacute;rez.<br \/>\n<br \/>\n&quot;O carro est&aacute; funcionando bem, ent&atilde;o vamos torcer para que possamos minimizar os danos, se de fato houver algum. S&oacute; saberemos depois&quot;, seguiu.<\/p>\n<div class=\"imagem-noticia\">\n\t<img decoding=\"async\" src=\"https:\/\/www.grandepremio.com\/br\/wp-content\/uploads\/2019\/08\/2019830843843_RacingPoint_SergioPerez_23_II.jpg\" title=\"Sergio P\u00e9rez (Foto: Racing Point)\" \/><\/div>\n<div class=\"legenda-imagem\">\n\t#iconeimagem Sergio P&eacute;rez (Foto: Racing Point)<\/div>\n<table bgcolor=\"#8B0000\" border=\"1\" cellpadding=\"1\" cellspacing=\"1\" style=\"width: 100%\">\n<tbody>\n<tr>\n<td>\n\t\t\t\t<span style=\"font-size:18px\"><strong><span style=\"color: #FFFAFA\">Paddockast #31<br \/>\n\t\t\t\tQUEM NA F1 PASSA DE ANO?<\/span><\/strong><\/span><br \/>\n\t\t\t\t<br \/>\n\t\t\t\tOu&ccedil;a: <a href=\"http:\/\/open.spotify.com\/show\/5OBbp8MzxQymoyneX4IviF?si=gYqPr53GSaa-AcxFpOzJHg\">Spotify<\/a> | <a href=\"http:\/\/podcasts.apple.com\/br\/podcast\/paddockast\/id1371540198\">iTunes<\/a> | <a href=\"http:\/\/www.subscribeonandroid.com\/www.central3.com.br\/category\/podcasts\/paddockast\/feed\/podcast\/\">Android<\/a> | <a href=\"http:\/\/player.fm\/series\/paddockast\">playerFM<\/a><\/td>\n<\/tr>\n<\/tbody>\n<\/table>\n<p>\nMas &eacute; ineg&aacute;vel que a marca de 1min45s117 alcan&ccedil;ada no segundo treino foi boa &#8211; ou seja, o carro estava rendendo bem. Ent&atilde;o P&eacute;rez tamb&eacute;m explicou sua vis&atilde;o sobre: &quot;Acho que, historicamente, esse circuito nos conv&eacute;m.&quot;<br \/>\n<br \/>\n&quot;Trouxemos uma nova asa dianteira e algumas pe&ccedil;as novas que, na minha opini&atilde;o, contribuem para o equil&iacute;brio do carro. Encontramos um bom equil&iacute;brio hoje e a situa&ccedil;&atilde;o parece muito s&oacute;lida.&quot;<br \/>\n<br \/>\n&quot;Assim, estou convencido de que as coisas est&atilde;o boas para n&oacute;s, por isso esperamos que n&atilde;o tenhamos que fazer muito (em rela&ccedil;&atilde;o ao motor). Ainda h&aacute; muito trabalho a ser feito&quot;, finalizou o mexicano, garantido na F1 at&eacute; 2022.<br \/>\n<br \/>\n<span style=\"font-family: Roboto, sans-serif;font-size: 20px\">A F1 volta &agrave; pista na manh&atilde; deste s&aacute;bado com o terceiro treino livre a partir de 7h (hor&aacute;rio de Bras&iacute;lia). J&aacute; a defini&ccedil;&atilde;o do grid de largada est&aacute; marcada para 10h. O&nbsp;<\/span><span style=\"font-weight: 700;font-family: Roboto, sans-serif;font-size: 20px\">GRANDE PR&Ecirc;MIO<\/span><span style=\"font-family: Roboto, sans-serif;font-size: 20px\">&nbsp;acompanha tudo&nbsp;<\/span><span style=\"font-weight: 700;font-family: Roboto, sans-serif;font-size: 20px\"><a href=\"https:\/\/grandepremio.com\/br\/f1\/ao-vivo\" style=\"background-color: transparent\"><span>AO VIVO e em TEMPO REAL<\/span><\/a><\/span><span style=\"font-family: Roboto, sans-serif;font-size: 20px\">.<\/span><br \/><\/p>\n<div>\n<\/div>\n<p><\/p>\n","protected":false},"excerpt":{"rendered":"<p>Sergio P&eacute;rez foi a surpresa do dia de treinos livres em Spa-Francorchamps, ficando em quinto na segunda sess&atilde;o &#8211; mas, ao final, teve pane no motor. Por isso, a an&aacute;lise do dia foi pessimista por parte do mexicano<\/p>\n","protected":false},"author":0,"featured_media":0,"comment_status":"closed","ping_status":"closed","sticky":false,"template":"","format":"standard","meta":{"42wp_featured_image_caption":"","42wp_featured_image_credits":"","42wp_featured_video":"","42wp_featured_image_hidden":false,"42wp_authors_list":[],"footnotes":""},"categories":[2],"tags":[1761,180,261,307,2356,310,648,489,2036],"42wp_author":[47109],"class_list":["post-130831","post","type-post","status-publish","format-standard","hentry","category-f1","tag-blgica","tag-formula-1","tag-formula-um","tag-motor","tag-quebra","tag-racing-point","tag-sergio-prez","tag-spa","tag-treinos-livres","42wp_author-redacao-gp"],"_links":{"self":[{"href":"https:\/\/grandepremio.com\/br\/wp-json\/wp\/v2\/posts\/130831","targetHints":{"allow":["GET"]}}],"collection":[{"href":"https:\/\/grandepremio.com\/br\/wp-json\/wp\/v2\/posts"}],"about":[{"href":"https:\/\/grandepremio.com\/br\/wp-json\/wp\/v2\/types\/post"}],"replies":[{"embeddable":true,"href":"https:\/\/grandepremio.com\/br\/wp-json\/wp\/v2\/comments?post=130831"}],"version-history":[{"count":0,"href":"https:\/\/grandepremio.com\/br\/wp-json\/wp\/v2\/posts\/130831\/revisions"}],"wp:attachment":[{"href":"https:\/\/grandepremio.com\/br\/wp-json\/wp\/v2\/media?parent=130831"}],"wp:term":[{"taxonomy":"category","embeddable":true,"href":"https:\/\/grandepremio.com\/br\/wp-json\/wp\/v2\/categories?post=130831"},{"taxonomy":"post_tag","embeddable":true,"href":"https:\/\/grandepremio.com\/br\/wp-json\/wp\/v2\/tags?post=130831"},{"taxonomy":"42wp_author","embeddable":true,"href":"https:\/\/grandepremio.com\/br\/wp-json\/wp\/v2\/42wp_author?post=130831"}],"curies":[{"name":"wp","href":"https:\/\/api.w.org\/{rel}","templated":true}]}}