{"id":130853,"date":"2019-08-30T11:20:00","date_gmt":"2019-08-30T14:20:00","guid":{"rendered":"https:\/\/grandepremio.com\/br\/noticias\/chefe-ve-sinal-de-prestigio-em-volta-de-galvao-bueno-a-stock-car\/"},"modified":"2020-05-16T17:38:40","modified_gmt":"2020-05-16T20:38:40","slug":"chefe-ve-sinal-de-prestigio-em-volta-de-galvao-bueno-a-stock-car","status":"publish","type":"post","link":"https:\/\/grandepremio.com\/br\/stock-car\/chefe-ve-sinal-de-prestigio-em-volta-de-galvao-bueno-a-stock-car\/","title":{"rendered":"Chefe v\u00ea &#8220;sinal de prest\u00edgio&#8221; em volta de Galv\u00e3o Bueno \u00e0 Stock Car"},"content":{"rendered":"\n<div class=\"embed-responsive embed-responsive-16by9\">\n\t<\/div>\n<p>\n<strong><u><a href=\"https:\/\/www.grandepremio.com\/br\/stock-car\/noticias\/di-grassi-faz-ultrapassagem-irregular-e-excluido-e-mauricio-leva-corrida-do-milhao\"><span style=\"color:#008080\">A Corrida do Milh&atilde;o da Stock Car<\/span><\/a><\/u><\/strong> teve a volta de Galv&atilde;o Bueno &agrave; narra&ccedil;&atilde;o da categoria ap&oacute;s 15 anos afastado, e <strong><u><a href=\"https:\/\/www.grandepremio.com\/br\/stock-car\/noticias\/audiencia-da-globo-cai-com-stock-car-ou-seja-publico-perdeu-show-de-galvao-bueno\"><span style=\"color:#008080\">o narrador foi bem com seu show habitual<\/span><\/a><\/u><\/strong>.<br \/>\n<br \/>\nA organiza&ccedil;&atilde;o da Stock Car, que trocou de m&atilde;os em janeiro deste ano, tem como um de seus motes retomar a notoriedade da categoria ao p&uacute;blico. Desta forma, para Calros Col (o promotor da Vicar, organizadora), o retorno do narrador foi completamente positivo.<br \/>\n<br \/>\n&quot;O S&eacute;rgio Maur&iacute;cio (narrador tradicional da Stock Car no SporTV) &eacute; um excelente narrador, narra bem qualquer tipo de esporte e gosto muito das narra&ccedil;&otilde;es que ele faz para a Stock Car. Evidentemente que o Galv&atilde;o &eacute; o narrador mais antigo da emissora, o #1, e o fato dele vir narrar a Corrida do Milh&atilde;o s&oacute; mostra, digamos a preocupa&ccedil;&atilde;o da emissora em fazer a melhor cobertura poss&iacute;vel da corrida&quot;, disse Col ao <strong>GRANDE PR&Ecirc;MIO<\/strong>.<br \/>\n<br \/>\n&quot;Ent&atilde;o foi &oacute;timo receb&ecirc;-lo, tenho um &oacute;timo relacionamento com ele, de tantos anos, e sem d&uacute;vida foi um sinal de prest&iacute;gio da emissora em envi&aacute;-lo para fazer a narra&ccedil;&atilde;o. Sem qualquer dem&eacute;rito aos outros narradores, principalmente o S&eacute;rgio Maur&iacute;cio, que sou muito f&atilde; dele&quot;, completou.<\/p>\n<div class=\"imagem-noticia\">\n\t<img decoding=\"async\" src=\"https:\/\/www.grandepremio.com\/br\/wp-content\/uploads\/2019\/08\/20198262329932_48623561202_bde3b5c655_o_II.jpg\" title=\"Galv\u00e3o Bueno na Corrida do Milh\u00e3o 2019  (Foto: Duda Bairros\/Vicar)\" \/><\/div>\n<div class=\"legenda-imagem\">\n\t#iconeimagem Galv&atilde;o Bueno na Corrida do Milh&atilde;o 2019 (Foto: Duda Bairros\/Vicar)<\/div>\n<table bgcolor=\"#8B0000\" border=\"1\" cellpadding=\"1\" cellspacing=\"1\" style=\"width: 100%\">\n<tbody>\n<tr>\n<td>\n\t\t\t\t<span style=\"font-size:18px\"><strong><span style=\"color: #FFFAFA\">Paddockast #31<br \/>\n\t\t\t\tQUEM NA F1 PASSA DE ANO?<\/span><\/strong><\/span><br \/>\n\t\t\t\t<br \/>\n\t\t\t\tOu&ccedil;a: <a href=\"http:\/\/open.spotify.com\/show\/5OBbp8MzxQymoyneX4IviF?si=gYqPr53GSaa-AcxFpOzJHg\">Spotify<\/a> | <a href=\"http:\/\/podcasts.apple.com\/br\/podcast\/paddockast\/id1371540198\">iTunes<\/a> | <a href=\"http:\/\/www.subscribeonandroid.com\/www.central3.com.br\/category\/podcasts\/paddockast\/feed\/podcast\/\">Android<\/a> | <a href=\"http:\/\/player.fm\/series\/paddockast\">playerFM<\/a><\/td>\n<\/tr>\n<\/tbody>\n<\/table>\n<p>\n A audi&ecirc;ncia da prova na TV Globo foi boa: deu 9.7 pontos, com cada ponto significando pouco mais de 200 mil pessoas, muito acima do habitual nas transmiss&otilde;es nos SporTV 2 ou 3 &#8211; canais para os quais a categoria foi relegada nesta temporada. Os treinos de classifica&ccedil;&atilde;o, por&eacute;m, s&oacute; s&atilde;o rtransmitidos no site da Globo.<br \/>\n<br \/>\nA Stock Car volta daqui tr&ecirc;s semanas, com rodada dupla no Velopark, dia 15 de setembro. O&nbsp;<strong>GRANDE PR&Ecirc;MIO<\/strong>&nbsp;cobre tudo&nbsp;<em>in loco<\/em>&nbsp;com o rep&oacute;rter Felipe Noronha.&nbsp;<a href=\"https:\/\/www.grandepremio.com\/br\/stock-car\"><span><u><strong>Acompanhe tudo aqui<\/strong><\/u><\/span><\/a>.<br \/><\/p>\n<div>\n<\/div>\n<p><\/p>\n","protected":false},"excerpt":{"rendered":"<p>O retorno de Galv&atilde;o Bueno &agrave; narra&ccedil;&atilde;o da Stock Car, ocorrido na Corrida do Milh&atilde;o deste ano, foi visto com bons olhos pela organiza&ccedil;&atilde;o da categoria. Carlos Col, o promotor, afirmou ao GP que ficou feliz com a volta do narrador ap&oacute;s 15 anos<\/p>\n","protected":false},"author":0,"featured_media":0,"comment_status":"closed","ping_status":"closed","sticky":false,"template":"","format":"standard","meta":{"42wp_featured_image_caption":"","42wp_featured_image_credits":"","42wp_featured_video":"","42wp_featured_image_hidden":false,"42wp_authors_list":[],"footnotes":""},"categories":[11],"tags":[591,2167,69,1210,2007],"42wp_author":[47120],"class_list":["post-130853","post","type-post","status-publish","format-standard","hentry","category-stock-car","tag-carlos-col","tag-galvo-bueno","tag-stock-car","tag-stock-car-2019","tag-tv-globo","42wp_author-pedro-henrique-marum"],"_links":{"self":[{"href":"https:\/\/grandepremio.com\/br\/wp-json\/wp\/v2\/posts\/130853","targetHints":{"allow":["GET"]}}],"collection":[{"href":"https:\/\/grandepremio.com\/br\/wp-json\/wp\/v2\/posts"}],"about":[{"href":"https:\/\/grandepremio.com\/br\/wp-json\/wp\/v2\/types\/post"}],"replies":[{"embeddable":true,"href":"https:\/\/grandepremio.com\/br\/wp-json\/wp\/v2\/comments?post=130853"}],"version-history":[{"count":0,"href":"https:\/\/grandepremio.com\/br\/wp-json\/wp\/v2\/posts\/130853\/revisions"}],"wp:attachment":[{"href":"https:\/\/grandepremio.com\/br\/wp-json\/wp\/v2\/media?parent=130853"}],"wp:term":[{"taxonomy":"category","embeddable":true,"href":"https:\/\/grandepremio.com\/br\/wp-json\/wp\/v2\/categories?post=130853"},{"taxonomy":"post_tag","embeddable":true,"href":"https:\/\/grandepremio.com\/br\/wp-json\/wp\/v2\/tags?post=130853"},{"taxonomy":"42wp_author","embeddable":true,"href":"https:\/\/grandepremio.com\/br\/wp-json\/wp\/v2\/42wp_author?post=130853"}],"curies":[{"name":"wp","href":"https:\/\/api.w.org\/{rel}","templated":true}]}}