{"id":130918,"date":"2020-04-14T09:10:00","date_gmt":"2020-04-14T12:10:00","guid":{"rendered":"https:\/\/grandepremio.com\/br\/noticias\/austria-considera-realizar-gp-de-f1-sem-publico-holanda-faz-oposicao\/"},"modified":"2020-05-22T13:13:15","modified_gmt":"2020-05-22T16:13:15","slug":"austria-considera-realizar-gp-de-f1-sem-publico-holanda-faz-oposicao","status":"publish","type":"post","link":"https:\/\/grandepremio.com\/br\/f1\/austria-considera-realizar-gp-de-f1-sem-publico-holanda-faz-oposicao\/","title":{"rendered":"\u00c1ustria considera realizar GP de F1 sem p\u00fablico. Holanda faz oposi\u00e7\u00e3o"},"content":{"rendered":"\n<div>\n\tA possibilidade de realizar GPs de <a href=\"https:\/\/grandepremio.com\/br\/f1\"><span style=\"color:#ff0000\"><strong>F&oacute;rmula 1<\/strong><\/span><\/a> com port&otilde;es fechados ganhou for&ccedil;a nas &uacute;ltimas semanas, principalmente ap&oacute;s o pr&oacute;prio Liberty Media abrir o jogo a respeito de como realizar a temporada 2020. O calend&aacute;rio, j&aacute; muito afetado pela pandemia do coronav&iacute;rus, agora depende tamb&eacute;m de quais provas poder&atilde;o acontecer sem p&uacute;blico, medida que ainda n&atilde;o encontra consenso.<\/div>\n<div>\n\t&nbsp;<\/div>\n<div>\n\tNa &Aacute;ustria, onde se localiza o Red Bull Ring, a op&ccedil;&atilde;o de correr com port&otilde;es fechados &eacute; avaliada. Werner Kogler, ministro dos esporte do pa&iacute;s, segue no aguardo de movimentos da parte da F1.<\/div>\n<div>\n\t&nbsp;<\/div>\n<div>\n\t&ldquo;Apesar do fato de que n&atilde;o sou respons&aacute;vel por isso, &eacute; algo poss&iacute;vel para mim. Se as equipes de F&oacute;rmula 1 conseguirem se aprontar [para realizar GPs], certamente seria uma possibilidade&rdquo;, disse Kogler, falando ao jornal &lsquo;Kleine Zeitung&rsquo;.<\/div>\n<div>\n<div class=\"imagem-noticia\">\n\t\t<img decoding=\"async\" src=\"https:\/\/www.grandepremio.com\/br\/wp-content\/uploads\/2020\/04\/20199251555397_Zandvoort20202_II.jpg\" title=\"Zandvoort busca ser o palco do GP da Holanda de 2020 (Foto: Jarno Schurgers\/Red Bull Content Pool)\" \/><\/div>\n<div class=\"legenda-imagem\">\n\t\t#iconeimagem O GP da Holanda deveria acontecer em maio, mas foi adiado (Foto: Jarno Schurgers\/Red Bull Content Pool)<\/div>\n<\/div>\n<div>\n\tN&atilde;o muito distante da &Aacute;ustria, a Holanda toma op&ccedil;&atilde;o distinta. Jan Lammers, diretor do GP em Zandvoort e ex-piloto, revela que a organiza&ccedil;&atilde;o da prova s&oacute; vai cogitar fechar port&otilde;es se houver um pedido direto da Federa&ccedil;&atilde;o Internacional de Automobilismo (FIA).<\/div>\n<div>\n\t&nbsp;<\/div>\n<div>\n\t&ldquo;N&atilde;o vamos pensar na op&ccedil;&atilde;o de uma corrida sem p&uacute;blico at&eacute; que a FIA nos pe&ccedil;a isso, e ainda n&atilde;o recebemos nenhum pedido&rdquo;, afirmou Lammers, falando ao site &lsquo;nu.nl&rsquo;. &ldquo;A F1 precisa pensar de forma muito criativa a respeito de como come&ccedil;ar a temporada em meio ao coronav&iacute;rus. <strong><a href=\"https:\/\/grandepremio.com\/br\/f1\/noticias\/f1-planeja-temporada-com-19-etapas-inicio-na-europa-e-ate-portoes-fechados\"><span style=\"color:#ff0000\">O plano do Brawn<\/span><\/a><\/strong> &eacute; uma das v&aacute;rias op&ccedil;&otilde;es. H&aacute; muitas solu&ccedil;&otilde;es hipot&eacute;ticas, mas n&atilde;o &eacute; muito &uacute;til pensar em cada uma enquanto n&atilde;o for algo concreto&rdquo;, seguiu.<\/div>\n<div>\n\t&nbsp;<\/div>\n<div>\n\tO GP da Holanda estava originalmente previsto para 3 de maio, mas foi adiado em mar&ccedil;o. O interesse de realizar a prova em Zandvoort se sustenta principalmente no fato de ser uma novidade no calend&aacute;rio e na febre que &eacute; Max Verstappen para o p&uacute;blico local. J&aacute; o GP da &Aacute;ustria segue marcado para 5 de julho, mas ainda dependendo dos pr&oacute;ximos passos da pandemia em solo europeu.<\/div>\n<div>\n\t&nbsp;<\/div>\n<div class=\"embed-responsive embed-responsive-16by9\">\n\t<br \/>\n\t<\/p>\n<table bgcolor=\"#ADD8E6<br \/>\n&#8221; border=&#8221;1&#8243; cellpadding=&#8221;1&#8243; cellspacing=&#8221;1&#8243; style=&#8221;width: 100%&#8221;><br \/>\n<tbody>\n<tr>\n<td>\n\t\t\t\t\t<span style=\"color:#000000\"><span style=\"font-size:18px\"><strong>Paddockast #56<br \/>\n\t\t\t\t\tQUEM VAI SER O PR&Oacute;XIMO BRASILEIRO NA F1?<\/strong><\/span><\/span><br \/>\n\t\t\t\t\t<br \/>\n\t\t\t\t\tOu&ccedil;a: <a href=\"http:\/\/open.spotify.com\/show\/5OBbp8MzxQymoyneX4IviF?si=gYqPr53GSaa-AcxFpOzJHg\">Spotify<\/a> | <a href=\"http:\/\/podcasts.apple.com\/br\/podcast\/paddockast\/id1371540198\">iTunes<\/a> | <a href=\"http:\/\/www.subscribeonandroid.com\/www.central3.com.br\/category\/podcasts\/paddockast\/feed\/podcast\/\">Android<\/a> | <a href=\"http:\/\/player.fm\/series\/paddockast\">playerFM<\/a><\/td>\n<\/tr>\n<\/tbody>\n<\/table>\n<\/div>\n<table bgcolor=\"#98FB98\" border=\"0\" cellpadding=\"1\" cellspacing=\"1\" style=\"width: 100%\">\n<tbody>\n<tr>\n<td>\n<div>\n\t\t\t\t\t<span style=\"color:#000000\"><span style=\"font-size:18px\"><strong>COMO SE PREVENIR DO CORONAV&Iacute;RUS:<\/strong><\/span><\/span><br \/>\n\t\t\t\t\t&nbsp;<\/div>\n<p>\t\t\t\t<strong><span style=\"font-size:18px\">\u261e&nbsp;Lave as m&atilde;os com &aacute;gua e sab&atilde;o ou use &aacute;lcool em gel.<br \/>\n\t\t\t\t\u261e&nbsp;Cubra o nariz e boca ao espirrar ou tossir.<br \/>\n\t\t\t\t\u261e&nbsp;Evite aglomera&ccedil;&otilde;es.<br \/>\n\t\t\t\t\u261e&nbsp;Mantenha os ambientes bem ventilados.<br \/>\n\t\t\t\t\u261e&nbsp;N&atilde;o compartilhe objetos pessoais.<\/span><\/strong><\/td>\n<\/tr>\n<\/tbody>\n<\/table>\n<p><\/p>\n<div>\n<div>\n<table bgcolor=\"#E6E6E6\" border=\"0\" cellpadding=\"1\" cellspacing=\"1\" style=\"width: 100%\">\n<tbody>\n<tr>\n<td>\n<div>\n\t\t\t\t\t\t\t<b><span style=\"color:#FF0040\">Apoie o <strong> GRANDE PR&Ecirc;MIO<\/strong><\/span><\/b><span style=\"color:#FF0040\">: garanta o futuro do nosso jornalismo <\/span><br \/>\n\t\t\t\t\t\t\t<br \/>\n\t\t\t\t\t\t\tO<strong> GRANDE PR&Ecirc;MIO <\/strong>&eacute; a maior m&iacute;dia digital de esporte a motor do Brasil, na Am&eacute;rica Latina e em L&iacute;ngua Portuguesa, editorialmente independente. Nossa grande equipe produz conte&uacute;do di&aacute;rio e pensa em inova&ccedil;&otilde;es constantemente, e n&atilde;o s&oacute; na internet: uma das nossas atua&ccedil;&otilde;es est&aacute; na realiza&ccedil;&atilde;o de eventos, como a Copa GP de Kart. Assim, seu apoio &eacute; sempre importante.<br \/>\n\t\t\t\t\t\t\t<br \/>\n\t\t\t\t\t\t\t<a href=\"https:\/\/grandepremium.grandepremio.com\/br\/assine\" target=\"_blank\" rel=\"noopener noreferrer\">Assine o GRANDE PREMIUM<\/a>: veja os planos e o que oferecem, tenha &agrave; disposi&ccedil;&atilde;o uma s&eacute;rie de benef&iacute;cios e experi&ecirc;ncias exclusivas, e fa&ccedil;a parte de um grupo especial, a Scuderia GP, com debate em alto n&iacute;vel.<\/div>\n<\/td>\n<\/tr>\n<\/tbody>\n<\/table><\/div>\n<\/div>\n<p><\/p>\n","protected":false},"excerpt":{"rendered":"<p>N&atilde;o h&aacute; consenso a respeito da realiza&ccedil;&atilde;o ou n&atilde;o de GPs de F1 sem p&uacute;blico, medida para aliviar efeitos da pandemia. O ministro dos esportes da &Aacute;ustria se disse aberto &agrave; alternativa, isso enquanto o GP da Holanda espera ordens da FIA<\/p>\n","protected":false},"author":0,"featured_media":0,"comment_status":"closed","ping_status":"closed","sticky":false,"template":"","format":"standard","meta":{"42wp_featured_image_caption":"","42wp_featured_image_credits":"","42wp_featured_video":"","42wp_featured_image_hidden":false,"42wp_authors_list":[],"footnotes":""},"categories":[2],"tags":[118,24837,1388,1763,1389],"42wp_author":[47109],"class_list":["post-130918","post","type-post","status-publish","format-standard","hentry","category-f1","tag-f1-2020","tag-formula-1-2","tag-gp-da-holanda","tag-red-bull-ring","tag-zandvoort","42wp_author-redacao-gp"],"_links":{"self":[{"href":"https:\/\/grandepremio.com\/br\/wp-json\/wp\/v2\/posts\/130918","targetHints":{"allow":["GET"]}}],"collection":[{"href":"https:\/\/grandepremio.com\/br\/wp-json\/wp\/v2\/posts"}],"about":[{"href":"https:\/\/grandepremio.com\/br\/wp-json\/wp\/v2\/types\/post"}],"replies":[{"embeddable":true,"href":"https:\/\/grandepremio.com\/br\/wp-json\/wp\/v2\/comments?post=130918"}],"version-history":[{"count":0,"href":"https:\/\/grandepremio.com\/br\/wp-json\/wp\/v2\/posts\/130918\/revisions"}],"wp:attachment":[{"href":"https:\/\/grandepremio.com\/br\/wp-json\/wp\/v2\/media?parent=130918"}],"wp:term":[{"taxonomy":"category","embeddable":true,"href":"https:\/\/grandepremio.com\/br\/wp-json\/wp\/v2\/categories?post=130918"},{"taxonomy":"post_tag","embeddable":true,"href":"https:\/\/grandepremio.com\/br\/wp-json\/wp\/v2\/tags?post=130918"},{"taxonomy":"42wp_author","embeddable":true,"href":"https:\/\/grandepremio.com\/br\/wp-json\/wp\/v2\/42wp_author?post=130918"}],"curies":[{"name":"wp","href":"https:\/\/api.w.org\/{rel}","templated":true}]}}