{"id":131025,"date":"2020-04-11T06:30:00","date_gmt":"2020-04-11T09:30:00","guid":{"rendered":"https:\/\/grandepremio.com\/br\/noticias\/calderon-admite-surpresa-com-potencia-da-super-formula-maior-do-que-a-f2\/"},"modified":"2020-05-19T16:12:58","modified_gmt":"2020-05-19T19:12:58","slug":"calderon-admite-surpresa-com-potencia-da-super-formula-maior-do-que-a-f2","status":"publish","type":"post","link":"https:\/\/grandepremio.com\/br\/automobilismo\/calderon-admite-surpresa-com-potencia-da-super-formula-maior-do-que-a-f2\/","title":{"rendered":"Calder\u00f3n admite surpresa com pot\u00eancia da Super F\u00f3rmula: \u201cMaior do que a F2\u201d"},"content":{"rendered":"\n<div>\n\tTatiana Calder&oacute;n j&aacute; teve seu primeiro contato com a Super F&oacute;rmula. Ap&oacute;s os treinos coletivos em Fuji, a pilota destacou a surpresa pela pot&ecirc;ncia do carro e aproveitou para apontar a qualidade do grid da categoria.<br \/>\n\t&nbsp;<\/div>\n<div>\n\tA colombiana assumiu o desafio de correr no certame nip&ocirc;nico em 2020. Na equipe Threebond DragoCorse, participou das atividades em 23 e 24 de mar&ccedil;o, onde completou 157 voltas e fechou com o tempo de 1min23s475.<br \/>\n\t&nbsp;<\/div>\n<div>\n\t&ldquo;Fiquei positivamente surpresa, a quantidade de downforce e a pot&ecirc;ncia do carro &eacute; muito maior do que um F&oacute;rmula 2&rdquo;, explicou em entrevista exclusiva ao <strong>GRANDE PR&Ecirc;MIO<\/strong>.<\/p>\n<div class=\"imagem-noticia\">\n\t\t<img decoding=\"async\" src=\"https:\/\/www.grandepremio.com\/br\/wp-content\/uploads\/2020\/04\/202041123214_EUD1FlJUYAQadjM_II.jpg\" title=\"Tatiana Calder\u00f3n (Foto: Reprodu\u00e7\u00e3o)\" \/><\/div>\n<div class=\"legenda-imagem\">\n\t\t#iconeimagem Tatiana Calder&oacute;n (Foto: Reprodu&ccedil;&atilde;o)<\/div>\n<\/div>\n<div>\n\t&ldquo;N&atilde;o tenho d&uacute;vida de que &eacute; o mais pr&oacute;ximo da F1 em termos de velocidade de curva. O n&iacute;vel &eacute; extremamente alto j&aacute; que tem ex-pilotos da F1, vencedores de Le Mans e todos pilotos profissionais que est&atilde;o na categoria por anos&rdquo;, seguiu.<br \/>\n\t&nbsp;<\/div>\n<div>\n\t&ldquo;Estou muito animada e acredito que vou me beneficiar muito da dura competi&ccedil;&atilde;o deste ano. Sou nova no time e n&atilde;o tenho um companheiro para compartilhar informa&ccedil;&atilde;o, ent&atilde;o vai ser desafiador j&aacute; que tamb&eacute;m n&atilde;o conhe&ccedil;o as pistas&rdquo;, concluiu.<br \/>\n\t&nbsp;<\/div>\n<div>\n\tCalder&oacute;n tamb&eacute;m falou da oportunidade recebida para correr na Super F&oacute;rmula. A pilota exaltou a chance, especialmente depois de um ano t&atilde;o dif&iacute;cil na F&oacute;rmula 2, em 2019.<\/div>\n<div>\n\t&nbsp;<\/div>\n<div class=\"embed-responsive embed-responsive-16by9\">\n\t<br \/>\n\t&nbsp;<\/div>\n<table bgcolor=\"#98FB98\" border=\"0\" cellpadding=\"1\" cellspacing=\"1\" style=\"width: 100%\">\n<tbody>\n<tr>\n<td>\n<div>\n\t\t\t\t\t<span style=\"color:#000000\"><span style=\"font-size:18px\"><strong>COMO SE PREVENIR DO CORONAV&Iacute;RUS:<\/strong><\/span><\/span><br \/>\n\t\t\t\t\t&nbsp;<\/div>\n<p>\t\t\t\t<strong><span style=\"font-size:18px\">\u261e&nbsp;Lave as m&atilde;os com &aacute;gua e sab&atilde;o ou use &aacute;lcool em gel.<br \/>\n\t\t\t\t\u261e&nbsp;Cubra o nariz e boca ao espirrar ou tossir.<br \/>\n\t\t\t\t\u261e&nbsp;Evite aglomera&ccedil;&otilde;es.<br \/>\n\t\t\t\t\u261e&nbsp;Mantenha os ambientes bem ventilados.<br \/>\n\t\t\t\t\u261e&nbsp;N&atilde;o compartilhe objetos pessoais.<\/span><\/strong><\/td>\n<\/tr>\n<\/tbody>\n<\/table>\n<p><\/p>\n<div>\n<div>\n<table bgcolor=\"#E6E6E6\" border=\"0\" cellpadding=\"1\" cellspacing=\"1\" style=\"width: 100%\">\n<tbody>\n<tr>\n<td>\n<div>\n\t\t\t\t\t\t\t<b><span style=\"color:#FF0040\">Apoie o <strong> GRANDE PR&Ecirc;MIO<\/strong><\/span><\/b><span style=\"color:#FF0040\">: garanta o futuro do nosso jornalismo <\/span><br \/>\n\t\t\t\t\t\t\t<br \/>\n\t\t\t\t\t\t\tO<strong> GRANDE PR&Ecirc;MIO <\/strong>&eacute; a maior m&iacute;dia digital de esporte a motor do Brasil, na Am&eacute;rica Latina e em L&iacute;ngua Portuguesa, editorialmente independente. Nossa grande equipe produz conte&uacute;do di&aacute;rio e pensa em inova&ccedil;&otilde;es constantemente, e n&atilde;o s&oacute; na internet: uma das nossas atua&ccedil;&otilde;es est&aacute; na realiza&ccedil;&atilde;o de eventos, como a Copa GP de Kart. Assim, seu apoio &eacute; sempre importante.<br \/>\n\t\t\t\t\t\t\t<br \/>\n\t\t\t\t\t\t\t<a href=\"https:\/\/grandepremium.grandepremio.com\/br\/assine\" target=\"_blank\" rel=\"noopener noreferrer\">Assine o GRANDE PREMIUM<\/a>: veja os planos e o que oferecem, tenha &agrave; disposi&ccedil;&atilde;o uma s&eacute;rie de benef&iacute;cios e experi&ecirc;ncias exclusivas, e fa&ccedil;a parte de um grupo especial, a Scuderia GP, com debate em alto n&iacute;vel.<\/div>\n<\/td>\n<\/tr>\n<\/tbody>\n<\/table><\/div>\n<\/div>\n<p><\/p>\n","protected":false},"excerpt":{"rendered":"<p>A colombiana participou de dois dias de testes coletivos da categoria nip&ocirc;nica. Ap&oacute;s o primeiro contato com o carro, destacou a grande pot&ecirc;ncia e downforce que sentiu<\/p>\n","protected":false},"author":0,"featured_media":0,"comment_status":"closed","ping_status":"closed","sticky":false,"template":"","format":"standard","meta":{"42wp_featured_image_caption":"","42wp_featured_image_credits":"","42wp_featured_video":"","42wp_featured_image_hidden":false,"42wp_authors_list":[],"footnotes":""},"categories":[22],"tags":[102,111,2129,1153,3986],"42wp_author":[47123],"class_list":["post-131025","post","type-post","status-publish","format-standard","hentry","category-automobilismo","tag-frmula-2","tag-f2","tag-fuji","tag-tatiana-caldern","tag-teste-coletivo","42wp_author-nathalia-de-vivo"],"_links":{"self":[{"href":"https:\/\/grandepremio.com\/br\/wp-json\/wp\/v2\/posts\/131025","targetHints":{"allow":["GET"]}}],"collection":[{"href":"https:\/\/grandepremio.com\/br\/wp-json\/wp\/v2\/posts"}],"about":[{"href":"https:\/\/grandepremio.com\/br\/wp-json\/wp\/v2\/types\/post"}],"replies":[{"embeddable":true,"href":"https:\/\/grandepremio.com\/br\/wp-json\/wp\/v2\/comments?post=131025"}],"version-history":[{"count":0,"href":"https:\/\/grandepremio.com\/br\/wp-json\/wp\/v2\/posts\/131025\/revisions"}],"wp:attachment":[{"href":"https:\/\/grandepremio.com\/br\/wp-json\/wp\/v2\/media?parent=131025"}],"wp:term":[{"taxonomy":"category","embeddable":true,"href":"https:\/\/grandepremio.com\/br\/wp-json\/wp\/v2\/categories?post=131025"},{"taxonomy":"post_tag","embeddable":true,"href":"https:\/\/grandepremio.com\/br\/wp-json\/wp\/v2\/tags?post=131025"},{"taxonomy":"42wp_author","embeddable":true,"href":"https:\/\/grandepremio.com\/br\/wp-json\/wp\/v2\/42wp_author?post=131025"}],"curies":[{"name":"wp","href":"https:\/\/api.w.org\/{rel}","templated":true}]}}