{"id":131166,"date":"2020-04-06T10:01:00","date_gmt":"2020-04-06T13:01:00","guid":{"rendered":"https:\/\/grandepremio.com\/br\/noticias\/williams-da-ferias-coletivas-a-funcionarios-e-corta-salario-de-pilotos-e-executivos-em-20\/"},"modified":"2020-05-22T12:57:29","modified_gmt":"2020-05-22T15:57:29","slug":"williams-da-ferias-coletivas-a-funcionarios-e-corta-salario-de-pilotos-e-executivos-em-20","status":"publish","type":"post","link":"https:\/\/grandepremio.com\/br\/f1\/williams-da-ferias-coletivas-a-funcionarios-e-corta-salario-de-pilotos-e-executivos-em-20\/","title":{"rendered":"Williams d\u00e1 f\u00e9rias coletivas a funcion\u00e1rios e corta sal\u00e1rio de pilotos e executivos em 20%"},"content":{"rendered":"\n<div>\n\tA Williams anunciou nesta segunda-feira (6) a ado&ccedil;&atilde;o de uma s&eacute;rie de medidas para cortar os custos. Os rendimentos das equipes de <strong><a href=\"https:\/\/grandepremio.com\/br\/f1\"><span style=\"color:#ff0000\">F&oacute;rmula 1<\/span><\/a><\/strong> ca&iacute;ram bastante por conta da suspens&atilde;o das atividades em meio &agrave; pandemia de coronav&iacute;rus.<\/div>\n<div>\n\t&nbsp;<\/div>\n<div>\n\tEm um comunicado enviado &agrave; imprensa nesta manh&atilde;, a escuderia inglesa informou que deu f&eacute;rias coletivas a um grupo de funcion&aacute;rios e, al&eacute;m disso, cortou em 20% o sal&aacute;rio dos pilotos e dos executivos do time.&nbsp;A Williams conta com aproximadamente 650 funcion&aacute;rios.<\/div>\n<div>\n<div class=\"imagem-noticia\">\n\t\t<img decoding=\"async\" src=\"https:\/\/www.grandepremio.com\/br\/wp-content\/uploads\/2020\/04\/2020221816522_williams-latifi-01_II.jpg\" title=\"Nicholas Latifi (Foto: Williams)\" \/><\/div>\n<div class=\"legenda-imagem\">\n\t\t#iconeimagem Nicholas Latifi (Foto: Williams)<\/div>\n<\/div>\n<table bgcolor=\"#ADD8E6\" border=\"1\" cellpadding=\"1\" cellspacing=\"1\" style=\"width: 100%\">\n<tbody>\n<tr>\n<td>\n\t\t\t\t<span style=\"color:#000000\"><span style=\"font-size:18px\"><strong><span style=\"font-size:20px\">Paddockast #55<\/span><br \/>\n\t\t\t\tUm bate-papo com&#8230; RUBENS BARRICHELLO<\/strong><\/span><br \/>\n\t\t\t\t<br \/>\n\t\t\t\tOu&ccedil;a:<\/span> <a href=\"http:\/\/open.spotify.com\/show\/5OBbp8MzxQymoyneX4IviF?si=gYqPr53GSaa-AcxFpOzJHg\"><span style=\"color:#000080\">Spotify<\/span><\/a><span style=\"color:#000080\"> <\/span><span style=\"color:#000000\">|<\/span> <a href=\"http:\/\/podcasts.apple.com\/br\/podcast\/paddockast\/id1371540198\"><span style=\"color:#000080\">iTunes<\/span><\/a><span style=\"color:#000080\"> <\/span><span style=\"color:#000000\">|<\/span> <a href=\"http:\/\/www.subscribeonandroid.com\/www.central3.com.br\/category\/podcasts\/paddockast\/feed\/podcast\/\"><span style=\"color:#000080\">Android<\/span><\/a><span style=\"color:#000080\"> <\/span><span style=\"color:#000000\">|<\/span> <a href=\"http:\/\/player.fm\/series\/paddockast\"><span style=\"color:#000080\">playerFM<\/span><\/a><\/td>\n<\/tr>\n<\/tbody>\n<\/table>\n<p><\/p>\n<div>\n<div>\n\t\t&ldquo;Por conta da situa&ccedil;&atilde;o em curso envolvendo a Covid-19, a Williams est&aacute; temporariamente colocando v&aacute;rios funcion&aacute;rios em f&eacute;rias coletivas como parte de uma ampla gama de medidas para cortar os custos&rdquo;, disse a Williams em nota. &ldquo;Esse per&iacute;odo de licen&ccedil;a vai durar at&eacute; o fim de maio, enquanto que os executivos e os nossos pilotos ter&atilde;o um corte salarial de 20% a partir de 1 de abril&rdquo;, seguiu.<\/div>\n<div>\n\t\t&nbsp;<\/div>\n<div>\n\t\t&ldquo;Essas decis&otilde;es n&atilde;o foram tomadas de forma tranquila. No entanto, a nossa meta &eacute; proteger o emprego dos nossos funcion&aacute;rios em Grove e garantir que eles possam retornar ao trabalho em tempo integral quando a situa&ccedil;&atilde;o permitir&rdquo;, completou.<\/div>\n<div>\n\t\t&nbsp;<\/div>\n<div>\n\t\tO corte de 20% nos sal&aacute;rios vai na linha das medidas adotadas pelo Reino Unido para reduzir o impacto econ&ocirc;mico da pandemia. Para evitar demiss&otilde;es em massa, o governo implantou um sistema de licen&ccedil;as para empresas que foram duramente atingidas pelo isolamento social e vai assumir temporariamente o pagamento dos sal&aacute;rios de quem n&atilde;o pode trabalhar. Quem entrar em licen&ccedil;a, segue na folha de pagamento, mesmo sem atividade.<\/div>\n<div>\n\t\t&nbsp;<\/div>\n<div>\n\t\tPelo programa, as empresas podem reivindicar do governo 80% dos sal&aacute;rios de seus funcion&aacute;rios, mas o montante est&aacute; limitado a &pound; 2,5 mil (cerca de R$ 16,1 mil) mensais por pessoa.&nbsp;<\/div>\n<div>\n\t\t&nbsp;<\/div>\n<table bgcolor=\"#98FB98\" border=\"0\" cellpadding=\"1\" cellspacing=\"1\" style=\"width: 100%\">\n<tbody>\n<tr>\n<td>\n<div>\n\t\t\t\t\t\t<span style=\"color:#000000\"><span style=\"font-size:18px\"><strong>COMO SE PREVENIR DO CORONAV&Iacute;RUS:<\/strong><\/span><\/span><br \/>\n\t\t\t\t\t\t&nbsp;<\/div>\n<p>\t\t\t\t\t<strong><span style=\"font-size:18px\">\u261e&nbsp;Lave as m&atilde;os com &aacute;gua e sab&atilde;o ou use &aacute;lcool em gel.<br \/>\n\t\t\t\t\t\u261e&nbsp;Cubra o nariz e boca ao espirrar ou tossir.<br \/>\n\t\t\t\t\t\u261e&nbsp;Evite aglomera&ccedil;&otilde;es se estiver doente.<br \/>\n\t\t\t\t\t\u261e&nbsp;Mantenha os ambientes bem ventilados.<br \/>\n\t\t\t\t\t\u261e&nbsp;N&atilde;o compartilhe objetos pessoais.<\/span><\/strong><\/td>\n<\/tr>\n<\/tbody>\n<\/table>\n<p><\/p>\n<div class=\"embed-responsive embed-responsive-16by9\">\n\t\t<br \/>\n\t\t&nbsp;<\/div>\n<p><\/p>\n<table bgcolor=\"#E6E6E6\" border=\"0\" cellpadding=\"1\" cellspacing=\"1\" style=\"width: 100%\">\n<tbody>\n<tr>\n<td>\n<div>\n\t\t\t\t\t\t<b><span style=\"color:#FF0040\">Apoie o <strong> GRANDE PR&Ecirc;MIO<\/strong><\/span><\/b><span style=\"color:#FF0040\">: garanta o futuro do nosso jornalismo <\/span><br \/>\n\t\t\t\t\t\t<br \/>\n\t\t\t\t\t\tO<strong> GRANDE PR&Ecirc;MIO <\/strong>&eacute; a maior m&iacute;dia digital de esporte a motor do Brasil, na Am&eacute;rica Latina e em L&iacute;ngua Portuguesa, editorialmente independente. Nossa grande equipe produz conte&uacute;do di&aacute;rio e pensa em inova&ccedil;&otilde;es constantemente, e n&atilde;o s&oacute; na internet: uma das nossas atua&ccedil;&otilde;es est&aacute; na realiza&ccedil;&atilde;o de eventos, como a Copa GP de Kart. Assim, seu apoio &eacute; sempre importante.<br \/>\n\t\t\t\t\t\t<br \/>\n\t\t\t\t\t\t<a href=\"https:\/\/grandepremium.grandepremio.com\/br\/assine\" target=\"_blank\" rel=\"noopener noreferrer\">Assine o GRANDE PREMIUM<\/a>: veja os planos e o que oferecem, tenha &agrave; disposi&ccedil;&atilde;o uma s&eacute;rie de benef&iacute;cios e exper&ecirc;ncias exclusivas, e fa&ccedil;a parte de um grupo especial, a Scuderia GP, com debate em alto n&iacute;vel.<\/div>\n<\/td>\n<\/tr>\n<\/tbody>\n<\/table>\n<\/div>\n<p><\/p>\n","protected":false},"excerpt":{"rendered":"<p>A Williams anunciou nesta segunda-feira (6) que adotou uma s&eacute;rie de medidas para controlar os gastos na temporada 2020. O campeonato da F&oacute;rmula 1 sequer come&ccedil;ou por conta da pandemia de coronav&iacute;rus<\/p>\n","protected":false},"author":0,"featured_media":0,"comment_status":"closed","ping_status":"closed","sticky":false,"template":"","format":"standard","meta":{"42wp_featured_image_caption":"","42wp_featured_image_credits":"","42wp_featured_video":"","42wp_featured_image_hidden":false,"42wp_authors_list":[],"footnotes":""},"categories":[2],"tags":[221,85,182,147,118,278,25070,215],"42wp_author":[47109],"class_list":["post-131166","post","type-post","status-publish","format-standard","hentry","category-f1","tag-coronavrus","tag-frmula-1","tag-frmula-1-2020","tag-f1","tag-f1-2020","tag-horrio-f1-2020","tag-italia-2","tag-williams","42wp_author-redacao-gp"],"_links":{"self":[{"href":"https:\/\/grandepremio.com\/br\/wp-json\/wp\/v2\/posts\/131166","targetHints":{"allow":["GET"]}}],"collection":[{"href":"https:\/\/grandepremio.com\/br\/wp-json\/wp\/v2\/posts"}],"about":[{"href":"https:\/\/grandepremio.com\/br\/wp-json\/wp\/v2\/types\/post"}],"replies":[{"embeddable":true,"href":"https:\/\/grandepremio.com\/br\/wp-json\/wp\/v2\/comments?post=131166"}],"version-history":[{"count":0,"href":"https:\/\/grandepremio.com\/br\/wp-json\/wp\/v2\/posts\/131166\/revisions"}],"wp:attachment":[{"href":"https:\/\/grandepremio.com\/br\/wp-json\/wp\/v2\/media?parent=131166"}],"wp:term":[{"taxonomy":"category","embeddable":true,"href":"https:\/\/grandepremio.com\/br\/wp-json\/wp\/v2\/categories?post=131166"},{"taxonomy":"post_tag","embeddable":true,"href":"https:\/\/grandepremio.com\/br\/wp-json\/wp\/v2\/tags?post=131166"},{"taxonomy":"42wp_author","embeddable":true,"href":"https:\/\/grandepremio.com\/br\/wp-json\/wp\/v2\/42wp_author?post=131166"}],"curies":[{"name":"wp","href":"https:\/\/api.w.org\/{rel}","templated":true}]}}