{"id":131194,"date":"2019-08-25T13:06:00","date_gmt":"2019-08-25T16:06:00","guid":{"rendered":"https:\/\/grandepremio.com\/br\/noticias\/zarco-e-punido-por-acidente-com-oliveira-e-perde-posicoes-no-grid-em-san-marino\/"},"modified":"2020-05-16T18:29:40","modified_gmt":"2020-05-16T21:29:40","slug":"zarco-e-punido-por-acidente-com-oliveira-e-perde-posicoes-no-grid-em-san-marino","status":"publish","type":"post","link":"https:\/\/grandepremio.com\/br\/motogp\/zarco-e-punido-por-acidente-com-oliveira-e-perde-posicoes-no-grid-em-san-marino\/","title":{"rendered":"Zarco \u00e9 punido por acidente com Oliveira e perde posi\u00e7\u00f5es no grid em San Marino"},"content":{"rendered":"\n<div>\n\tJohann Zarco sofreu um rev&eacute;s ap&oacute;s o <a href=\"https:\/\/www.grandepremio.com\/br\/motogp\/noticias\/em-final-eletrizante-rins-bate-marquez-na-curva-final-e-vence-em-silverstone\">GP da Gr&atilde;-Bretanha<\/a>. Neste domingo (25), ap&oacute;s causar n&atilde;o s&oacute; seu abandono, mas tamb&eacute;m o de Miguel Oliveira, o piloto recebeu uma puni&ccedil;&atilde;o com perda de posi&ccedil;&otilde;es na pr&oacute;xima etapa.<br \/>\n\t&nbsp;<\/div>\n<div>\n\tNa corrida em Silverstone, o titular da KTM foi tentar ultrapassar o competidor da Tech3. Entretanto, em um lance ousado, acabou batendo no #88, com os dois indo ao ch&atilde;o na curva 14 e encerrando ambas disputas.<\/p>\n<div class=\"imagem-noticia\">\n\t\t<img decoding=\"async\" src=\"https:\/\/www.grandepremio.com\/br\/wp-content\/uploads\/2019\/08\/2019825133867_EC0N8UpWwAAHOm3_II.jpg\" title=\"O momento do acidente (Foto: Reprodu\u00e7\u00e3o)\" \/><\/div>\n<div class=\"legenda-imagem\">\n\t\t#iconeimagem O momento do acidente (Foto: Reprodu&ccedil;&atilde;o)<\/div>\n<\/div>\n<div style=\"float: left;margin-right: 15px;margin-bottom:15px\">\n\t<\/div>\n<p>Ent&atilde;o, ap&oacute;s os comiss&aacute;rios analisarem o acontecimento, o franc&ecirc;s acabou recebendo uma puni&ccedil;&atilde;o por pilotar de forma irrespons&aacute;vel e causando um acidente. Com isso, perde tr&ecirc;s posi&ccedil;&otilde;es no grid da pr&oacute;xima corrida, em San Marino.<br \/>\n&nbsp;<\/p>\n<div>\n\tA temporada de Johann est&aacute; bastante complicada. Sofrendo para se adaptar com a KTM, j&aacute; anunciou que vai quebrar contrato com a f&aacute;brica austr&iacute;aca ao final de 2019. Hoje, aparece em 18&ordm; na classifica&ccedil;&atilde;o com 22 pontos somados.&nbsp;<\/div>\n<div>\n\t&nbsp;<\/div>\n<blockquote class=\"twitter-tweet\">\n<p dir=\"ltr\" lang=\"en\">\n\t\tDisaster for KTM! ?<a href=\"https:\/\/twitter.com\/JohannZarco1?ref_src=twsrc%5Etfw\">@JohannZarco1<\/a> loses the front at The Loop and takes out <a href=\"https:\/\/twitter.com\/_moliveira88?ref_src=twsrc%5Etfw\">@_moliveira88<\/a>! ?<a href=\"https:\/\/twitter.com\/hashtag\/BritishGP?src=hash&amp;ref_src=twsrc%5Etfw\">#BritishGP<\/a> ?? <a href=\"https:\/\/t.co\/fhBYoy0hYJ\">pic.twitter.com\/fhBYoy0hYJ<\/a><\/p>\n<p>\t&mdash; MotoGP&trade; ?? (@MotoGP) <a href=\"https:\/\/twitter.com\/MotoGP\/status\/1165600309856604162?ref_src=twsrc%5Etfw\">August 25, 2019<\/a><\/p><\/blockquote>\n<div class=\"embed-responsive embed-responsive-16by9\">\n\t<\/div>\n<p><\/p>\n<table bgcolor=\"#990033\" border=\"1\" cellpadding=\"1\" cellspacing=\"1\" style=\"width: 100%\">\n<\/table>\n<table bgcolor=\"#8B0000\" border=\"1\" cellpadding=\"1\" cellspacing=\"1\" style=\"width: 100%\">\n<tbody>\n<tr>\n<td>\n\t\t\t\t<span style=\"font-size:18px\"><strong><span style=\"color: #FFFAFA\">Paddockast #30<br \/>\n\t\t\t\tSHOW DO MILH&Atilde;O!<\/span><\/strong><\/span><br \/>\n\t\t\t\t<br \/>\n\t\t\t\tOu&ccedil;a: <a href=\"http:\/\/open.spotify.com\/show\/5OBbp8MzxQymoyneX4IviF?si=gYqPr53GSaa-AcxFpOzJHg\">Spotify<\/a> | <a href=\"http:\/\/podcasts.apple.com\/br\/podcast\/paddockast\/id1371540198\">iTunes<\/a> | <a href=\"http:\/\/www.subscribeonandroid.com\/www.central3.com.br\/category\/podcasts\/paddockast\/feed\/podcast\/\">Android<\/a> | <a href=\"http:\/\/player.fm\/series\/paddockast\">playerFM<\/a><\/td>\n<\/tr>\n<\/tbody>\n<\/table>\n<p><\/p>\n<div>\n<\/div>\n<p><\/p>\n","protected":false},"excerpt":{"rendered":"<p>Johann Zarco sofreu um grande rev&eacute;s em sua prova em San Marino, pr&oacute;xima etapa da MotoGP. Ap&oacute;s provocar um acidente com Miguel Oliveira, o franc&ecirc;s foi punido e perde tr&ecirc;s posi&ccedil;&otilde;es no grid da corrida italiana<\/p>\n","protected":false},"author":0,"featured_media":0,"comment_status":"closed","ping_status":"closed","sticky":false,"template":"","format":"standard","meta":{"42wp_featured_image_caption":"","42wp_featured_image_credits":"","42wp_featured_video":"","42wp_featured_image_hidden":false,"42wp_authors_list":[],"footnotes":""},"categories":[8],"tags":[3631,144,132,149,79,1657,78,226,1814,3632,138],"42wp_author":[47109],"class_list":["post-131194","post","type-post","status-publish","format-standard","hentry","category-motogp","tag-gp-da-gr-bretanha","tag-johann-zarco","tag-ktm","tag-miguel-oliveira","tag-moto-gp","tag-moto-gp-2019","tag-motogp","tag-motogp-2019","tag-punio","tag-silverstone","tag-tech3","42wp_author-redacao-gp"],"_links":{"self":[{"href":"https:\/\/grandepremio.com\/br\/wp-json\/wp\/v2\/posts\/131194","targetHints":{"allow":["GET"]}}],"collection":[{"href":"https:\/\/grandepremio.com\/br\/wp-json\/wp\/v2\/posts"}],"about":[{"href":"https:\/\/grandepremio.com\/br\/wp-json\/wp\/v2\/types\/post"}],"replies":[{"embeddable":true,"href":"https:\/\/grandepremio.com\/br\/wp-json\/wp\/v2\/comments?post=131194"}],"version-history":[{"count":0,"href":"https:\/\/grandepremio.com\/br\/wp-json\/wp\/v2\/posts\/131194\/revisions"}],"wp:attachment":[{"href":"https:\/\/grandepremio.com\/br\/wp-json\/wp\/v2\/media?parent=131194"}],"wp:term":[{"taxonomy":"category","embeddable":true,"href":"https:\/\/grandepremio.com\/br\/wp-json\/wp\/v2\/categories?post=131194"},{"taxonomy":"post_tag","embeddable":true,"href":"https:\/\/grandepremio.com\/br\/wp-json\/wp\/v2\/tags?post=131194"},{"taxonomy":"42wp_author","embeddable":true,"href":"https:\/\/grandepremio.com\/br\/wp-json\/wp\/v2\/42wp_author?post=131194"}],"curies":[{"name":"wp","href":"https:\/\/api.w.org\/{rel}","templated":true}]}}