{"id":13129,"date":"2026-01-13T12:07:01","date_gmt":"2026-01-13T15:07:01","guid":{"rendered":"https:\/\/grandepremio.com\/br\/noticias\/cadillac-revela-pintura-especial-carro-testes-privados-barcelona\/"},"modified":"2026-01-13T12:41:16","modified_gmt":"2026-01-13T15:41:16","slug":"cadillac-revela-pintura-especial-carro-testes-privados-barcelona","status":"publish","type":"post","link":"https:\/\/grandepremio.com\/br\/f1\/cadillac-revela-pintura-especial-carro-testes-privados-barcelona\/","title":{"rendered":"Cadillac revela pintura especial de carro para testes privados em Barcelona"},"content":{"rendered":"\n<p class=\"wp-block-paragraph\">A <strong>Cadillac <\/strong>divulgou nesta ter\u00e7a-feira (13) a pintura que usar\u00e1 nos carros durante os testes coletivos que acontecem de 26 a 30 de janeiro, em <strong>Barcelona<\/strong>. Trata-se de um layout especial diferente do oficial, que ser\u00e1 revelado ao mundo somente em 8 de fevereiro.<\/p>\n\n\n\n<p class=\"wp-block-paragraph\">Por conta da mudan\u00e7a de regulamento, com as novas unidades de pot\u00eancia e a introdu\u00e7\u00e3o da aerodin\u00e2mica ativa, as equipes ter\u00e3o \u00e0 disposi\u00e7\u00e3o tr\u00eas grupos de testes coletivos durante a pr\u00e9-temporada. Os primeiros, no entanto, ser\u00e3o privadas ao p\u00fablico e \u00e0 imprensa.<\/p>\n\n\n\n<p class=\"wp-block-paragraph\">A pintura divulgada via redes sociais traz o logo prateado da Cadillac no fundo de carbono tomando a parte traseira do carro. A expectativa, ali\u00e1s, \u00e9 que todas as equipes lancem pinturas conceituais durante os cinco dias de atividades em Barcelona.<\/p>\n\n\n\n<figure class=\"wp-block-image size-full\"><img decoding=\"async\" src=\"https:\/\/www.grandepremio.com\/br\/wp-content\/uploads\/2026\/01\/snaplytics.io_photo_4.jpg\" alt=\"\" class=\"wp-image-1049701\"\/><figcaption class=\"wp-element-caption\">A Cadillac vai usar uma pintura especial no shakedown em Barcelona (Foto: Cadillac F1)<\/figcaption><\/figure>\n\n\n\n<p class=\"wp-block-paragraph\">&nbsp;<strong><a href=\"https:\/\/www.grandepremio.com\/br\/f1\/\">F\u00f3rmula 1<\/a><\/strong>&nbsp;est\u00e1 de f\u00e9rias. Os carros voltam a acelerar de&nbsp;<strong>26 a 30 de janeiro<\/strong>&nbsp;em testes privados em&nbsp;<strong>Barcelona<\/strong>. Depois, seguem para o&nbsp;<strong>Bahrein&nbsp;<\/strong>para mais duas sess\u00f5es da pr\u00e9-temporada: de&nbsp;<strong>11 a 13 de fevereiro<\/strong>&nbsp;e de&nbsp;<strong>18 a 20 de fevereiro<\/strong>. O<strong>&nbsp;GRANDE PR\u00caMIO&nbsp;<\/strong>acompanha todas as atividades de 2026.<\/p>\n\n\n\n<h2 class=\"wp-block-heading\" id=\"h-confira-datas-de-lancamento-dos-carros-da-f1-2026\">Confira datas de lan\u00e7amento dos carros da F1 2026<\/h2>\n\n\n\n<p class=\"wp-block-paragraph\"><strong>Red Bull<\/strong>\u00a0e\u00a0<strong>Racing Bulls<\/strong>\u00a0abrem os lan\u00e7amentos no dia\u00a0<strong>15 de janeiro<\/strong>. A pr\u00f3xima na lista \u00e9 a\u00a0<strong>Audi<\/strong>, equipe de\u00a0<strong>Gabriel Bortoleto<\/strong>, revelando o carro da equipe em\u00a0<strong>20 de janeiro<\/strong>. A equipe alem\u00e3 colocou o\u00a0<a href=\"https:\/\/www.grandepremio.com\/br\/f1\/noticias\/audi-completa-1o-teste-carro-2026-gabriel-bortoleto-nico-hulkenberg-barcelona\/\">primeiro monoposto nas pistas na \u00faltima sexta-feira (9), em dia de filmagens privado<\/a>. Para saber as datas de lan\u00e7amento dos carros de todas as equipes, <a href=\"https:\/\/www.grandepremio.com\/br\/f1\/noticias\/confira-calendario-completo-lancamentos-carros-formula-1-2026\/\">clique aqui<\/a>.<\/p>\n\n\n\n<p class=\"wp-block-paragraph\">\u25b6\ufe0f&nbsp;<strong>Inscreva-se nos dois canais do GRANDE PR\u00caMIO no YouTube:&nbsp;<a href=\"https:\/\/www.youtube.com\/channel\/UC9OlHEgxoaY6QY6nWPoiqQg?sub_confirmation=1\" target=\"_blank\" rel=\"noreferrer noopener\">GP<\/a>&nbsp;|&nbsp;<a href=\"https:\/\/www.youtube.com\/channel\/UC9csiS6q_C3C0FYhyr1rnFA?sub_confirmation=1\" target=\"_blank\" rel=\"noreferrer noopener\">GP2<\/a><\/strong><\/p>\n\n\n\n<h2 class=\"wp-block-heading\" id=\"h-f1-hoje-saiba-aqui-as-noticias-mais-importantes-do-dia-da-formula-1\">F1 hoje: saiba aqui as not\u00edcias mais importantes do dia da F\u00f3rmula 1<\/h2>\n\n\n\n<p class=\"wp-block-paragraph\"><strong>\u25b6\ufe0f&nbsp;<a href=\"https:\/\/www.grandepremio.com\/br\/galeria\/f1\/velozes-criminosos-pilotos-esporte-motor-f1-motogp-nascar-foram-parar-prisao\/\">Velozes e criminosos! Os pilotos do esporte a motor que j\u00e1 foram parar na pris\u00e3o<\/a><br>\u25b6\ufe0f&nbsp;<a href=\"https:\/\/www.grandepremio.com\/br\/f1\/noticias\/merdas-acontecem-ceo-mclaren-assume-erros-valoriza-licoes-formula-1-2025\/\">\u201cMerdas acontecem\u201d: CEO da McLaren assume erros, mas valoriza li\u00e7\u00f5es da F1 2025<\/a><br>\u25b6\ufe0f&nbsp;<a href=\"https:\/\/www.grandepremio.com\/br\/f1\/noticias\/alpine-anuncia-fim-vinculo-jack-doohan-formula-1-apos-4-anos\/\">Alpine anuncia fim de v\u00ednculo com Doohan na F\u00f3rmula 1 ap\u00f3s 4 anos<\/a><br>\u25b6\ufe0f&nbsp;<a href=\"https:\/\/www.grandepremio.com\/br\/f1\/noticias\/pierre-gasly-recorda-morte-anthoine-hubert-levei-anos-para-aceitar\/\">Gasly recorda morte de Hubert e admite: \u201cLevei anos para aceitar\u201d<\/a><\/strong><\/p>\n","protected":false},"excerpt":{"rendered":"<p>A Cadillac usou o layout do logo na parte traseira do carro que ser\u00e1 usado durante as atividades de testes privados em Barcelona, que abrem a pr\u00e9-temporada da F1 2026<\/p>\n","protected":false},"author":0,"featured_media":1001049710,"comment_status":"closed","ping_status":"closed","sticky":false,"template":"","format":"standard","meta":{"42wp_featured_image_caption":"","42wp_featured_image_credits":"","42wp_featured_video":"","42wp_featured_image_hidden":false,"42wp_authors_list":[],"footnotes":""},"categories":[2],"tags":[304,729,26271,5273,147,29516,29148,180,31425,28995,1491,28285,30840,35129,45626,31470],"42wp_author":[47147],"class_list":["post-13129","post","type-post","status-publish","format-standard","has-post-thumbnail","hentry","category-f1","tag-barcelona","tag-cadillac","tag-calendario-f1","tag-classificacao-f1","tag-f1","tag-f1-2026","tag-f1-hoje","tag-formula-1","tag-formula-1-2026","tag-formula-1-hoje","tag-grande-premio","tag-grandepremio","tag-horarios-f1","tag-onde-assistir-f1","tag-pre-temporada-f1-2026","tag-temporada-2026-f1","42wp_author-luana-marino"],"_links":{"self":[{"href":"https:\/\/grandepremio.com\/br\/wp-json\/wp\/v2\/posts\/13129","targetHints":{"allow":["GET"]}}],"collection":[{"href":"https:\/\/grandepremio.com\/br\/wp-json\/wp\/v2\/posts"}],"about":[{"href":"https:\/\/grandepremio.com\/br\/wp-json\/wp\/v2\/types\/post"}],"replies":[{"embeddable":true,"href":"https:\/\/grandepremio.com\/br\/wp-json\/wp\/v2\/comments?post=13129"}],"version-history":[{"count":0,"href":"https:\/\/grandepremio.com\/br\/wp-json\/wp\/v2\/posts\/13129\/revisions"}],"wp:featuredmedia":[{"embeddable":true,"href":"https:\/\/grandepremio.com\/br\/wp-json\/wp\/v2\/media\/1001049710"}],"wp:attachment":[{"href":"https:\/\/grandepremio.com\/br\/wp-json\/wp\/v2\/media?parent=13129"}],"wp:term":[{"taxonomy":"category","embeddable":true,"href":"https:\/\/grandepremio.com\/br\/wp-json\/wp\/v2\/categories?post=13129"},{"taxonomy":"post_tag","embeddable":true,"href":"https:\/\/grandepremio.com\/br\/wp-json\/wp\/v2\/tags?post=13129"},{"taxonomy":"42wp_author","embeddable":true,"href":"https:\/\/grandepremio.com\/br\/wp-json\/wp\/v2\/42wp_author?post=13129"}],"curies":[{"name":"wp","href":"https:\/\/api.w.org\/{rel}","templated":true}]}}