{"id":131364,"date":"2020-03-31T11:41:00","date_gmt":"2020-03-31T14:41:00","guid":{"rendered":"https:\/\/grandepremio.com\/br\/noticias\/empresario-de-vips-e-diagnosticado-com-coronavirus-apos-testes-da-super-formula\/"},"modified":"2020-05-19T16:35:29","modified_gmt":"2020-05-19T19:35:29","slug":"empresario-de-vips-e-diagnosticado-com-coronavirus-apos-testes-da-super-formula","status":"publish","type":"post","link":"https:\/\/grandepremio.com\/br\/automobilismo\/empresario-de-vips-e-diagnosticado-com-coronavirus-apos-testes-da-super-formula\/","title":{"rendered":"Empres\u00e1rio de Vips \u00e9 diagnosticado com coronav\u00edrus ap\u00f3s testes da Super Formula"},"content":{"rendered":"\n<div>\n\tHoras depois da<a href=\"https:\/\/www.grandepremio.com\/br\/outras\/noticias\/super-formula-volta-a-adiar-etapa-e-abertura-da-temporada-fica-para-junho\"> Super Formula confirmar o adiamento do in&iacute;cio da temporada para junho<\/a>, a equipe Mugen anunciou que um empres&aacute;rio de um dos pilotos foi diagnosticado com COVID-19. <a href=\"https:\/\/www.grandepremio.com\/br\/outras\/noticias\/fukuzumi-lidera-segundo-dia-de-testes-da-super-formula-sette-camara-fecha-no-top-10\">O teste aconteceu ap&oacute;s a pr&eacute;-temporada da categoria japonesa<\/a>, realizada na &uacute;ltima semana.<\/div>\n<div>\n\t&nbsp;<\/div>\n<div>\n\tApesar do time n&atilde;o confirmar, o site norte-americano &lsquo;Motorsport.com&rsquo; apurou que se trata de Marko Asmer, empres&aacute;rio do piloto estoniano J&uuml;ri Vips, membro do programa de jovens pilotos da Red Bull.<\/div>\n<div>\n\t&nbsp;<\/div>\n<div>\n\t&quot;A Team Mugen confirma que o empres&aacute;rio de um dos nossos pilotos est&aacute; infectado com coronav&iacute;rus. Ap&oacute;s a pr&eacute;-temporada em Fuji, foi descoberto o exame em um laborat&oacute;rio estrangeiro. Baseando-se na notifica&ccedil;&atilde;o da nossa equipe, os funcion&aacute;rios que participaram do teste j&aacute; pararam de trabalhar&quot;, comunicou o time.<\/div>\n<div>\n<div class=\"imagem-noticia\">\n\t\t<img decoding=\"async\" src=\"https:\/\/www.grandepremio.com\/br\/wp-content\/uploads\/2020\/03\/20203311138278_Vips_II.jpg\" title=\"J\u00fcri Vips (Foto: Reprodu\u00e7\u00e3o)\" \/><\/div>\n<div class=\"legenda-imagem\">\n\t\t#iconeimagem J&uuml;ri Vips (Foto: Reprodu&ccedil;&atilde;o)<\/div>\n<\/div>\n<div>\n\tAl&eacute;m de Vips, a Mugen tamb&eacute;m tem o japon&ecirc;s Tomoki Nojiri.<\/div>\n<div>\n\t&nbsp;<\/div>\n<div>\n\tA Super Formula est&aacute; prevista para come&ccedil;ar no dia 21 de junho, em Sugo. Etapas de Suzuka, Fuji e Autopolis foram adiadas e aguardam novas datas. S&eacute;rgio Sette C&acirc;mara &eacute; o &uacute;nico piloto brasileiro na categoria.<\/div>\n<div>\n\t&nbsp;<\/div>\n<table bgcolor=\"#ADD8E6<br \/>\n&#8221; border=&#8221;1&#8243; cellpadding=&#8221;1&#8243; cellspacing=&#8221;1&#8243; style=&#8221;width: 100%&#8221;><br \/>\n<tbody>\n<tr>\n<td>\n\t\t\t\t<span style=\"color:#000000\"><span style=\"font-size:18px\"><strong>Paddockast #54<br \/>\n\t\t\t\tNO ANO DA DAN&Ccedil;A DAS CADEIRAS, QUEM DEVE FICAR SEM CONTRATO?<\/strong><\/span><\/span><br \/>\n\t\t\t\t<br \/>\n\t\t\t\tOu&ccedil;a: <a href=\"http:\/\/open.spotify.com\/show\/5OBbp8MzxQymoyneX4IviF?si=gYqPr53GSaa-AcxFpOzJHg\">Spotify<\/a> | <a href=\"http:\/\/podcasts.apple.com\/br\/podcast\/paddockast\/id1371540198\">iTunes<\/a> | <a href=\"http:\/\/www.subscribeonandroid.com\/www.central3.com.br\/category\/podcasts\/paddockast\/feed\/podcast\/\">Android<\/a> | <a href=\"http:\/\/player.fm\/series\/paddockast\">playerFM<\/a><\/td>\n<\/tr>\n<\/tbody>\n<\/table>\n<div class=\"embed-responsive embed-responsive-16by9\">\n\t<\/div>\n<p><\/p>\n<table bgcolor=\"#E6E6E6\" border=\"0\" cellpadding=\"1\" cellspacing=\"1\" style=\"width: 100%\">\n<tbody>\n<tr>\n<td>\n<div>\n\t\t\t\t\t<b><span style=\"color:#FF0040\">Apoie o <strong> GRANDE PR&Ecirc;MIO<\/strong><\/span><\/b><span style=\"color:#FF0040\">: garanta o futuro do nosso jornalismo <\/span><br \/>\n\t\t\t\t\t<br \/>\n\t\t\t\t\tO<strong> GRANDE PR&Ecirc;MIO <\/strong>&eacute; a maior m&iacute;dia digital de esporte a motor do Brasil, na Am&eacute;rica Latina e em L&iacute;ngua Portuguesa, editorialmente independente. Nossa grande equipe produz conte&uacute;do di&aacute;rio e pensa em inova&ccedil;&otilde;es constantemente, e n&atilde;o s&oacute; na internet: uma das nossas atua&ccedil;&otilde;es est&aacute; na realiza&ccedil;&atilde;o de eventos, como a Copa GP de Kart. Assim, seu apoio &eacute; sempre importante.<br \/>\n\t\t\t\t\t<br \/>\n\t\t\t\t\t<a href=\"https:\/\/grandepremium.grandepremio.com\/br\/assine\" target=\"_blank\" rel=\"noopener noreferrer\">Assine o GRANDE PREMIUM<\/a>: veja os planos e o que oferecem, tenha &agrave; disposi&ccedil;&atilde;o uma s&eacute;rie de benef&iacute;cios e experi&ecirc;ncias exclusivas, e fa&ccedil;a parte de um grupo especial, a Scuderia GP, com debate em alto n&iacute;vel.<\/div>\n<\/td>\n<\/tr>\n<\/tbody>\n<\/table>\n<p><\/p>\n","protected":false},"excerpt":{"rendered":"<p>Equipe Mugen emitiu comunicado nesta ter&ccedil;a-feira (31), pouco tempo depois da Super Formula confirmar o adiamento da etapa de Autopolis, iniciando a temporada apenas em junho. Marko Asmer &eacute; empres&aacute;rio da revela&ccedil;&atilde;o J&uuml;ri Vips<\/p>\n","protected":false},"author":0,"featured_media":0,"comment_status":"closed","ping_status":"closed","sticky":false,"template":"","format":"standard","meta":{"42wp_featured_image_caption":"","42wp_featured_image_credits":"","42wp_featured_video":"","42wp_featured_image_hidden":false,"42wp_authors_list":[],"footnotes":""},"categories":[22],"tags":[1512],"42wp_author":[47109],"class_list":["post-131364","post","type-post","status-publish","format-standard","hentry","category-automobilismo","tag-super-formula","42wp_author-redacao-gp"],"_links":{"self":[{"href":"https:\/\/grandepremio.com\/br\/wp-json\/wp\/v2\/posts\/131364","targetHints":{"allow":["GET"]}}],"collection":[{"href":"https:\/\/grandepremio.com\/br\/wp-json\/wp\/v2\/posts"}],"about":[{"href":"https:\/\/grandepremio.com\/br\/wp-json\/wp\/v2\/types\/post"}],"replies":[{"embeddable":true,"href":"https:\/\/grandepremio.com\/br\/wp-json\/wp\/v2\/comments?post=131364"}],"version-history":[{"count":0,"href":"https:\/\/grandepremio.com\/br\/wp-json\/wp\/v2\/posts\/131364\/revisions"}],"wp:attachment":[{"href":"https:\/\/grandepremio.com\/br\/wp-json\/wp\/v2\/media?parent=131364"}],"wp:term":[{"taxonomy":"category","embeddable":true,"href":"https:\/\/grandepremio.com\/br\/wp-json\/wp\/v2\/categories?post=131364"},{"taxonomy":"post_tag","embeddable":true,"href":"https:\/\/grandepremio.com\/br\/wp-json\/wp\/v2\/tags?post=131364"},{"taxonomy":"42wp_author","embeddable":true,"href":"https:\/\/grandepremio.com\/br\/wp-json\/wp\/v2\/42wp_author?post=131364"}],"curies":[{"name":"wp","href":"https:\/\/api.w.org\/{rel}","templated":true}]}}