{"id":131400,"date":"2020-03-30T05:15:00","date_gmt":"2020-03-30T08:15:00","guid":{"rendered":"https:\/\/grandepremio.com\/br\/noticias\/sette-camara-diz-que-saida-da-mclaren-nao-tem-nada-a-ver-com-petrobras\/"},"modified":"2020-05-19T16:34:40","modified_gmt":"2020-05-19T19:34:40","slug":"sette-camara-diz-que-saida-da-mclaren-nao-tem-nada-a-ver-com-petrobras","status":"publish","type":"post","link":"https:\/\/grandepremio.com\/br\/f1\/sette-camara-diz-que-saida-da-mclaren-nao-tem-nada-a-ver-com-petrobras\/","title":{"rendered":"Sette C\u00e2mara diz que sa\u00edda da McLaren \u201cn\u00e3o tem nada a ver\u201d com Petrobras"},"content":{"rendered":"\n<div>\n\tS&eacute;rgio Sette C&acirc;mara passou pouco mais de um ano ligado &agrave; McLaren, onde atuou como piloto de testes e de desenvolvimento. Foi um per&iacute;odo de aprendizado para o brasileiro, mas que n&atilde;o durou muito: no come&ccedil;o de 2020, S&eacute;rgio anunciou sua sa&iacute;da da equipe, logo mais sendo confirmado como reserva da Red Bull. Diversos fatores levaram &agrave; mudan&ccedil;a, mas o piloto afirma: o <strong><a href=\"https:\/\/www.grandepremio.com\/br\/f1\/noticias\/mclaren-anuncia-fim-de-parceria-com-petrobras-apos-duas-temporadas\"><span style=\"color:#ff0000\">div&oacute;rcio atrapalhado da escuderia brit&acirc;nica com a Petrobras<\/span><\/a><\/strong> n&atilde;o foi um deles.<\/div>\n<div>\n\t&nbsp;<\/div>\n<div>\n\tEntrevistado com exclusividade pelo <strong>GRANDE PR&Ecirc;MIO<\/strong>, Sette C&acirc;mara destaca que a sa&iacute;da da McLaren foi fruto de uma decis&atilde;o pessoal. O mineiro afirma que at&eacute; chegou perto de seguir trabalhando em Woking por mais um ano, isso antes da negocia&ccedil;&atilde;o com a Red Bull ganhar for&ccedil;a.<\/div>\n<div>\n\t&nbsp;<\/div>\n<div>\n\t&quot;N&atilde;o teve nada a ver&rdquo;, disse Sette C&acirc;mara ao <strong>GP<\/strong>, questionado sobre uma poss&iacute;vel conex&atilde;o entre sua sa&iacute;da e a da Petrobras. &ldquo;O v&iacute;nculo da Petrobras com a McLaren n&atilde;o tinha absolutamente nada a ver comigo. Quando eu cheguei na McLaren a Petrobras j&aacute; estava l&aacute; e quando ela saiu eu continuei. Inclusive, ia continuar l&aacute; [na McLaren]. Cheguei a fazer uma sess&atilde;o l&aacute; de simulador e ia continuar o ano inteiro naquela minha posi&ccedil;&atilde;o&quot;, seguiu.<\/div>\n<div>\n<div class=\"imagem-noticia\">\n\t\t<img decoding=\"async\" src=\"https:\/\/www.grandepremio.com\/br\/wp-content\/uploads\/2020\/03\/20192191025582_SetteCamara2_II.jpg\" title=\"Perto da F1, Sergio Sette C\u00e2mara tem a fun\u00e7\u00e3o de piloto de desenvolvimento da McLaren (Foto: McLaren)\" \/><\/div>\n<div class=\"legenda-imagem\">\n\t\t#iconeimagem S&eacute;rgio Sette C&acirc;mara assegura que a sa&iacute;da da Petrobras da McLaren n&atilde;o influenciou sua pr&oacute;pria (Foto: McLaren)<\/div>\n<\/div>\n<div>\n\tApesar das afirma&ccedil;&otilde;es do brasileiro, ao menos a chegada &agrave; McLaren teve influ&ecirc;ncia da Petrobras. Na &eacute;poca da negocia&ccedil;&atilde;o de S&eacute;rgio com a escuderia, em outubro de 2018, <strong><a href=\"https:\/\/www.grandepremio.com\/br\/f1\/noticias\/com-apoio-da-petrobras-sette-camara-vira-terceiro-piloto-da-mclaren-e-participa-de-treinos-na-f1-em-2019\"><span style=\"color:#ff0000\">o GP p&ocirc;de confirmar o apoio da petrol&iacute;fera<\/span><\/a><\/strong>.<\/div>\n<div>\n\t&nbsp;<\/div>\n<div>\n\tS&oacute; que a boa rela&ccedil;&atilde;o da pr&oacute;pria Petrobras com a McLaren n&atilde;o iria muito longe. Jair Bolsonaro, ent&atilde;o rec&eacute;m eleito presidente, n&atilde;o tardou em <strong><a href=\"https:\/\/www.grandepremio.com\/br\/f1\/noticias\/bolsonaro-diz-que-quer-romper-contrato-petrobras-mclaren-e-erra-valor-do-acordo-e-duracao\"><span style=\"color:#ff0000\">apoiar uma rescis&atilde;o de contrato<\/span><\/a><\/strong>. Aos olhos do mandat&aacute;rio brasileiro, os valores eram altos demais. Meses depois, em novembro, veio o an&uacute;ncio formal do encerramento do acordo quatro anos antes do previsto.<\/div>\n<p>&nbsp;<\/p>\n<div class=\"embed-responsive embed-responsive-16by9\">\n\t<br \/>\n\t&nbsp;<\/div>\n<table bgcolor=\"#ADD8E6<br \/>\n&#8221; border=&#8221;1&#8243; cellpadding=&#8221;1&#8243; cellspacing=&#8221;1&#8243; style=&#8221;width: 100%&#8221;><br \/>\n<tbody>\n<tr>\n<td>\n\t\t\t\t<span style=\"color:#000000\"><span style=\"font-size:18px\"><strong>Paddockast #54<br \/>\n\t\t\t\tNO ANO DA DAN&Ccedil;A DAS CADEIRAS, QUEM DEVE FICAR SEM CONTRATO?<\/strong><\/span><\/span><br \/>\n\t\t\t\t<br \/>\n\t\t\t\tOu&ccedil;a: <a href=\"http:\/\/open.spotify.com\/show\/5OBbp8MzxQymoyneX4IviF?si=gYqPr53GSaa-AcxFpOzJHg\">Spotify<\/a> | <a href=\"http:\/\/podcasts.apple.com\/br\/podcast\/paddockast\/id1371540198\">iTunes<\/a> | <a href=\"http:\/\/www.subscribeonandroid.com\/www.central3.com.br\/category\/podcasts\/paddockast\/feed\/podcast\/\">Android<\/a> | <a href=\"http:\/\/player.fm\/series\/paddockast\">playerFM<\/a><\/td>\n<\/tr>\n<\/tbody>\n<\/table>\n<p><\/p>\n<table bgcolor=\"#98FB98\" border=\"0\" cellpadding=\"1\" cellspacing=\"1\" style=\"width: 100%\">\n<tbody>\n<tr>\n<td>\n<div>\n\t\t\t\t\t<span style=\"color:#000000\"><span style=\"font-size:18px\"><strong>COMO SE PREVENIR DO CORONAV&Iacute;RUS:<\/strong><\/span><\/span><br \/>\n\t\t\t\t\t&nbsp;<\/div>\n<p>\t\t\t\t<strong><span style=\"font-size:18px\">\u261e&nbsp;Lave as m&atilde;os com &aacute;gua e sab&atilde;o ou use &aacute;lcool em gel.<br \/>\n\t\t\t\t\u261e&nbsp;Cubra o nariz e boca ao espirrar ou tossir.<br \/>\n\t\t\t\t\u261e&nbsp;Evite aglomera&ccedil;&otilde;es se estiver doente.<br \/>\n\t\t\t\t\u261e&nbsp;Mantenha os ambientes bem ventilados.<br \/>\n\t\t\t\t\u261e&nbsp;N&atilde;o compartilhe objetos pessoais.<\/span><\/strong><\/td>\n<\/tr>\n<\/tbody>\n<\/table>\n<p><\/p>\n<table bgcolor=\"#E6E6E6\" border=\"0\" cellpadding=\"1\" cellspacing=\"1\" style=\"width: 100%\">\n<tbody>\n<tr>\n<td>\n<div>\n\t\t\t\t\t<b><span style=\"color:#FF0040\">Apoie o <strong> GRANDE PR&Ecirc;MIO<\/strong><\/span><\/b><span style=\"color:#FF0040\">: garanta o futuro do nosso jornalismo <\/span><br \/>\n\t\t\t\t\t<br \/>\n\t\t\t\t\tO<strong> GRANDE PR&Ecirc;MIO <\/strong>&eacute; a maior m&iacute;dia digital de esporte a motor do Brasil, na Am&eacute;rica Latina e em L&iacute;ngua Portuguesa, editorialmente independente. Nossa grande equipe produz conte&uacute;do di&aacute;rio e pensa em inova&ccedil;&otilde;es constantemente, e n&atilde;o s&oacute; na internet: uma das nossas atua&ccedil;&otilde;es est&aacute; na realiza&ccedil;&atilde;o de eventos, como a Copa GP de Kart. Assim, seu apoio &eacute; sempre importante.<br \/>\n\t\t\t\t\t<br \/>\n\t\t\t\t\t<a href=\"https:\/\/grandepremium.grandepremio.com\/br\/assine\" target=\"_blank\" rel=\"noopener noreferrer\">Assine o GRANDE PREMIUM<\/a>: veja os planos e o que oferecem, tenha &agrave; disposi&ccedil;&atilde;o uma s&eacute;rie de benef&iacute;cios e exper&ecirc;ncias exclusivas, e fa&ccedil;a parte de um grupo especial, a Scuderia GP, com debate em alto n&iacute;vel.<\/div>\n<\/td>\n<\/tr>\n<\/tbody>\n<\/table>\n<p><\/p>\n","protected":false},"excerpt":{"rendered":"<p>Poucos meses ap&oacute;s a rescis&atilde;o do acordo entre Petrobras e McLaren, S&eacute;rgio Sette C&acirc;mara tamb&eacute;m abdicou do posto de piloto de testes e de desenvolvimento. S&oacute; que o brasileiro afirma que n&atilde;o h&aacute; rela&ccedil;&atilde;o entre os dois eventos, tendo deixado Woking por vontade pr&oacute;pria para reatar rela&ccedil;&atilde;o com a Red Bull<\/p>\n","protected":false},"author":0,"featured_media":0,"comment_status":"closed","ping_status":"closed","sticky":false,"template":"","format":"standard","meta":{"42wp_featured_image_caption":"","42wp_featured_image_credits":"","42wp_featured_video":"","42wp_featured_image_hidden":false,"42wp_authors_list":[],"footnotes":""},"categories":[2],"tags":[118,1910,90,2590,369],"42wp_author":[47118],"class_list":["post-131400","post","type-post","status-publish","format-standard","hentry","category-f1","tag-f1-2020","tag-jair-bolsonaro","tag-mclaren","tag-petrobras","tag-piloto-de-testes","42wp_author-vitor-fazio"],"_links":{"self":[{"href":"https:\/\/grandepremio.com\/br\/wp-json\/wp\/v2\/posts\/131400","targetHints":{"allow":["GET"]}}],"collection":[{"href":"https:\/\/grandepremio.com\/br\/wp-json\/wp\/v2\/posts"}],"about":[{"href":"https:\/\/grandepremio.com\/br\/wp-json\/wp\/v2\/types\/post"}],"replies":[{"embeddable":true,"href":"https:\/\/grandepremio.com\/br\/wp-json\/wp\/v2\/comments?post=131400"}],"version-history":[{"count":0,"href":"https:\/\/grandepremio.com\/br\/wp-json\/wp\/v2\/posts\/131400\/revisions"}],"wp:attachment":[{"href":"https:\/\/grandepremio.com\/br\/wp-json\/wp\/v2\/media?parent=131400"}],"wp:term":[{"taxonomy":"category","embeddable":true,"href":"https:\/\/grandepremio.com\/br\/wp-json\/wp\/v2\/categories?post=131400"},{"taxonomy":"post_tag","embeddable":true,"href":"https:\/\/grandepremio.com\/br\/wp-json\/wp\/v2\/tags?post=131400"},{"taxonomy":"42wp_author","embeddable":true,"href":"https:\/\/grandepremio.com\/br\/wp-json\/wp\/v2\/42wp_author?post=131400"}],"curies":[{"name":"wp","href":"https:\/\/api.w.org\/{rel}","templated":true}]}}