{"id":13145,"date":"2026-01-12T16:32:51","date_gmt":"2026-01-12T19:32:51","guid":{"rendered":"https:\/\/grandepremio.com\/br\/noticias\/ex-f1-stock-car-antonio-pizzonia-preso-eua-acusado-agressao-lesao-corporal\/"},"modified":"2026-01-13T10:02:39","modified_gmt":"2026-01-13T13:02:39","slug":"ex-f1-stock-car-antonio-pizzonia-preso-eua-acusado-agressao-lesao-corporal","status":"publish","type":"post","link":"https:\/\/grandepremio.com\/br\/f1\/ex-f1-stock-car-antonio-pizzonia-preso-eua-acusado-agressao-lesao-corporal\/","title":{"rendered":"Ex-F1 e Stock Car, Pizzonia \u00e9 preso nos EUA acusado de agress\u00e3o com les\u00e3o corporal"},"content":{"rendered":"\n<p class=\"wp-block-paragraph\">O piloto brasileiro <strong>Ant\u00f4nio Pizzonia<\/strong>, de 45 anos, foi preso no \u00faltimo s\u00e1bado (10) no condado de Montgomery, no Texas, nos Estados Unidos. Segundo o relat\u00f3rio policial divulgado pelo portal <em>Montgomery County Police Reporter<\/em>, o ex-<strong>F1 <\/strong>foi detido sob acusa\u00e7\u00f5es de agress\u00e3o com les\u00e3o corporal (Classe A). <\/p>\n\n\n\n<p class=\"wp-block-paragraph\">No \u00faltimo fim de semana, Pizzonia acompanhou o filho, <strong>Ant\u00f4nio Pizzonia Neto<\/strong>, durante a primeira etapa da categoria <strong>X30 Junior<\/strong> do <strong>Superkarts USA Winter Series<\/strong>. Durante o evento, realizado no Speedsportz Racing Park em New Caney, no Texas, o jovem piloto de 13 anos de idade se desentendeu com o pai de um dos outros competidores. <\/p>\n\n\n\n<p class=\"wp-block-paragraph\">Pizzonia se envolveu na confus\u00e3o, desferiu uma voadora e um soco e acabou preso por agress\u00e3o com les\u00e3o corporal. No final, o piloto brasileiro pagou a fian\u00e7a e agora vai responder o processo em liberdade.<\/p>\n\n\n\n<h2 class=\"wp-block-heading\" id=\"h-veja-o-video-da-agressao-de-pizzonia-que-o-levou-a-prisao-no-texas-nos-estados-unidos\"><strong>Veja o v\u00eddeo da agress\u00e3o de Pizzonia que o levou \u00e0 pris\u00e3o no Texas, nos Estados Unidos<\/strong><\/h2>\n\n\n\n\n\n\n\n<p class=\"wp-block-paragraph\">O <strong>GRANDE PR\u00caMIO<\/strong> entrou em contato com a pol\u00edcia local e com Pizzonia, mas n\u00e3o obteve resposta. Havendo retorno, esta mat\u00e9ria ser\u00e1 atualizada.<\/p>\n\n\n\n<figure class=\"wp-block-image size-full\"><img decoding=\"async\" src=\"https:\/\/www.grandepremio.com\/br\/wp-content\/uploads\/2026\/01\/antonio-pizzonia-arquivo-pessoal.jpg\" alt=\"\" class=\"wp-image-1049417\"\/><figcaption class=\"wp-element-caption\">Ant\u00f4nio Pizzonia foi preso no \u00faltimo s\u00e1bado (10) (Foto: arquivo pessoal)<\/figcaption><\/figure>\n\n\n\n<p class=\"wp-block-paragraph\">No Texas, a agress\u00e3o que causa les\u00e3o corporal (Classe A), conforme o Artigo 22.01(a)(1) do C\u00f3digo Penal, ocorre quando uma pessoa causa dor ou les\u00e3o f\u00edsica a outra pessoa, incluindo familiares ou parceiros, de forma intencional, conscientemente ou por neglig\u00eancia. A agress\u00e3o pode levar a um ano de pris\u00e3o em cadeia municipal, multa de at\u00e9 US$ 4.000 (cerca de R$ 21.500 na convers\u00e3o do dia), ou ambas.<\/p>\n\n\n\n<p class=\"wp-block-paragraph\">Essa, por\u00e9m, n\u00e3o \u00e9 a primeira controv\u00e9rsia dessa natureza na vida do piloto. Em 2017, Pizzonia se envolveu em uma pol\u00eamica com a ent\u00e3o esposa, B\u00e1rbara Balbeque, quando v\u00eddeos surgiram mostrando um desentendimento entre o casal, que circulava em uma Mercedes pela zona Centro-Sul de Manaus. Na ocasi\u00e3o, a blogueira foi vista com metade do corpo para fora do ve\u00edculo e gritando por socorro. <\/p>\n\n\n\n<p class=\"wp-block-paragraph\">\u00c0 \u00e9poca, Pizzonia negou qualquer agress\u00e3o f\u00edsica a B\u00e1rbara e fez pouco caso do epis\u00f3dio, afirmando que houve apenas uma &#8220;situa\u00e7\u00e3ozinha normal, discuss\u00e3o de casal. Sa\u00ed com o carro com a porta aberta. Houve discuss\u00e3o, coisa de casal&#8221;, justificou. <\/p>\n\n\n\n<p class=\"wp-block-paragraph\">Pizzonia disputou 20 GPs na <strong>F\u00f3rmula 1<\/strong> em tr\u00eas temporadas diferentes com duas equipes. Em 2003, fez a primeira largada na categoria no <strong>GP da Austr\u00e1lia<\/strong>, terminando na 13\u00aa posi\u00e7\u00e3o com a <strong>Jaguar<\/strong>. O melhor resultado para o brasileiro naquele ano veio na sexta rodada, na <strong>\u00c1ustria<\/strong>, quando cruzou a linha de chegada em nono.<\/p>\n\n\n\n<figure class=\"wp-block-image size-large\"><img decoding=\"async\" src=\"https:\/\/www.grandepremio.com\/br\/wp-content\/uploads\/2020\/12\/Antonio_Pizzonia_2003_Silverstone_7-1024x608.jpg\" alt=\"\" class=\"wp-image-439547\"\/><figcaption class=\"wp-element-caption\">Antonio Pizzonia passou pela Jaguar, quando sequer terminou a temporada 2003, e depois correu pela Williams (Foto: Wikimedia)<\/figcaption><\/figure>\n\n\n\n<p class=\"wp-block-paragraph\">Zerado depois de dez etapas, Pizzonia n\u00e3o completou a temporada 2003 e migrou para a <strong>Williams<\/strong>, onde voltou a ser titular em 2004. Por l\u00e1, disputou quatro provas e somou 6 pontos, conquistando o s\u00e9timo lugar na <strong>Alemanha<\/strong>, na <strong>Hungria <\/strong>e na <strong>It\u00e1lia<\/strong>. <\/p>\n\n\n\n<p class=\"wp-block-paragraph\">Em 2005, voltou a correr em mais cinco provas no final do ano e conquistou mais um s\u00e9timo lugar com a Williams na It\u00e1lia. Depois disso, n\u00e3o pontuou nas \u00faltimas quatro corridas da temporada e se despediu da <strong>F\u00f3rmula 1 <\/strong>na <strong>China<\/strong>, com um 13\u00ba lugar. <\/p>\n\n\n\n<p class=\"wp-block-paragraph\">Pizzonia ainda teve uma r\u00e1pida passagem pela <strong>Indy<\/strong> e voltou a correr no Brasil em 2007, na <strong>Stock Car<\/strong>, onde competiu at\u00e9 2019, <a href=\"https:\/\/www.grandepremio.com\/br\/stock-car\/noticias\/pizzonia-confirma-saida-da-prati-donaduzzi-no-fim-do-ano-valdeno-forma-dupla-com-campos-em-2019\/\">quando rompeu com a <strong>Prati-Donaduzzi<\/strong><\/a> e n\u00e3o retornou ao grid para a temporada 2020.<\/p>\n\n\n\n<p class=\"wp-block-paragraph\"><strong>\u25b6\ufe0f<\/strong>&nbsp;<strong>Inscreva-se no canal do GRANDE PR\u00caMIO no YouTube:&nbsp;<a href=\"https:\/\/www.youtube.com\/channel\/UC9OlHEgxoaY6QY6nWPoiqQg?sub_confirmation=1\" target=\"_blank\" rel=\"noreferrer noopener\">GP<\/a><\/strong><\/p>\n\n\n\n<p class=\"wp-block-paragraph\"><strong>F1 hoje: saiba aqui as not\u00edcias mais importantes do dia da F\u00f3rmula 1<\/strong><\/p>\n\n\n\n<p class=\"wp-block-paragraph\"><strong>\u25b6\ufe0f<\/strong><a href=\"https:\/\/www.grandepremio.com\/br\/f1\/noticias\/frederic-vasseur-decepcao-fator-crucial-recuperacao-ferrari-f1\/\" target=\"_blank\" rel=\"noreferrer noopener\">Vasseur admite decep\u00e7\u00e3o, mas cita fator \u201ccrucial\u201d para recupera\u00e7\u00e3o da Ferrari na F1<\/a><br>\u25b6\ufe0f<a href=\"https:\/\/www.grandepremio.com\/br\/f1\/noticias\/williams-exalta-regulamento-f1-2026-preve-jogo-xadrez-energia-eletrica\/\" target=\"_blank\" rel=\"noreferrer noopener\">Williams exalta regulamento da F1 2026 e prev\u00ea \u201cjogo de xadrez de energia el\u00e9trica\u201d<\/a>&nbsp;<br>\u25b6\ufe0f<a href=\"https:\/\/www.grandepremio.com\/br\/f1\/noticias\/pierre-gasly-admite-influencia-lewis-hamilton-revela-interesse-carreira-fora-pistas\/\" target=\"_blank\" rel=\"noreferrer noopener\">Gasly admite influ\u00eancia de Hamilton e revela interesse em carreira fora das pistas<\/a><\/p>\n","protected":false},"excerpt":{"rendered":"<p>Ant\u00f4nio Pizzonia, piloto brasileiro com passagens por F\u00f3rmula 1 e Stock Car, foi preso no \u00faltimo final de semana no Texas por agress\u00e3o que causa les\u00e3o corporal<\/p>\n","protected":false},"author":0,"featured_media":1001049406,"comment_status":"closed","ping_status":"closed","sticky":false,"template":"","format":"standard","meta":{"42wp_featured_image_caption":"","42wp_featured_image_credits":"","42wp_featured_video":"","42wp_featured_image_hidden":false,"42wp_authors_list":[],"footnotes":""},"categories":[2],"tags":[26271,5273,1983,147,29516,29148,180,31425,28995,1491,28285,30840,910,35129,69,31470,2610,215],"42wp_author":[47162],"class_list":["post-13145","post","type-post","status-publish","format-standard","has-post-thumbnail","hentry","category-f1","tag-calendario-f1","tag-classificacao-f1","tag-eua","tag-f1","tag-f1-2026","tag-f1-hoje","tag-formula-1","tag-formula-1-2026","tag-formula-1-hoje","tag-grande-premio","tag-grandepremio","tag-horarios-f1","tag-jaguar","tag-onde-assistir-f1","tag-stock-car","tag-temporada-2026-f1","tag-texas","tag-williams","42wp_author-giovani-danjo"],"_links":{"self":[{"href":"https:\/\/grandepremio.com\/br\/wp-json\/wp\/v2\/posts\/13145","targetHints":{"allow":["GET"]}}],"collection":[{"href":"https:\/\/grandepremio.com\/br\/wp-json\/wp\/v2\/posts"}],"about":[{"href":"https:\/\/grandepremio.com\/br\/wp-json\/wp\/v2\/types\/post"}],"replies":[{"embeddable":true,"href":"https:\/\/grandepremio.com\/br\/wp-json\/wp\/v2\/comments?post=13145"}],"version-history":[{"count":0,"href":"https:\/\/grandepremio.com\/br\/wp-json\/wp\/v2\/posts\/13145\/revisions"}],"wp:featuredmedia":[{"embeddable":true,"href":"https:\/\/grandepremio.com\/br\/wp-json\/wp\/v2\/media\/1001049406"}],"wp:attachment":[{"href":"https:\/\/grandepremio.com\/br\/wp-json\/wp\/v2\/media?parent=13145"}],"wp:term":[{"taxonomy":"category","embeddable":true,"href":"https:\/\/grandepremio.com\/br\/wp-json\/wp\/v2\/categories?post=13145"},{"taxonomy":"post_tag","embeddable":true,"href":"https:\/\/grandepremio.com\/br\/wp-json\/wp\/v2\/tags?post=13145"},{"taxonomy":"42wp_author","embeddable":true,"href":"https:\/\/grandepremio.com\/br\/wp-json\/wp\/v2\/42wp_author?post=13145"}],"curies":[{"name":"wp","href":"https:\/\/api.w.org\/{rel}","templated":true}]}}