{"id":131553,"date":"2020-03-25T06:58:00","date_gmt":"2020-03-25T09:58:00","guid":{"rendered":"https:\/\/grandepremio.com\/br\/noticias\/otimista-mas-realista-promotor-do-gp-do-canada-espera-decisao-dias-apos-pascoa\/"},"modified":"2020-05-19T16:45:21","modified_gmt":"2020-05-19T19:45:21","slug":"otimista-mas-realista-promotor-do-gp-do-canada-espera-decisao-dias-apos-pascoa","status":"publish","type":"post","link":"https:\/\/grandepremio.com\/br\/f1\/otimista-mas-realista-promotor-do-gp-do-canada-espera-decisao-dias-apos-pascoa\/","title":{"rendered":"\u201cOtimista, mas realista\u201d, promotor do GP do Canad\u00e1 espera decis\u00e3o dias ap\u00f3s P\u00e1scoa"},"content":{"rendered":"\n<table bgcolor=\"#98FB98\" border=\"0\" cellpadding=\"1\" cellspacing=\"1\" style=\"width: 100%\">\n<tbody>\n<tr>\n<td>\n<div>\n\t\t\t\t\t<span style=\"color:#000000\"><span style=\"font-size:18px\"><strong>COMO SE PREVENIR DO CORONAV&Iacute;RUS:<\/strong><\/span><\/span><br \/>\n\t\t\t\t\t&nbsp;<\/div>\n<p>\t\t\t\t<strong><span style=\"font-size:18px\">\u261e&nbsp;Lave as m&atilde;os com &aacute;gua e sab&atilde;o ou use &aacute;lcool em gel.<br \/>\n\t\t\t\t\u261e&nbsp;Cubra o nariz e boca ao espirrar ou tossir.<br \/>\n\t\t\t\t\u261e&nbsp;Evite aglomera&ccedil;&otilde;es se estiver doente.<br \/>\n\t\t\t\t\u261e&nbsp;Mantenha os ambientes bem ventilados.<br \/>\n\t\t\t\t\u261e&nbsp;N&atilde;o compartilhe objetos pessoais.<\/span><\/strong><\/td>\n<\/tr>\n<\/tbody>\n<\/table>\n<p><\/p>\n<div>\n<div class=\"embed-responsive embed-responsive-16by9\">\n\t\t<\/div>\n<div>\n\t\tO <strong><a href=\"https:\/\/www.grandepremio.com\/br\/f1\/noticias\/f1-atende-pedido-de-organizadores-e-tambem-adia-gp-do-azerbaijao\"><span style=\"color:#ff0000\">adiamento do GP do Azerbaij&atilde;o &mdash; ainda sem nova data prevista &mdash;, em raz&atilde;o da pandemia do novo coronav&iacute;rus<\/span><\/a><\/strong>, colocou o GP do Canad&aacute; como a bola da vez na F1. A etapa marcada para Montreal, no Circuito Gilles Villeneuve, em 14 de junho, &eacute; a que desponta como poss&iacute;vel prova de abertura da temporada 2020. Fran&ccedil;ois Dumontier, promotor do evento, se mostra &ldquo;otimista, mas tamb&eacute;m realista&rdquo; sobre a possibilidade de realizar a corrida. O dirigente aguarda a decis&atilde;o para depois da P&aacute;scoa, marcada neste ano para 12 de abril.<\/div>\n<div>\n\t\t&nbsp;<\/div>\n<div>\n\t\t&ldquo;Como voc&ecirc; pode imaginar, estou conversando quase todos os diascom a F1. Tamb&eacute;m estou discutindo com as autoridades daqui, com a cidade e o governo. Ainda est&aacute; no calend&aacute;rio, conforme planejado. Estamos otimistas, mas tamb&eacute;m realistas&rdquo;, declarou Dumontier em entrevista &agrave; revista brit&acirc;nica &lsquo;Autosport&rsquo;.<\/div>\n<div>\n\t\t&nbsp;<\/div>\n<div>\n\t\t&ldquo;Ainda temos diria duas ou tr&ecirc;s semanas pela frente, antes de come&ccedil;armos a erguer as arquibancadas e preparar o lugar&quot;, explicou.<\/p>\n<div class=\"imagem-noticia\">\n\t\t\t<img decoding=\"async\" src=\"https:\/\/www.grandepremio.com\/br\/wp-content\/uploads\/2020\/03\/2019692014446_Mercedes_ValtteriBottas_32_II.jpg\" title=\"Valtteri Bottas (Foto: Mercedes)\" \/><\/div>\n<div class=\"legenda-imagem\">\n\t\t\t#iconeimagem O GP do Canad&aacute; segue marcado para 14 de junho (Foto: Mercedes)<\/div><\/p><\/div>\n<div>\n\t\tSegundo comunicado publicado nesta semana pela F1, a categoria contempla um calend&aacute;rio com in&iacute;cio j&aacute; no ver&atilde;o europeu, ou seja, depois do dia 20 de junho, e com 15 a 18 corridas.<\/div>\n<div>\n\t\t&nbsp;<\/div>\n<div>\n\t\tDumontier lembrou que a decis&atilde;o sobre o futuro do GP do Canad&aacute; para 2020 passa diretamente pelas restri&ccedil;&otilde;es impostas pelo governo canadense para tentar conter o avan&ccedil;o do coronav&iacute;rus no pa&iacute;s. Atualmente, o Canad&aacute; registra 2.792 pessoas que testaram positivoe, al&eacute;m de 27 mortos e 110 pessoas recuperadas de acordo com os &uacute;ltimos n&uacute;meros atualizados pela universidade norte-americana Johns Hopkins.<\/div>\n<div>\n\t\t&nbsp;<\/div>\n<div>\n\t\t&ldquo;Ontem (24), aqui em Qu&eacute;bec, nosso primeiro-ministro pediu que todas as empresas n&atilde;o-essenciais fechassem at&eacute; 13 de abril. Portanto, atualmente n&atilde;o podemos trabalhar na pista. Minha equipe, que organiza a corrida, trabalha em casa desde a &uacute;ltima semana. Portanto, ainda temos duas ou tr&ecirc;s semanas pela frente antes de tomarmos uma decis&atilde;o&rdquo;, disse.<\/div>\n<div>\n\t\t&nbsp;<\/div>\n<div>\n\t\tCiente de que o adiamento &eacute; uma possibilidade muito plaus&iacute;vel, Dumontier contou que trabalha com outras datas alternativas. Mas lembrou que, sobretudo em raz&atilde;o do clima, vai ser imposs&iacute;vel realizar o GP do Canad&aacute; pouco antes do GP dos EUA, prova marcada para 25 de outubro.<\/div>\n<div>\n\t\t&nbsp;<\/div>\n<div>\n\t\t&ldquo;Espero que possamos faz&ecirc;-lo na data, tornando-se assim a primeira corrida da temporada. Mas, ao mesmo tempo, estou trabalhando em diferentes cen&aacute;rios para adiar o evento. Para n&oacute;s, digamos que depois de meados de outubro &eacute; imposs&iacute;vel realizar a corrida&rdquo;, declarou.<\/div>\n<div>\n\t\t&nbsp;<\/div>\n<div>\n\t\tPor fim, Dumontier lembrou que, por mais que exista o desejo de levar adiante a corrida, o mais importante neste momento &eacute; a sa&uacute;de de todos os envolvidos.<\/div>\n<div>\n\t\t&nbsp;<\/div>\n<div>\n\t\t&ldquo;Seria muito azar n&atilde;o poder realizar o evento. Posso entender que a F1 precisa olhar para a situa&ccedil;&atilde;o geral em todo o mundo. Mas, se formos para l&aacute;, vamos trabalhar para 2021. Como disse, somos otimistas, mas, ao mesmo tempo, somos realistas e l&uacute;cidos. Precisamos avaliar a situa&ccedil;&atilde;o por quase uma hora. Ainda temos duas ou tr&ecirc;s semanas pela frente. Se precisarmos adiar o evento, ent&atilde;o o faremos, porque, se fizermos o evento, precisaremos faz&ecirc;-lo em um ambiente seguro para pilotos, espectadores e trabalhadores de todo o mundo&rdquo;, concluiu.<\/div>\n<table bgcolor=\"#ADD8E6<br \/>\n&#8221; border=&#8221;1&#8243; cellpadding=&#8221;1&#8243; cellspacing=&#8221;1&#8243; style=&#8221;width: 100%&#8221;><br \/>\n<tbody>\n<tr>\n<td>\n\t\t\t\t\t<span style=\"color:#000000\"><span style=\"font-size:18px\"><strong>Paddockast #53<br \/>\n\t\t\t\t\tT&Eacute;O JOS&Eacute; &#8211; O HOMEM QUE &#039;N&Atilde;O PERDE MAIS&#039;<\/strong><\/span><\/span><br \/>\n\t\t\t\t\t<br \/>\n\t\t\t\t\tOu&ccedil;a: <a href=\"http:\/\/open.spotify.com\/show\/5OBbp8MzxQymoyneX4IviF?si=gYqPr53GSaa-AcxFpOzJHg\">Spotify<\/a> | <a href=\"http:\/\/podcasts.apple.com\/br\/podcast\/paddockast\/id1371540198\">iTunes<\/a> | <a href=\"http:\/\/www.subscribeonandroid.com\/www.central3.com.br\/category\/podcasts\/paddockast\/feed\/podcast\/\">Android<\/a> | <a href=\"http:\/\/player.fm\/series\/paddockast\">playerFM<\/a><\/td>\n<\/tr>\n<\/tbody>\n<\/table>\n<p><\/p>\n<div>\n<div>\n<table bgcolor=\"#E6E6E6\" border=\"0\" cellpadding=\"1\" cellspacing=\"1\" style=\"width: 100%\">\n<tbody>\n<tr>\n<td>\n<div>\n\t\t\t\t\t\t\t\t<b><span style=\"color:#FF0040\">Apoie o <strong> GRANDE PR&Ecirc;MIO<\/strong><\/span><\/b><span style=\"color:#FF0040\">: garanta o futuro do nosso jornalismo <\/span><br \/>\n\t\t\t\t\t\t\t\t<br \/>\n\t\t\t\t\t\t\t\tO<strong> GRANDE PR&Ecirc;MIO <\/strong>&eacute; a maior m&iacute;dia digital de esporte a motor do Brasil, na Am&eacute;rica Latina e em L&iacute;ngua Portuguesa, editorialmente independente. Nossa grande equipe produz conte&uacute;do di&aacute;rio e pensa em inova&ccedil;&otilde;es constantemente, e n&atilde;o s&oacute; na internet: uma das nossas atua&ccedil;&otilde;es est&aacute; na realiza&ccedil;&atilde;o de eventos, como a Copa GP de Kart. Assim, seu apoio &eacute; sempre importante.<br \/>\n\t\t\t\t\t\t\t\t<br \/>\n\t\t\t\t\t\t\t\t<a href=\"https:\/\/grandepremium.grandepremio.com\/br\/assine\" target=\"_blank\" rel=\"noopener noreferrer\">Assine o GRANDE PREMIUM<\/a>: veja os planos e o que oferecem, tenha &agrave; disposi&ccedil;&atilde;o uma s&eacute;rie de benef&iacute;cios e experi&ecirc;ncias exclusivas, e fa&ccedil;a parte de um grupo especial, a Scuderia GP, com debate em alto n&iacute;vel.<\/div>\n<\/td>\n<\/tr>\n<\/tbody>\n<\/table><\/div><\/p><\/div>\n<\/div>\n<p><\/p>\n","protected":false},"excerpt":{"rendered":"<p>Em entrevista publicada pela revista brit&acirc;nica &lsquo;Autosport&rsquo;, Fran&ccedil;ois Dumontier pediu &ldquo;de duas a tr&ecirc;s semanas&rdquo; antes de definir, em conjunto com a F1, sobre o futuro do GP do Canad&aacute;, agora a primeira etapa programada da temporada 2020 e prevista para 14 de junho. O promotor descartou a chance de realizar a corrida em meados de outubro, sobretudo por raz&otilde;es clim&aacute;ticas<\/p>\n","protected":false},"author":0,"featured_media":0,"comment_status":"closed","ping_status":"closed","sticky":false,"template":"","format":"standard","meta":{"42wp_featured_image_caption":"","42wp_featured_image_credits":"","42wp_featured_video":"","42wp_featured_image_hidden":false,"42wp_authors_list":[],"footnotes":""},"categories":[2],"tags":[4924,147,118,1564,219,4486,95,220],"42wp_author":[47109],"class_list":["post-131553","post","type-post","status-publish","format-standard","hentry","category-f1","tag-circuito-gilles-villeneuve","tag-f1","tag-f1-2020","tag-gp-do-canad","tag-grande-prmio","tag-montreal","tag-temporada-2020","tag-warm-up","42wp_author-redacao-gp"],"_links":{"self":[{"href":"https:\/\/grandepremio.com\/br\/wp-json\/wp\/v2\/posts\/131553","targetHints":{"allow":["GET"]}}],"collection":[{"href":"https:\/\/grandepremio.com\/br\/wp-json\/wp\/v2\/posts"}],"about":[{"href":"https:\/\/grandepremio.com\/br\/wp-json\/wp\/v2\/types\/post"}],"replies":[{"embeddable":true,"href":"https:\/\/grandepremio.com\/br\/wp-json\/wp\/v2\/comments?post=131553"}],"version-history":[{"count":0,"href":"https:\/\/grandepremio.com\/br\/wp-json\/wp\/v2\/posts\/131553\/revisions"}],"wp:attachment":[{"href":"https:\/\/grandepremio.com\/br\/wp-json\/wp\/v2\/media?parent=131553"}],"wp:term":[{"taxonomy":"category","embeddable":true,"href":"https:\/\/grandepremio.com\/br\/wp-json\/wp\/v2\/categories?post=131553"},{"taxonomy":"post_tag","embeddable":true,"href":"https:\/\/grandepremio.com\/br\/wp-json\/wp\/v2\/tags?post=131553"},{"taxonomy":"42wp_author","embeddable":true,"href":"https:\/\/grandepremio.com\/br\/wp-json\/wp\/v2\/42wp_author?post=131553"}],"curies":[{"name":"wp","href":"https:\/\/api.w.org\/{rel}","templated":true}]}}