{"id":13166,"date":"2026-01-12T04:30:00","date_gmt":"2026-01-12T07:30:00","guid":{"rendered":"https:\/\/grandepremio.com\/br\/noticias\/pierre-gasly-admite-influencia-lewis-hamilton-revela-interesse-carreira-fora-pistas\/"},"modified":"2026-01-11T17:16:52","modified_gmt":"2026-01-11T20:16:52","slug":"pierre-gasly-admite-influencia-lewis-hamilton-revela-interesse-carreira-fora-pistas","status":"publish","type":"post","link":"https:\/\/grandepremio.com\/br\/f1\/pierre-gasly-admite-influencia-lewis-hamilton-revela-interesse-carreira-fora-pistas\/","title":{"rendered":"Gasly admite influ\u00eancia de Hamilton e revela interesse em carreira fora das pistas"},"content":{"rendered":"\n<p class=\"wp-block-paragraph\"><strong>Pierre Gasly<\/strong> ainda tem 29 anos, mas j\u00e1 pensa no futuro fora da <strong>F\u00f3rmula 1<\/strong>. O piloto da <strong>Alpine<\/strong> revelou interesse em construir uma carreira no mundo da moda e admitiu que a mudan\u00e7a para Mil\u00e3o teve papel importante no fortalecimento dessa ideia. O franc\u00eas afirmou que a criatividade envolvida na ind\u00fastria \u00e9 um dos fatores que mais chamam aten\u00e7\u00e3o e refor\u00e7ou a import\u00e2ncia de <strong>Lewis Hamilton<\/strong> para pilotos explorarem novos caminhos al\u00e9m das pistas.<\/p>\n\n\n\n<p class=\"wp-block-paragraph\">Conhecido pelo visual marcante no paddock, o franc\u00eas explicou que o contato com a cultura italiana ampliou ainda mais a curiosidade pelo setor. Gasly destacou o estilo e a eleg\u00e2ncia presentes no dia a dia da cidade como elementos que o impressionaram desde a primeira visita.<\/p>\n\n\n\n<p class=\"wp-block-paragraph\">\u201cEm algum momento, com certeza vou entrar nesse mundo. Gosto muito da criatividade por tr\u00e1s disso, e \u00e9 por isso que, no fim das contas, quero descobrir outros universos\u201d, afirmou em entrevista \u00e0 s\u00e9rie <em>Off The Grid<\/em>, da F1.<\/p>\n\n\n\n<p class=\"wp-block-paragraph\">Gasly contou que uma experi\u00eancia em Mil\u00e3o mudou como enxerga moda e est\u00e9tica no cotidiano. Segundo ele, a eleg\u00e2ncia n\u00e3o est\u00e1 restrita a um grupo espec\u00edfico e faz parte da identidade local, independentemente da idade.<\/p>\n\n\n\n<figure class=\"wp-block-image size-large\"><img decoding=\"async\" src=\"https:\/\/www.grandepremio.com\/br\/wp-content\/uploads\/2024\/02\/gasly-hamilton1-1024x576.jpg\" alt=\"\" class=\"wp-image-778704\"\/><figcaption class=\"wp-element-caption\">Gasly destacou import\u00e2ncia de Hamilton para liberdade de express\u00e3o na F1 (Foto: Reprodu\u00e7\u00e3o\/BBC)<\/figcaption><\/figure>\n\n\n\n<p class=\"wp-block-paragraph\">\u25b6\ufe0f&nbsp;<strong>Inscreva-se nos dois canais do GRANDE PR\u00caMIO no YouTube:&nbsp;<a href=\"https:\/\/www.youtube.com\/channel\/UC9OlHEgxoaY6QY6nWPoiqQg?sub_confirmation=1\" target=\"_blank\" rel=\"noreferrer noopener\">GP<\/a>&nbsp;|&nbsp;<a href=\"https:\/\/www.youtube.com\/channel\/UC9csiS6q_C3C0FYhyr1rnFA?sub_confirmation=1\" target=\"_blank\" rel=\"noreferrer noopener\">GP2<\/a><\/strong><\/p>\n\n\n\n<p class=\"wp-block-paragraph\">\u201cA primeira vez que fui a Mil\u00e3o, fiquei olhando para todo mundo e pensando: \u2018Como essas pessoas s\u00e3o bonitas\u2019. O estilo, a eleg\u00e2ncia, de pessoas de 15 a 75 anos. Vi as av\u00f3s mais estilosas andando pela cidade. Quando voc\u00ea est\u00e1 em Mil\u00e3o e sai de casa, precisa garantir que est\u00e1 bem vestido\u201d, disse, aos risos.<\/p>\n\n\n\n<p class=\"wp-block-paragraph\">O franc\u00eas j\u00e1 destacou no passado a influ\u00eancia de <strong>Lewis Hamilton<\/strong> na mudan\u00e7a de mentalidade na F1, especialmente no que diz respeito \u00e0 liberdade de express\u00e3o fora das pistas. Gasly afirmou que o heptacampe\u00e3o abriu portas para os pilotos poderem se envolver mais com outros universos, como o da moda.<\/p>\n\n\n\n<p class=\"wp-block-paragraph\">Segundo o piloto da Alpine, o ambiente atual permite mais autenticidade, algo comum em outras modalidades esportivas, como a <strong>NBA<\/strong>. Gasly ainda ressaltou a rela\u00e7\u00e3o pr\u00f3xima com Hamilton e agradeceu pela postura mantida ao longo dos anos.<\/p>\n\n\n\n<p class=\"wp-block-paragraph\">\u201cA mentalidade mudou um pouco. Em outros esportes, isso j\u00e1 \u00e9 mais comum, e hoje temos mais espa\u00e7o para nos expressar. Tenho \u00f3tima rela\u00e7\u00e3o com Lewis e sempre agrade\u00e7o por manter os valores e a personalidade ao longo de todos esses anos, porque isso deixou o caminho mais suave para os pilotos mais jovens\u201d, concluiu.<\/p>\n\n\n\n<p class=\"wp-block-paragraph\">A&nbsp;<strong><a href=\"https:\/\/www.grandepremio.com\/br\/f1\/\">F\u00f3rmula 1<\/a><\/strong>&nbsp;est\u00e1 de f\u00e9rias. Os carros voltam a acelerar de&nbsp;<strong>26 a 30 de janeiro<\/strong>&nbsp;em testes privados em&nbsp;<strong>Barcelona<\/strong>. Depois, seguem para o&nbsp;<strong>Bahrein&nbsp;<\/strong>para mais duas sess\u00f5es da pr\u00e9-temporada: de&nbsp;<strong>11 a 13 de fevereiro<\/strong>&nbsp;e de&nbsp;<strong>18 a 20 de fevereiro<\/strong>. O<strong>&nbsp;GRANDE PR\u00caMIO&nbsp;<\/strong>acompanha todas as atividades de 2026.<\/p>\n\n\n\n<h2 class=\"wp-block-heading\" id=\"h-globo-confirma-transmissao-da-pre-temporada-da-f1-2026\"><strong>Globo confirma transmiss\u00e3o da pr\u00e9-temporada da F1 2026<\/strong><\/h2>\n\n\n\n<p class=\"wp-block-paragraph\">A&nbsp;<strong>Globo&nbsp;<\/strong>confirmou nesta quinta-feira (8) como ser\u00e1 a transmiss\u00e3o dos testes coletivos da pr\u00e9-temporada da&nbsp;<strong>F1<\/strong>, que come\u00e7am em 11 de fevereiro, no&nbsp;<strong>Bahrein<\/strong>. As quatro \u00faltimas horas das atividades de cada um dos seis dias ser\u00e3o exibidas no canal fechado&nbsp;<strong>sportv 3<\/strong>, com in\u00edcio \u00e0s 9h (de Bras\u00edlia, GMT-3).&nbsp;<a href=\"https:\/\/www.grandepremio.com\/br\/f1\/noticias\/globo-divulga-esquema-transmissao-testes-coletivos-pre-temporada-f1-2026\/\">Saiba mais clicando aqui<\/a>.<\/p>\n\n\n\n<h2 class=\"wp-block-heading\" id=\"h-f1-hoje-saiba-aqui-as-noticias-mais-importantes-do-dia-da-formula-1\"><strong>F1 hoje: saiba aqui as not\u00edcias mais importantes do dia da F\u00f3rmula 1<\/strong><\/h2>\n\n\n\n<p class=\"wp-block-paragraph\"><strong>\u25b6\ufe0f\u00a0<a href=\"https:\/\/www.grandepremio.com\/br\/f1\/noticias\/williams-afasta-pressao-ve-f1-2026-como-continuacao-jornada\/\">Williams afasta press\u00e3o e v\u00ea F1 2026 como \u201ccontinua\u00e7\u00e3o da jornada\u201d<\/a><br>\u25b6\ufe0f\u00a0<a href=\"https:\/\/www.grandepremio.com\/br\/f1\/noticias\/romain-grosjean-recupera-capacete-acidente-bahrein-precisava-explicar-meus-filhos\/\">Grosjean recupera capacete do acidente no Bahrein: \u201cPrecisava explicar aos meus filhos\u201d<\/a><br>\u25b6\ufe0f\u00a0<a href=\"https:\/\/www.grandepremio.com\/br\/f1\/noticias\/andrea-kimi-antonelli-se-prepara-2-ano-f1-teste-assento-novo-carro-mercedes\/\">Antonelli se prepara para 2\u00ba ano na F1 com teste de assento no novo carro da Mercedes<\/a><br>\u25b6\ufe0f\u00a0<a href=\"https:\/\/www.grandepremio.com\/br\/f1\/noticias\/sergio-perez-relembra-ultimo-papo-christian-horner-red-bull-quando-liam-lawson-nao-der-certo\/\">P\u00e9rez relembra \u00faltimo papo com Horner na Red Bull: \u201cE quando Lawson n\u00e3o der certo?\u201d<\/a><\/strong><br><a href=\"https:\/\/www.grandepremio.com\/br\/chefao\/\" target=\"_blank\" rel=\"noreferrer noopener\"><\/a><\/p>\n","protected":false},"excerpt":{"rendered":"<p>Pierre Gasly explicou import\u00e2ncia de Lewis Hamilton para pilotos explorarem novos universos fora das pistas da F\u00f3rmula 1 e revelou interesse em se aventurar no mundo da moda<\/p>\n","protected":false},"author":0,"featured_media":1000994806,"comment_status":"closed","ping_status":"closed","sticky":false,"template":"","format":"standard","meta":{"42wp_featured_image_caption":"","42wp_featured_image_credits":"","42wp_featured_video":"","42wp_featured_image_hidden":false,"42wp_authors_list":[],"footnotes":""},"categories":[2],"tags":[20491,26271,5273,147,29516,29148,180,31425,28995,1491,28285,30840,87,696,35129,676,31470],"42wp_author":[47164],"class_list":["post-13166","post","type-post","status-publish","format-standard","has-post-thumbnail","hentry","category-f1","tag-alpine","tag-calendario-f1","tag-classificacao-f1","tag-f1","tag-f1-2026","tag-f1-hoje","tag-formula-1","tag-formula-1-2026","tag-formula-1-hoje","tag-grande-premio","tag-grandepremio","tag-horarios-f1","tag-lewis-hamilton","tag-nba","tag-onde-assistir-f1","tag-pierre-gasly","tag-temporada-2026-f1","42wp_author-marcos-gil-ribeiro"],"_links":{"self":[{"href":"https:\/\/grandepremio.com\/br\/wp-json\/wp\/v2\/posts\/13166","targetHints":{"allow":["GET"]}}],"collection":[{"href":"https:\/\/grandepremio.com\/br\/wp-json\/wp\/v2\/posts"}],"about":[{"href":"https:\/\/grandepremio.com\/br\/wp-json\/wp\/v2\/types\/post"}],"replies":[{"embeddable":true,"href":"https:\/\/grandepremio.com\/br\/wp-json\/wp\/v2\/comments?post=13166"}],"version-history":[{"count":0,"href":"https:\/\/grandepremio.com\/br\/wp-json\/wp\/v2\/posts\/13166\/revisions"}],"wp:featuredmedia":[{"embeddable":true,"href":"https:\/\/grandepremio.com\/br\/wp-json\/wp\/v2\/media\/1000994806"}],"wp:attachment":[{"href":"https:\/\/grandepremio.com\/br\/wp-json\/wp\/v2\/media?parent=13166"}],"wp:term":[{"taxonomy":"category","embeddable":true,"href":"https:\/\/grandepremio.com\/br\/wp-json\/wp\/v2\/categories?post=13166"},{"taxonomy":"post_tag","embeddable":true,"href":"https:\/\/grandepremio.com\/br\/wp-json\/wp\/v2\/tags?post=13166"},{"taxonomy":"42wp_author","embeddable":true,"href":"https:\/\/grandepremio.com\/br\/wp-json\/wp\/v2\/42wp_author?post=13166"}],"curies":[{"name":"wp","href":"https:\/\/api.w.org\/{rel}","templated":true}]}}