{"id":131863,"date":"2020-03-17T16:38:00","date_gmt":"2020-03-17T19:38:00","guid":{"rendered":"https:\/\/grandepremio.com\/br\/noticias\/tradicionais-24-horas-de-nurburgring-mudam-de-maio-para-setembro-por-coronavirus\/"},"modified":"2020-05-19T17:06:08","modified_gmt":"2020-05-19T20:06:08","slug":"tradicionais-24-horas-de-nurburgring-mudam-de-maio-para-setembro-por-coronavirus","status":"publish","type":"post","link":"https:\/\/grandepremio.com\/br\/endurance\/tradicionais-24-horas-de-nurburgring-mudam-de-maio-para-setembro-por-coronavirus\/","title":{"rendered":"Tradicionais 24 Horas de N\u00fcrburgring mudam de maio para setembro por coronav\u00edrus"},"content":{"rendered":"\n<p>As tradicionais 24 Horas de N&uuml;rburgring entraram para a longa lista de eventos adiados ou cancelados de 2020 pela pandemia do coronav&iacute;rus. Nesta ter&ccedil;a-feira, os organizadores anunciaram que a prova passa do final de maio para acontecer entre 24 e 27 de setembro.<br \/>\n<br \/>\nAinda que cada categoria esteja agindo de forma distinta, o adiamento lan&ccedil;a um sinal amarelo para o GP de M&ocirc;naco de F1 e para a Indy 500, afinal, as 24 Horas de N&uuml;rburgring aconteceriam na mesma data que duas das principais provas do calend&aacute;rio no ano. Em 2019, a corrida alem&atilde; foi vencida pelo quarteto formado por&nbsp;Pierre Kaffer, Frank Stippler, Dries Vanthoor e Fr&eacute;d&eacute;ric Vervisch.<\/p>\n<div class=\"imagem-noticia\">\n\t<img decoding=\"async\" src=\"\/images\/20155161939293_Nurburgring_II.jpg\" title=\"24 Horas de N\u00fcrburgring (Foto: Reprodu\u00e7\u00e3o\/Marc VDS)\" \/><\/div>\n<div class=\"legenda-imagem\">\n\t#iconeimagem As 24 Horas de N&uuml;rburgring foram adiadas (Foto: Reprodu&ccedil;&atilde;o\/Marc VDS)<\/div>\n<div>\n\t&quot;N&atilde;o foi f&aacute;cil tomar essa decis&atilde;o e procuramos todas as vari&aacute;veis poss&iacute;veis. Estamos otimistas que conseguiremos correr, mas tamb&eacute;m &eacute; claro que muitas coisas v&atilde;o impactar nos pr&oacute;ximos dias. Esperamos a coopera&ccedil;&atilde;o de todos e que todo mundo ajude a garantir o futuro do automobilismo em Nordschleife&quot;, disse o chefe Peter Meyer.<\/div>\n<p><\/p>\n<div>\n\tA lista de categorias e corridas afetadas pelo coronav&iacute;rus &eacute; imensa, entre elas: <a href=\"https:\/\/www.grandepremio.com\/br\/f1\/noticias\/apos-desistencia-de-mercedes-e-mclaren-formula-1-resolve-cancelar-gp-da-australia\">F&oacute;rmula 1<\/a>, <a href=\"https:\/\/www.grandepremio.com\/br\/indy\/noticias\/indy-volta-atras-e-cancela-etapas-de-st-pete-alabama-e-austin\">Indy<\/a>, <a href=\"https:\/\/www.grandepremio.com\/br\/motogp\/noticias\/motogp-adia-gp-da-argentina-para-novembro-e-inicio-de-temporada-para-maio\">MotoGP<\/a>, <a href=\"https:\/\/www.grandepremio.com\/br\/formula-e\/noticias\/formula-e-anuncia-suspensao-temporaria-da-temporada-por-conta-do-coronavirus\">F&oacute;rmula E<\/a>, <a href=\"https:\/\/www.grandepremio.com\/br\/stock-car\/noticias\/apos-vetar-estrangeiros-stock-car-adia-corrida-de-duplas-para-novembro-por-coronavirus\">Stock Car<\/a>, <a href=\"https:\/\/www.grandepremio.com\/br\/w-series\/noticias\/w-series-cancela-pre-temporada-na-espanha-por-pandemia-do-coronavirus\">W Series<\/a> e&nbsp;<a href=\"https:\/\/www.grandepremio.com\/br\/nascar\/noticias\/nascar-interrompe-campeonato-ate-maio-e-adia-mais-cinco-corridas\">Nascar<\/a>.<\/div>\n<div>\n\t&nbsp;<\/div>\n<div>\n\tAt&eacute; o momento, 195.892 casos foram registrados no mundo, sendo 9.257 deles na Alemanha, o quinto pa&iacute;s com maior n&uacute;mero de infectados. S&atilde;o 7.865 mortes no mundo pelo coronav&iacute;rus, 24 na Alemanha.<\/div>\n<p><\/p>\n<table bgcolor=\"#98FB98\" border=\"0\" cellpadding=\"1\" cellspacing=\"1\" style=\"width: 100%\">\n<tbody>\n<tr>\n<td>\n<div>\n\t\t\t\t\t<span style=\"color:#000000\"><span style=\"font-size:18px\"><strong>COMO SE PREVENIR DO CORONAV&Iacute;RUS:<\/strong><\/span><\/span><br \/>\n\t\t\t\t\t&nbsp;<\/div>\n<p>\t\t\t\t<strong><span style=\"font-size:18px\">\u261e&nbsp;Lave as m&atilde;os com &aacute;gua e sab&atilde;o ou use &aacute;lcool em gel.<br \/>\n\t\t\t\t\u261e&nbsp;Cubra o nariz e boca ao espirrar ou tossir.<br \/>\n\t\t\t\t\u261e&nbsp;Evite aglomera&ccedil;&otilde;es se estiver doente.<br \/>\n\t\t\t\t\u261e&nbsp;Mantenha os ambientes bem ventilados.<br \/>\n\t\t\t\t\u261e&nbsp;N&atilde;o compartilhe objetos pessoais.<\/span><\/strong><\/td>\n<\/tr>\n<\/tbody>\n<\/table>\n<p><\/p>\n<div class=\"embed-responsive embed-responsive-16by9\">\n\t<br \/>\n\t&nbsp;<\/div>\n<table bgcolor=\"#add8e6<\/p>\n<p>&#8221; border=&#8221;1&#8243; cellpadding=&#8221;1&#8243; cellspacing=&#8221;1&#8243; style=&#8221;width: 100%&#8221;><\/p>\n<tbody>\n<tr>\n<td>\n\t\t\t\t<span style=\"color:#000000\"><span style=\"font-size:18px\"><strong>Paddockast #52<br \/>\n\t\t\t\tPREVIS&Otilde;ES CERTEIRAS E OUSADAS PARA F1 2020<\/strong><\/span><\/span><br \/>\n\t\t\t\t<br \/>\n\t\t\t\tOu&ccedil;a: <a href=\"http:\/\/open.spotify.com\/show\/5OBbp8MzxQymoyneX4IviF?si=gYqPr53GSaa-AcxFpOzJHg\">Spotify<\/a> | <a href=\"http:\/\/podcasts.apple.com\/br\/podcast\/paddockast\/id1371540198\">iTunes<\/a> | <a href=\"http:\/\/www.subscribeonandroid.com\/www.central3.com.br\/category\/podcasts\/paddockast\/feed\/podcast\/\">Android<\/a> | <a href=\"http:\/\/player.fm\/series\/paddockast\">playerFM<\/a><\/td>\n<\/tr>\n<\/tbody>\n<\/table>\n<p><\/p>\n<table bgcolor=\"#E6E6E6\" border=\"0\" cellpadding=\"1\" cellspacing=\"1\" style=\"width: 100%\">\n<tbody>\n<tr>\n<td>\n<div>\n\t\t\t\t\t<b><span style=\"color:#FF0040\">Apoie o <strong> GRANDE PR&Ecirc;MIO<\/strong><\/span><\/b><span style=\"color:#FF0040\">: garanta o futuro do nosso jornalismo <\/span><br \/>\n\t\t\t\t\t<br \/>\n\t\t\t\t\tO<strong> GRANDE PR&Ecirc;MIO <\/strong>&eacute; a maior m&iacute;dia digital de esporte a motor do Brasil, na Am&eacute;rica Latina e em L&iacute;ngua Portuguesa, editorialmente independente. Nossa grande equipe produz conte&uacute;do di&aacute;rio e pensa em inova&ccedil;&otilde;es constantemente, e n&atilde;o s&oacute; na internet: uma das nossas atua&ccedil;&otilde;es est&aacute; na realiza&ccedil;&atilde;o de eventos, como a Copa GP de Kart. Assim, seu apoio &eacute; sempre importante.<br \/>\n\t\t\t\t\t<br \/>\n\t\t\t\t\t<a href=\"https:\/\/grandepremium.grandepremio.com\/br\/assine\" target=\"_blank\" rel=\"noopener noreferrer\">Assine o GRANDE PREMIUM<\/a>: veja os planos e o que oferecem, tenha &agrave; disposi&ccedil;&atilde;o uma s&eacute;rie de benef&iacute;cios e exper&ecirc;ncias exclusivas, e fa&ccedil;a parte de um grupo especial, a Scuderia GP, com debate em alto n&iacute;vel.<\/div>\n<\/td>\n<\/tr>\n<\/tbody>\n<\/table>\n<p><\/p>\n","protected":false},"excerpt":{"rendered":"<p>A onda de adiamentos e cancelamentos por coronav&iacute;rus teve mais uma prova afetada. As 24 Horas de N&uuml;rburgring passaram do pen&uacute;ltimo fim de semana de maio para o final de setembro<\/p>\n","protected":false},"author":0,"featured_media":0,"comment_status":"closed","ping_status":"closed","sticky":false,"template":"","format":"standard","meta":{"42wp_featured_image_caption":"","42wp_featured_image_credits":"","42wp_featured_video":"","42wp_featured_image_hidden":false,"42wp_authors_list":[],"footnotes":""},"categories":[18],"tags":[983,427],"42wp_author":[47109],"class_list":["post-131863","post","type-post","status-publish","format-standard","hentry","category-endurance","tag-alemanha","tag-endurance","42wp_author-redacao-gp"],"_links":{"self":[{"href":"https:\/\/grandepremio.com\/br\/wp-json\/wp\/v2\/posts\/131863","targetHints":{"allow":["GET"]}}],"collection":[{"href":"https:\/\/grandepremio.com\/br\/wp-json\/wp\/v2\/posts"}],"about":[{"href":"https:\/\/grandepremio.com\/br\/wp-json\/wp\/v2\/types\/post"}],"replies":[{"embeddable":true,"href":"https:\/\/grandepremio.com\/br\/wp-json\/wp\/v2\/comments?post=131863"}],"version-history":[{"count":0,"href":"https:\/\/grandepremio.com\/br\/wp-json\/wp\/v2\/posts\/131863\/revisions"}],"wp:attachment":[{"href":"https:\/\/grandepremio.com\/br\/wp-json\/wp\/v2\/media?parent=131863"}],"wp:term":[{"taxonomy":"category","embeddable":true,"href":"https:\/\/grandepremio.com\/br\/wp-json\/wp\/v2\/categories?post=131863"},{"taxonomy":"post_tag","embeddable":true,"href":"https:\/\/grandepremio.com\/br\/wp-json\/wp\/v2\/tags?post=131863"},{"taxonomy":"42wp_author","embeddable":true,"href":"https:\/\/grandepremio.com\/br\/wp-json\/wp\/v2\/42wp_author?post=131863"}],"curies":[{"name":"wp","href":"https:\/\/api.w.org\/{rel}","templated":true}]}}