{"id":131893,"date":"2020-03-17T07:34:00","date_gmt":"2020-03-17T10:34:00","guid":{"rendered":"https:\/\/grandepremio.com\/br\/noticias\/chefao-da-f1-pede-desculpas-apos-cancelamento-de-ultima-hora-do-gp-da-australia\/"},"modified":"2020-05-19T17:09:59","modified_gmt":"2020-05-19T20:09:59","slug":"chefao-da-f1-pede-desculpas-apos-cancelamento-de-ultima-hora-do-gp-da-australia","status":"publish","type":"post","link":"https:\/\/grandepremio.com\/br\/f1\/chefao-da-f1-pede-desculpas-apos-cancelamento-de-ultima-hora-do-gp-da-australia\/","title":{"rendered":"Chef\u00e3o da F1 pede desculpas ap\u00f3s cancelamento de \u00faltima hora do GP da Austr\u00e1lia"},"content":{"rendered":"\n<div>\n\tLevou alguns dias, mas Chase Carey resolveu se desculpar pelos inconvenientes do GP da Austr&aacute;lia. Com a corrida australiana formalmente cancelada apenas duas horas antes do in&iacute;cio do primeiro treino livre, p&uacute;blico, equipes e imprensa ficaram expostos aos riscos da pandemia do coronav&iacute;rus. O chef&atilde;o da <strong><a href=\"https:\/\/grandepremio.com\/br\/f1\"><span style=\"color:#ff0000\">F&oacute;rmula 1<\/span><\/a><\/strong> lamentou os acontecimentos recentes, consequ&ecirc;ncias de circunst&acirc;ncias &ldquo;din&acirc;micas&rdquo;.<\/div>\n<div>\n\t&nbsp;<\/div>\n<div>\n\t&ldquo;Acima de tudo, nossa prioridade &eacute; a sa&uacute;de e a seguran&ccedil;a de f&atilde;s, equipes e organizadores da F1, assim como da sociedade como um todo&rdquo;, destacou Carey, em carta aberta. &ldquo;Pedimos desculpas aos f&atilde;s afetados pelo cancelamento na Austr&aacute;lia, assim como pelo adiamento das outras provas at&eacute; aqui. Essas decis&otilde;es est&atilde;o sendo feitas por F1, FIA e autoridades locais em circunst&acirc;ncias que mudam rapidamente, mas acreditamos que s&atilde;o certas e necess&aacute;rias. Tamb&eacute;m queremos deixar nossos sentimentos ao j&aacute; afetados, incluindo os que fazem parte da fam&iacute;lia da F1&rdquo;, seguiu.<\/div>\n<div>\n<div class=\"imagem-noticia\">\n\t\t<img decoding=\"async\" src=\"https:\/\/www.grandepremio.com\/br\/wp-content\/uploads\/2020\/03\/2019620856305_Chase-Carey_II.jpg\" title=\"Chase Carey (Foto: Reprodu\u00e7\u00e3o)\" \/><\/div>\n<div class=\"legenda-imagem\">\n\t\t#iconeimagem Chase Carey &eacute; o l&iacute;der da F&oacute;rmula 1 na gest&atilde;o do Liberty Media (Foto: Reprodu&ccedil;&atilde;o)<\/div>\n<\/div>\n<div>\n\tJ&aacute; s&atilde;o dois casos confirmados de coronav&iacute;rus entre frequentadores do paddock da F1. O primeiro foi um funcion&aacute;rio da McLaren, que deu in&iacute;cio &agrave; s&eacute;rie de eventos que culminou no cancelamento do GP da Austr&aacute;lia. O segundo, mais recente, foi de um <strong><a href=\"https:\/\/grandepremio.com\/br\/f1\/noticias\/funcionario-da-pirelli-testa-positivo-para-coronavirus-na-australia\"><span style=\"color:#ff0000\">empregado da Pirelli<\/span><\/a><\/strong>. Os dois <strong><a href=\"https:\/\/grandepremio.com\/br\/f1\/noticias\/funcionario-infectado-da-mclaren-deixa-de-apresentar-sintomas-do-coronavirus\"><span style=\"color:#ff0000\">se recuperam bem<\/span><\/a><\/strong>, isso enquanto outros se submetem voluntariamente a regimes de quarentena.<\/div>\n<div>\n\t&nbsp;<\/div>\n<div>\n\tEnquanto a sa&uacute;de da comunidade da F1 &eacute; afetada, quem tamb&eacute;m sofre &eacute; o calend&aacute;rio. Os GPs de Austr&aacute;lia, Bahrein, China e Vietn&atilde; j&aacute; n&atilde;o v&atilde;o acontecer em suas datas originais. Espanha, Holanda e M&ocirc;naco ainda n&atilde;o tiveram destino definido, mas est&atilde;o na berlinda. Afinal, a categoria j&aacute; disse publicamente que s&oacute; planeja abrir os trabalhos em 2020 no fim de maio. E talvez nem tal meta seja poss&iacute;vel j&aacute; que Chase prometeu esperar at&eacute; que a pandemia seja controlada.<\/div>\n<div>\n\t&nbsp;<\/div>\n<div>\n\t&ldquo;N&oacute;s entendemos que todos querem saber o que vem pela frente na F1 em 2020. N&atilde;o podemos dar respostas espec&iacute;ficas hoje, considerando que &eacute; uma situa&ccedil;&atilde;o din&acirc;mica. Entretanto, planejamos come&ccedil;ar o campeonato de 2020 t&atilde;o logo seja seguro. Estamos em contato com especialistas diariamente, avaliando como ir em frente nos pr&oacute;ximos meses&rdquo;, encerrou Carey.<\/div>\n<p>&nbsp;<\/p>\n<div class=\"embed-responsive embed-responsive-16by9\">\n\t<br \/>\n\t&nbsp;<\/div>\n<table bgcolor=\"#add8e6<\/p>\n<p>&#8221; border=&#8221;1&#8243; cellpadding=&#8221;1&#8243; cellspacing=&#8221;1&#8243; style=&#8221;width: 100%&#8221;><\/p>\n<tbody>\n<tr>\n<td>\n\t\t\t\t<span style=\"color:#000000\"><span style=\"font-size:18px\"><strong>Paddockast #52<br \/>\n\t\t\t\tPREVIS&Otilde;ES CERTEIRAS E OUSADAS PARA F1 2020<\/strong><\/span><\/span><br \/>\n\t\t\t\t<br \/>\n\t\t\t\tOu&ccedil;a: <a href=\"http:\/\/open.spotify.com\/show\/5OBbp8MzxQymoyneX4IviF?si=gYqPr53GSaa-AcxFpOzJHg\">Spotify<\/a> | <a href=\"http:\/\/podcasts.apple.com\/br\/podcast\/paddockast\/id1371540198\">iTunes<\/a> | <a href=\"http:\/\/www.subscribeonandroid.com\/www.central3.com.br\/category\/podcasts\/paddockast\/feed\/podcast\/\">Android<\/a> | <a href=\"http:\/\/player.fm\/series\/paddockast\">playerFM<\/a><\/td>\n<\/tr>\n<\/tbody>\n<\/table>\n<p><\/p>\n<table bgcolor=\"#E6E6E6\" border=\"0\" cellpadding=\"1\" cellspacing=\"1\" style=\"width: 100%\">\n<tbody>\n<tr>\n<td>\n<div>\n\t\t\t\t\t<b><span style=\"color:#FF0040\">Apoie o <strong> GRANDE PR&Ecirc;MIO<\/strong><\/span><\/b><span style=\"color:#FF0040\">: garanta o futuro do nosso jornalismo <\/span><br \/>\n\t\t\t\t\t<br \/>\n\t\t\t\t\tO<strong> GRANDE PR&Ecirc;MIO <\/strong>&eacute; a maior m&iacute;dia digital de esporte a motor do Brasil, na Am&eacute;rica Latina e em L&iacute;ngua Portuguesa, editorialmente independente. Nossa grande equipe produz conte&uacute;do di&aacute;rio e pensa em inova&ccedil;&otilde;es constantemente, e n&atilde;o s&oacute; na internet: uma das nossas atua&ccedil;&otilde;es est&aacute; na realiza&ccedil;&atilde;o de eventos, como a Copa GP de Kart. Assim, seu apoio &eacute; sempre importante.<br \/>\n\t\t\t\t\t<br \/>\n\t\t\t\t\t<a href=\"https:\/\/grandepremium.grandepremio.com\/br\/assine\" target=\"_blank\" rel=\"noopener noreferrer\">Assine o GRANDE PREMIUM<\/a>: veja os planos e o que oferecem, tenha &agrave; disposi&ccedil;&atilde;o uma s&eacute;rie de benef&iacute;cios e exper&ecirc;ncias exclusivas, e fa&ccedil;a parte de um grupo especial, a Scuderia GP, com debate em alto n&iacute;vel.<\/div>\n<\/td>\n<\/tr>\n<\/tbody>\n<\/table>\n<p><\/p>\n","protected":false},"excerpt":{"rendered":"<p>Chase Carey, l&iacute;der da F1 na gest&atilde;o do Liberty Media, pediu desculpas em carta aberta ao p&uacute;blico. A categoria foi alvo de cr&iacute;ticas ap&oacute;s cancelar o GP da Austr&aacute;lia s&oacute; duas horas antes do come&ccedil;o dos treinos livres, consequ&ecirc;ncia do coronav&iacute;rus<\/p>\n","protected":false},"author":0,"featured_media":0,"comment_status":"closed","ping_status":"closed","sticky":false,"template":"","format":"standard","meta":{"42wp_featured_image_caption":"","42wp_featured_image_credits":"","42wp_featured_video":"","42wp_featured_image_hidden":false,"42wp_authors_list":[],"footnotes":""},"categories":[2],"tags":[771,118,714,1757],"42wp_author":[47109],"class_list":["post-131893","post","type-post","status-publish","format-standard","hentry","category-f1","tag-chase-carey","tag-f1-2020","tag-liberty-media","tag-melbourne","42wp_author-redacao-gp"],"_links":{"self":[{"href":"https:\/\/grandepremio.com\/br\/wp-json\/wp\/v2\/posts\/131893","targetHints":{"allow":["GET"]}}],"collection":[{"href":"https:\/\/grandepremio.com\/br\/wp-json\/wp\/v2\/posts"}],"about":[{"href":"https:\/\/grandepremio.com\/br\/wp-json\/wp\/v2\/types\/post"}],"replies":[{"embeddable":true,"href":"https:\/\/grandepremio.com\/br\/wp-json\/wp\/v2\/comments?post=131893"}],"version-history":[{"count":0,"href":"https:\/\/grandepremio.com\/br\/wp-json\/wp\/v2\/posts\/131893\/revisions"}],"wp:attachment":[{"href":"https:\/\/grandepremio.com\/br\/wp-json\/wp\/v2\/media?parent=131893"}],"wp:term":[{"taxonomy":"category","embeddable":true,"href":"https:\/\/grandepremio.com\/br\/wp-json\/wp\/v2\/categories?post=131893"},{"taxonomy":"post_tag","embeddable":true,"href":"https:\/\/grandepremio.com\/br\/wp-json\/wp\/v2\/tags?post=131893"},{"taxonomy":"42wp_author","embeddable":true,"href":"https:\/\/grandepremio.com\/br\/wp-json\/wp\/v2\/42wp_author?post=131893"}],"curies":[{"name":"wp","href":"https:\/\/api.w.org\/{rel}","templated":true}]}}