{"id":13193,"date":"2026-01-11T04:45:00","date_gmt":"2026-01-11T07:45:00","guid":{"rendered":"https:\/\/grandepremio.com\/br\/noticias\/isack-hadjar-ve-soco-cara-erro-australia-mas-diz-aguentei-reforcou-confianca\/"},"modified":"2026-01-10T17:06:39","modified_gmt":"2026-01-10T20:06:39","slug":"isack-hadjar-ve-soco-cara-erro-australia-mas-diz-aguentei-reforcou-confianca","status":"publish","type":"post","link":"https:\/\/grandepremio.com\/br\/f1\/isack-hadjar-ve-soco-cara-erro-australia-mas-diz-aguentei-reforcou-confianca\/","title":{"rendered":"Hadjar v\u00ea &#8220;soco na cara&#8221; em erro na Austr\u00e1lia, mas diz: &#8220;Aguentei e refor\u00e7ou a confian\u00e7a&#8221;"},"content":{"rendered":"\n<p class=\"wp-block-paragraph\"><strong>Isack Hadjar<\/strong> estreou na <strong>F\u00f3rmula 1<\/strong> com a <strong>Racing Bulls<\/strong> em 2025, mas o in\u00edcio da jornada n\u00e3o foi como esperado. O come\u00e7o dif\u00edcil com um abandono logo no GP da Austr\u00e1lia foi superado pelo novato, que fechou o ano com uma promo\u00e7\u00e3o para o segundo assento da <strong>Red Bull<\/strong>. Para o franc\u00eas, o incidente em <strong>Melbourne<\/strong> agora faz parte de sua hist\u00f3ria e &#8220;refor\u00e7ou a confian\u00e7a&#8221;. <\/p>\n\n\n\n<p class=\"wp-block-paragraph\">Ainda na volta de apresenta\u00e7\u00e3o, Isack rodou no asfalto \u00famido do Albert Park e sequer largou para a primeira corrida no Mundial. Ap\u00f3s o abandono, o piloto caiu em l\u00e1grimas e foi consolado pelo pai de <strong>Lewis Hamilton<\/strong>, Anthony, na volta ao paddock, em uma das imagens mais marcantes do ano. <\/p>\n\n\n\n<p class=\"wp-block-paragraph\">Em entrevista ao portal PlanetF1, Hadjar relembrou o epis\u00f3dio e destacou que os bons resultados do ano teriam vindo de qualquer forma. &#8220;Tamb\u00e9m se pode pensar que talvez eu tivesse marcado pontos em Melbourne e, depois disso, tivesse uma boa temporada&#8221;, contou o piloto.<\/p>\n\n\n\n<p class=\"wp-block-paragraph\">Por causa do acidente logo de cara, Hadjar sofreu cr\u00edticas pelo consultor da <strong>Red Bull<\/strong> na \u00e9poca, <strong>Helmut Marko<\/strong>. &#8220;Acredito que tudo acontece por uma raz\u00e3o e \u00e9 preciso seguir em frente. Ent\u00e3o, isso faz parte da minha hist\u00f3ria. N\u00e3o participei da minha primeira largada na F1, o que ainda \u00e9 uma pena, mas \u00e9 assim que as coisas s\u00e3o&#8221;, acrescentou.<\/p>\n\n\n\n<figure class=\"wp-block-image size-large\"><img decoding=\"async\" src=\"https:\/\/www.grandepremio.com\/br\/wp-content\/uploads\/2025\/03\/Hadjar-Australia-1200x675.jpg\" alt=\"\" class=\"wp-image-939317\"\/><figcaption class=\"wp-element-caption\">Isack Hadjar bateu em volta de apresenta\u00e7\u00e3o (Foto: Reprodu\u00e7\u00e3o\/F1TV)<\/figcaption><\/figure>\n\n\n\n<p class=\"wp-block-paragraph\">De um abandono na primeira corrida ao primeiro p\u00f3dio no <strong>GP dos Pa\u00edses Baixos<\/strong>, Hadjar evoluiu ao longo da temporada e fechou em alta. Na compara\u00e7\u00e3o dos estreantes, ficou atr\u00e1s apenas de <strong>Kimi Antonelli<\/strong>, que finalizou a temporada em sexto. O franc\u00eas somou 51 pontos ao longo de 2025, ocupando a 12\u00aa posi\u00e7\u00e3o no <strong>Mundial<\/strong>.<\/p>\n\n\n\n<p class=\"wp-block-paragraph\">&#8220;Eu sei que tenho uma grande capacidade de me reerguer, mas esse foi mais um grande soco na minha na cara, e eu aguentei. Lidei muito bem, e isso refor\u00e7ou a confian\u00e7a que tenho em mim mesmo&#8221;, concluiu.\u00a0<\/p>\n\n\n\n<p class=\"wp-block-paragraph\">A&nbsp;<strong><a href=\"https:\/\/www.grandepremio.com\/br\/f1\/\">F\u00f3rmula 1<\/a><\/strong>&nbsp;est\u00e1 de f\u00e9rias. Os carros voltam a acelerar de&nbsp;<strong>26 a 30 de janeiro<\/strong>&nbsp;em testes privados em&nbsp;<strong>Barcelona<\/strong>. Depois, seguem para o&nbsp;<strong>Bahrein&nbsp;<\/strong>para mais duas sess\u00f5es da pr\u00e9-temporada: de&nbsp;<strong>11 a 13 de fevereiro<\/strong>&nbsp;e de&nbsp;<strong>18 a 20 de fevereiro<\/strong>. O<strong>&nbsp;GRANDE PR\u00caMIO&nbsp;<\/strong>acompanha todas as atividades de 2026.<\/p>\n\n\n\n<h2 class=\"wp-block-heading\" id=\"h-globo-confirma-transmissao-da-pre-temporada-da-f1-2026\"><strong>Globo confirma transmiss\u00e3o da pr\u00e9-temporada da F1 2026<\/strong><\/h2>\n\n\n\n<p class=\"wp-block-paragraph\">A&nbsp;<strong>Globo&nbsp;<\/strong>confirmou nesta quinta-feira (8) como ser\u00e1 a transmiss\u00e3o dos testes coletivos da pr\u00e9-temporada da&nbsp;<strong>F1<\/strong>, que come\u00e7am em 11 de fevereiro, no&nbsp;<strong>Bahrein<\/strong>. As quatro \u00faltimas horas das atividades de cada um dos seis dias ser\u00e3o exibidas no canal fechado&nbsp;<strong>sportv 3<\/strong>, com in\u00edcio \u00e0s 9h (de Bras\u00edlia, GMT-3).&nbsp;<a href=\"https:\/\/www.grandepremio.com\/br\/f1\/noticias\/globo-divulga-esquema-transmissao-testes-coletivos-pre-temporada-f1-2026\/\">Saiba mais clicando aqui<\/a>.<\/p>\n\n\n\n<p class=\"wp-block-paragraph\">\u25b6\ufe0f&nbsp;<strong>Inscreva-se nos dois canais do GRANDE PR\u00caMIO no YouTube:&nbsp;<a href=\"https:\/\/www.youtube.com\/channel\/UC9OlHEgxoaY6QY6nWPoiqQg?sub_confirmation=1\" target=\"_blank\" rel=\"noreferrer noopener\">GP<\/a>&nbsp;|&nbsp;<a href=\"https:\/\/www.youtube.com\/channel\/UC9csiS6q_C3C0FYhyr1rnFA?sub_confirmation=1\" target=\"_blank\" rel=\"noreferrer noopener\">GP2<\/a><\/strong><\/p>\n\n\n\n<h2 class=\"wp-block-heading\" id=\"h-f1-hoje-saiba-aqui-as-noticias-mais-importantes-do-dia-da-formula-1\"><strong>F1 hoje: saiba aqui as not\u00edcias mais importantes do dia da F\u00f3rmula 1<\/strong><\/h2>\n\n\n\n<p class=\"wp-block-paragraph\"><strong>\u25b6\ufe0f&nbsp;<a href=\"https:\/\/www.grandepremio.com\/br\/f1\/noticias\/lancamento-calendario-pai-lewis-hamilton-detalha-novo-campeonato-motores-v10\/\">Lan\u00e7amento, calend\u00e1rio, vagas: pai de Hamilton detalha novo campeonato com motores V10<\/a><br>\u25b6\ufe0f&nbsp;<a href=\"https:\/\/www.grandepremio.com\/br\/f1\/noticias\/ex-diretor-ferrari-pede-paciencia-lewis-hamilton-michael-schumacher-levou-5-anos\/\">Ex-diretor da Ferrari pede paci\u00eancia com Hamilton: \u201cSchumacher levou 5 anos\u201d<\/a><br>\u25b6\ufe0f&nbsp;<a href=\"https:\/\/www.grandepremio.com\/br\/f1\/noticias\/lando-norris-revela-adoraria-correr-mais-vezes-contra-melhor-mundo-lewis-hamilton-f1\/\">Norris revela que \u201cadoraria correr mais vezes\u201d contra \u201cmelhor do mundo\u201d Hamilton na F1<\/a><\/strong><\/p>\n","protected":false},"excerpt":{"rendered":"<p>Isack Hadjar abandonou a primeira corrida na F\u00f3rmula 1, mas superou a frustra\u00e7\u00e3o e terminou o ano com um p\u00f3dio e a promo\u00e7\u00e3o para a Red Bull<\/p>\n","protected":false},"author":0,"featured_media":1000939312,"comment_status":"closed","ping_status":"closed","sticky":false,"template":"","format":"standard","meta":{"42wp_featured_image_caption":"","42wp_featured_image_credits":"","42wp_featured_video":"","42wp_featured_image_hidden":false,"42wp_authors_list":[],"footnotes":""},"categories":[2],"tags":[7818,42912,26271,5273,147,29516,29148,180,31425,28995,1491,28285,258,30840,28104,87,203,35129,38179,204,31470],"42wp_author":[47168],"class_list":["post-13193","post","type-post","status-publish","format-standard","has-post-thumbnail","hentry","category-f1","tag-anthony-hamilton","tag-australia-2025","tag-calendario-f1","tag-classificacao-f1","tag-f1","tag-f1-2026","tag-f1-hoje","tag-formula-1","tag-formula-1-2026","tag-formula-1-hoje","tag-grande-premio","tag-grandepremio","tag-helmut-marko","tag-horarios-f1","tag-isack-hadjar","tag-lewis-hamilton","tag-max-verstappen","tag-onde-assistir-f1","tag-racing-bulls","tag-red-bull","tag-temporada-2026-f1","42wp_author-ana-leticia-ferro"],"_links":{"self":[{"href":"https:\/\/grandepremio.com\/br\/wp-json\/wp\/v2\/posts\/13193","targetHints":{"allow":["GET"]}}],"collection":[{"href":"https:\/\/grandepremio.com\/br\/wp-json\/wp\/v2\/posts"}],"about":[{"href":"https:\/\/grandepremio.com\/br\/wp-json\/wp\/v2\/types\/post"}],"replies":[{"embeddable":true,"href":"https:\/\/grandepremio.com\/br\/wp-json\/wp\/v2\/comments?post=13193"}],"version-history":[{"count":0,"href":"https:\/\/grandepremio.com\/br\/wp-json\/wp\/v2\/posts\/13193\/revisions"}],"wp:featuredmedia":[{"embeddable":true,"href":"https:\/\/grandepremio.com\/br\/wp-json\/wp\/v2\/media\/1000939312"}],"wp:attachment":[{"href":"https:\/\/grandepremio.com\/br\/wp-json\/wp\/v2\/media?parent=13193"}],"wp:term":[{"taxonomy":"category","embeddable":true,"href":"https:\/\/grandepremio.com\/br\/wp-json\/wp\/v2\/categories?post=13193"},{"taxonomy":"post_tag","embeddable":true,"href":"https:\/\/grandepremio.com\/br\/wp-json\/wp\/v2\/tags?post=13193"},{"taxonomy":"42wp_author","embeddable":true,"href":"https:\/\/grandepremio.com\/br\/wp-json\/wp\/v2\/42wp_author?post=13193"}],"curies":[{"name":"wp","href":"https:\/\/api.w.org\/{rel}","templated":true}]}}