{"id":132089,"date":"2020-03-12T23:48:00","date_gmt":"2020-03-13T02:48:00","guid":{"rendered":"https:\/\/grandepremio.com\/br\/noticias\/chefe-da-f1-ve-decisao-correta-ao-cancelar-gp-da-australia-em-situacao-incerta\/"},"modified":"2020-05-19T17:20:59","modified_gmt":"2020-05-19T20:20:59","slug":"chefe-da-f1-ve-decisao-correta-ao-cancelar-gp-da-australia-em-situacao-incerta","status":"publish","type":"post","link":"https:\/\/grandepremio.com\/br\/f1\/chefe-da-f1-ve-decisao-correta-ao-cancelar-gp-da-australia-em-situacao-incerta\/","title":{"rendered":"Chefe da F1 v\u00ea \u201cdecis\u00e3o correta\u201d ao cancelar GP da Austr\u00e1lia em &#8220;situa\u00e7\u00e3o incerta&#8221;"},"content":{"rendered":"\n<div class=\"embed-responsive embed-responsive-16by9\">\n\t<\/div>\n<p>A F1 foi atingida em cheio pelo coronav&iacute;rus neste fim de semana que marcaria a abertura da temporada 2020 do Mundial. Ainda na quinta-feira (12), depois de ser criticada por ningu&eacute;m menos que Lewis Hamilton, a categoria tomou <strong><a href=\"https:\/\/www.grandepremio.com\/br\/f1\/noticias\/com-funcionario-infectado-por-coronavirus-mclaren-decide-nao-correr-na-australia\"><span style=\"color:#ff0000\">conhecimento de um funcion&aacute;rio da McLaren receber o diagn&oacute;stico positivo para Covid-19, situa&ccedil;&atilde;o que fez a equipe brit&acirc;nica abrir m&atilde;o de disputar a corrida<\/span><\/a><\/strong>. Mas, depois de quase um dia inteiro de rumores sobre o futuro da prova, a F1, FIA (Federa&ccedil;&atilde;o Internacional de Automobilismo) e a organiza&ccedil;&atilde;o da prova decidiram pelo cancelamento do GP da Austr&aacute;lia, na manh&atilde; desta sexta-feira, hor&aacute;rio de Melbourne.<\/p>\n<div>\n\t&nbsp;<\/div>\n<div>\n\tA decis&atilde;o foi tomada depois de muita indefini&ccedil;&atilde;o no paddock, sobretudo depois que a McLaren, ainda na quinta-feira, e a Mercedes, nesta sexta-feira, optarem pela aus&ecirc;ncia na corrida. Neste meio tempo, a <strong><a href=\"https:\/\/www.grandepremio.com\/br\/f1\/noticias\/vettel-e-raikkonen-deixam-australia-e-aumentam-suspeita-de-cancelamento-de-gp\"><span style=\"color:#ff0000\">emissora brit&acirc;nica BBC noticiou que Sebastian Vettel e Kimi R&auml;ikk&ouml;nen deixaram Melbourne rumo a Dubai<\/span><\/a><\/strong>.<\/div>\n<div>\n\t&nbsp;<\/div>\n<div>\n\tPouco depois, a F1 comunicou de forma oficial o cancelamento do GP da Austr&aacute;lia. A maioria das equipes e pilotos se mostrou favor&aacute;vel &agrave; decis&atilde;o, embora n&atilde;o haja unanimidade: Red Bull, AlphaTauri e Racing Point evidenciaram a vontade de correr mesmo em meio ao cen&aacute;rio de caos.<\/p>\n<div class=\"imagem-noticia\">\n\t\t<img decoding=\"async\" src=\"https:\/\/www.grandepremio.com\/br\/wp-content\/uploads\/2020\/03\/2020312215383_Press_II.jpg\" title=\"F1 2020, IMPRENSA, F1, FIA, GP DA AUSTR\u00c1LIA \" \/><\/div>\n<div class=\"legenda-imagem\">\n\t\t#iconeimagem Chase Carey esteve presente &agrave; coletiva de imprensa ap&oacute;s cancelamento do GP da Austr&aacute;lia (Foto: AFP)<\/div>\n<\/div>\n<div>\n\tMinutos depois do cancelamento da prova, a organiza&ccedil;&atilde;o do GP da Austr&aacute;lia promoveu uma entrevista coletiva que contou com a participa&ccedil;&atilde;o de Chase Carey, chef&atilde;o da F1.<\/div>\n<div>\n\t&nbsp;<\/div>\n<div>\n\t&ldquo;Quero acrescentar que nossos pensamentos est&atilde;o com as pessoas que foram afetadas por isso. Tamb&eacute;m quero expressar nossa decep&ccedil;&atilde;o em nome dos f&atilde;s. Esta &eacute; a corrida pela qual sempre esperamos, com grandes f&atilde;s aqui. Lamentamos por n&atilde;o t&ecirc;-la, mas foi uma situa&ccedil;&atilde;o muito incerta&rdquo;, defendeu o dirigente.<\/div>\n<div>\n\t&nbsp;<\/div>\n<div>\n\tAo ser questionado sobre a demora para que a decis&atilde;o sobre o futuro da prova fosse tomada, Carey justificou. &ldquo;Acho que tomamos as decis&otilde;es corretas&rdquo;.<\/div>\n<div>\n\t&nbsp;<\/div>\n<div>\n\t&ldquo;Trabalhamos bem com nossos parceiros. Acho que estamos todos decepcionados. Mas esses s&atilde;o tempos dif&iacute;ceis e acho que tomamos as decis&otilde;es que tivemos de tomar&rdquo;, salientou o norte-americano.<br \/>\n\t<\/p>\n<div>\n\t\tA maior das categorias do esporte a motor j&aacute; vinha sofrendo cr&iacute;ticas pela op&ccedil;&atilde;o de disputar a prova, mesmo diante do aumento exponencial do n&uacute;mero de casos pelo mundo, especialmente na Europa, onde diversos pa&iacute;ses impuseram restri&ccedil;&otilde;es severas de viagem. A It&aacute;lia, por exemplo, pa&iacute;s com maior n&uacute;mero de caso do continente europeu, fechou as fronteiras. Durante a quinta-feira de entrevistas em Melbourne, nomes como Lewis Hamilton, Sebastian Vettel e Kimi R&auml;ikk&ouml;nen tamb&eacute;m levantaram quest&otilde;es sobre a decis&atilde;o da F1 em correr na Austr&aacute;lia.<\/div>\n<div>\n\t\t&nbsp;<\/div>\n<div>\n\t\t&ldquo;Depois da confirma&ccedil;&atilde;o de que um membro da McLaren testou positivo para Covid-19 e da decis&atilde;o da equipe de se retirar do GP da Austr&aacute;lia, a FIA e a F&oacute;rmula 1 convocaram uma reuni&atilde;o com os outros nove chefes de equipe na noite de quinta-feira. Essa discuss&atilde;o foi conclu&iacute;da com a opini&atilde;o da maioria das equipes de que a corrida n&atilde;o deveria seguir adiante. A FIA e a F&oacute;rmula 1, com total apoio da Australian Grand Prix Corporation (AGPC) decidiu, portanto, tomar a decis&atilde;o de cancelar toda a atividade da F&oacute;rmula 1 no GP da Austr&aacute;lia&rdquo;, disse a entidade em nota.&nbsp;<\/div>\n<div>\n\t\t&nbsp;<\/div>\n<div>\n\t\t&ldquo;N&oacute;s entendemos que essa &eacute; uma not&iacute;cia desapontadora para os milhares de f&atilde;s que compareceriam &agrave; corrida e todos com ingresso v&atilde;o receber reembolso total. Um novo an&uacute;ncio ser&aacute; feito no momento oportuno&rdquo;, seguiu.&nbsp;<\/div>\n<div>\n\t\t&nbsp;<\/div>\n<div>\n\t\t&ldquo;Todas as partes levaram em conta o empenho enorme da AGPC, da Motorsport Australia, da equipe e dos volunt&aacute;rios para realizar essa etapa de abertura do Mundial de F&oacute;rmula 1 em Melbourne, no entanto, conclu&iacute;mos que a seguran&ccedil;a de todos os membros da fam&iacute;lia da F&oacute;rmula 1 e da comunidade, assim como a imparcialidade da competi&ccedil;&atilde;o, s&atilde;o prioridade&rdquo;, completou.<\/div>\n<\/div>\n<div class=\"embed-responsive embed-responsive-16by9\">\n\t<br \/>\n\t&nbsp;<\/div>\n<table bgcolor=\"#add8e6<br \/>\n&#8221; border=&#8221;1&#8243; cellpadding=&#8221;1&#8243; cellspacing=&#8221;1&#8243; style=&#8221;width: 100%&#8221;><br \/>\n<tbody>\n<tr>\n<td>\n\t\t\t\t<span style=\"color:#000000\"><span style=\"font-size:18px\"><strong>Paddockast #51<br \/>\n\t\t\t\tQUEM VENCEU DRIVE TO SURVIVE 2<\/strong><\/span><\/span><br \/>\n\t\t\t\t<br \/>\n\t\t\t\tOu&ccedil;a: <a href=\"http:\/\/open.spotify.com\/show\/5OBbp8MzxQymoyneX4IviF?si=gYqPr53GSaa-AcxFpOzJHg\">Spotify<\/a> | <a href=\"http:\/\/podcasts.apple.com\/br\/podcast\/paddockast\/id1371540198\">iTunes<\/a> | <a href=\"http:\/\/www.subscribeonandroid.com\/www.central3.com.br\/category\/podcasts\/paddockast\/feed\/podcast\/\">Android<\/a> | <a href=\"http:\/\/player.fm\/series\/paddockast\">playerFM<\/a><\/td>\n<\/tr>\n<\/tbody>\n<\/table>\n<p><\/p>\n<div>\n<div>\n<table bgcolor=\"#E6E6E6\" border=\"0\" cellpadding=\"1\" cellspacing=\"1\" style=\"width: 100%\">\n<tbody>\n<tr>\n<td>\n<div>\n\t\t\t\t\t\t\t<b><span style=\"color:#FF0040\">Apoie o <strong> GRANDE PR&Ecirc;MIO<\/strong><\/span><\/b><span style=\"color:#FF0040\">: garanta o futuro do nosso jornalismo <\/span><br \/>\n\t\t\t\t\t\t\t<br \/>\n\t\t\t\t\t\t\tO<strong> GRANDE PR&Ecirc;MIO <\/strong>&eacute; a maior m&iacute;dia digital de esporte a motor do Brasil, na Am&eacute;rica Latina e em L&iacute;ngua Portuguesa, editorialmente independente. Nossa grande equipe produz conte&uacute;do di&aacute;rio e pensa em inova&ccedil;&otilde;es constantemente, e n&atilde;o s&oacute; na internet: uma das nossas atua&ccedil;&otilde;es est&aacute; na realiza&ccedil;&atilde;o de eventos, como a Copa GP de Kart. Assim, seu apoio &eacute; sempre importante.<br \/>\n\t\t\t\t\t\t\t<br \/>\n\t\t\t\t\t\t\t<a href=\"https:\/\/grandepremium.grandepremio.com\/br\/assine\" target=\"_blank\" rel=\"noopener noreferrer\">Assine o GRANDE PREMIUM<\/a>: veja os planos e o que oferecem, tenha &agrave; disposi&ccedil;&atilde;o uma s&eacute;rie de benef&iacute;cios e experi&ecirc;ncias exclusivas, e fa&ccedil;a parte de um grupo especial, a Scuderia GP, com debate em alto n&iacute;vel.<\/div>\n<\/td>\n<\/tr>\n<\/tbody>\n<\/table><\/div>\n<\/div>\n<p><\/p>\n","protected":false},"excerpt":{"rendered":"<p>Pouco depois da oficializa&ccedil;&atilde;o do cancelamento do GP da Austr&aacute;lia, Chase Carey defendeu a decis&atilde;o e citou os &ldquo;tempos dif&iacute;ceis&rdquo; em raz&atilde;o da pandemia do coronav&iacute;rus. &ldquo;Estamos todos decepcionados&rdquo;, declarou o dirigente<\/p>\n","protected":false},"author":0,"featured_media":0,"comment_status":"closed","ping_status":"closed","sticky":false,"template":"","format":"standard","meta":{"42wp_featured_image_caption":"","42wp_featured_image_credits":"","42wp_featured_video":"","42wp_featured_image_hidden":false,"42wp_authors_list":[],"footnotes":""},"categories":[2],"tags":[771,147,118,219,220],"42wp_author":[47109],"class_list":["post-132089","post","type-post","status-publish","format-standard","hentry","category-f1","tag-chase-carey","tag-f1","tag-f1-2020","tag-grande-prmio","tag-warm-up","42wp_author-redacao-gp"],"_links":{"self":[{"href":"https:\/\/grandepremio.com\/br\/wp-json\/wp\/v2\/posts\/132089","targetHints":{"allow":["GET"]}}],"collection":[{"href":"https:\/\/grandepremio.com\/br\/wp-json\/wp\/v2\/posts"}],"about":[{"href":"https:\/\/grandepremio.com\/br\/wp-json\/wp\/v2\/types\/post"}],"replies":[{"embeddable":true,"href":"https:\/\/grandepremio.com\/br\/wp-json\/wp\/v2\/comments?post=132089"}],"version-history":[{"count":0,"href":"https:\/\/grandepremio.com\/br\/wp-json\/wp\/v2\/posts\/132089\/revisions"}],"wp:attachment":[{"href":"https:\/\/grandepremio.com\/br\/wp-json\/wp\/v2\/media?parent=132089"}],"wp:term":[{"taxonomy":"category","embeddable":true,"href":"https:\/\/grandepremio.com\/br\/wp-json\/wp\/v2\/categories?post=132089"},{"taxonomy":"post_tag","embeddable":true,"href":"https:\/\/grandepremio.com\/br\/wp-json\/wp\/v2\/tags?post=132089"},{"taxonomy":"42wp_author","embeddable":true,"href":"https:\/\/grandepremio.com\/br\/wp-json\/wp\/v2\/42wp_author?post=132089"}],"curies":[{"name":"wp","href":"https:\/\/api.w.org\/{rel}","templated":true}]}}