{"id":132243,"date":"2020-03-11T05:28:00","date_gmt":"2020-03-11T08:28:00","guid":{"rendered":"https:\/\/grandepremio.com\/br\/noticias\/f1-lanca-vinheta-de-transmissao-com-homenagem-a-aniversario-de-70-anos\/"},"modified":"2020-05-19T17:30:29","modified_gmt":"2020-05-19T20:30:29","slug":"f1-lanca-vinheta-de-transmissao-com-homenagem-a-aniversario-de-70-anos","status":"publish","type":"post","link":"https:\/\/grandepremio.com\/br\/f1\/f1-lanca-vinheta-de-transmissao-com-homenagem-a-aniversario-de-70-anos\/","title":{"rendered":"F1 lan\u00e7a vinheta de transmiss\u00e3o com homenagem a anivers\u00e1rio de 70 anos"},"content":{"rendered":"\n<blockquote class=\"twitter-tweet\">\n<p dir=\"ltr\" lang=\"pt\">\n\t\tJ&aacute; saiu a vinheta de abertura da <a href=\"https:\/\/twitter.com\/hashtag\/F1?src=hash&amp;ref_src=twsrc%5Etfw\">#F1<\/a> na temporada 2020. Os astros do presente dividem a tela com &iacute;dolos eternos e imagens que marcaram a hist&oacute;ria da categoria<br \/>\n\t\t<br \/>\n\t\tCurtiu? Vem ver!! <a href=\"https:\/\/twitter.com\/hashtag\/F1noGP?src=hash&amp;ref_src=twsrc%5Etfw\">#F1noGP<\/a> <a href=\"https:\/\/twitter.com\/hashtag\/AusGP?src=hash&amp;ref_src=twsrc%5Etfw\">#AusGP<\/a> <a href=\"https:\/\/t.co\/2ztVhreeVy\">pic.twitter.com\/2ztVhreeVy<\/a><\/p>\n<p>\t&mdash; Grande Pr&ecirc;mio (@grandepremio) <a href=\"https:\/\/twitter.com\/grandepremio\/status\/1237652084876619778?ref_src=twsrc%5Etfw\">March 11, 2020<\/a><\/p><\/blockquote>\n<div>\n\tN&atilde;o foi necess&aacute;rio esperar o fim de semana para conhecer a nova vinheta que abre as transmiss&otilde;es oficiais da <strong><a href=\"https:\/\/grandepremio.com\/br\/f1\"><span style=\"color:#ff0000\">F&oacute;rmula 1<\/span><\/a><\/strong>. Em v&iacute;deo divulgado nesta quinta-feira (11), a categoria revelou uma mistura dos pilotos que formam o grid de 2020 com imagens hist&oacute;ricas da categoria, que completa 70 anos de exist&ecirc;ncia.<\/div>\n<div>\n\t&nbsp;<\/div>\n<div>\n\tAs imagens antigas s&atilde;o divididas em d&eacute;cadas, indo desde os triunfos de Juan Manuel Fangio nos anos 1950 at&eacute; o dom&iacute;nio de Lewis Hamilton nos anos 2010. Outras lendas da categoria, como Ayrton Senna, Alain Prost, Michael Schumacher e Niki Lauda, tamb&eacute;m se fazem presentes.<\/div>\n<div>\n<div class=\"imagem-noticia\">\n\t\t<img decoding=\"async\" src=\"https:\/\/www.grandepremio.com\/br\/wp-content\/uploads\/2020\/03\/202031152717_PrintIntro2_II.jpg\" title=\"A vinheta de abertura da F1 ganhou nova cara para 2020 (Foto: Reprodu\u00e7\u00e3o)\" \/><\/div>\n<div class=\"legenda-imagem\">\n\t\t#iconeimagem A vinheta de abertura da F1 ganhou nova cara para 2020 (Foto: Reprodu&ccedil;&atilde;o)<\/div>\n<\/div>\n<div>\n\tAo lado dos v&iacute;deos de arquivo, os pilotos s&atilde;o apresentados na ordem crescente do Mundial de Construtores de 2019. Come&ccedil;ando por Nicholas Latifi, cada um dos 20 competidores &eacute; visto em estilo semelhante ao j&aacute; utilizado anteriormente.<\/div>\n<div>\n\t&nbsp;<\/div>\n<div>\n\tA trilha sonora tamb&eacute;m segue a mesma. A m&uacute;sica composta por Brian Tyler, j&aacute; marcante, segue regendo o come&ccedil;o das transmiss&otilde;es da categoria.<\/div>\n<div>\n\t&nbsp;<\/div>\n<div>\n\tA temporada 2020 da F1 come&ccedil;a j&aacute; neste fim de semana. A categoria est&aacute; em Melbourne, que sedia o GP da Austr&aacute;lia deste domingo, dia 15.<\/p>\n<div class=\"imagem-noticia\">\n\t\t<img decoding=\"async\" src=\"https:\/\/www.grandepremio.com\/br\/wp-content\/uploads\/2020\/03\/202031152748_PrintIntro3_II.jpg\" title=\"A vinheta de abertura da F1 ganhou nova cara para 2020 (Foto: Reprodu\u00e7\u00e3o)\" \/><\/div>\n<div class=\"legenda-imagem\">\n\t\t#iconeimagem A vinheta de abertura da F1 ganhou nova cara para 2020 (Foto: Reprodu&ccedil;&atilde;o)<\/div>\n<\/div>\n<p><\/p>\n<table bgcolor=\"#add8e6<br \/>\n&#8221; border=&#8221;1&#8243; cellpadding=&#8221;1&#8243; cellspacing=&#8221;1&#8243; style=&#8221;width: 100%&#8221;><br \/>\n<tbody>\n<tr>\n<td>\n\t\t\t\t<span style=\"color:#000000\"><span style=\"font-size:18px\"><strong>Paddockast #51<br \/>\n\t\t\t\tQUEM VENCEU DRIVE TO SURVIVE 2<\/strong><\/span><\/span><br \/>\n\t\t\t\t<br \/>\n\t\t\t\tOu&ccedil;a: <a href=\"http:\/\/open.spotify.com\/show\/5OBbp8MzxQymoyneX4IviF?si=gYqPr53GSaa-AcxFpOzJHg\">Spotify<\/a> | <a href=\"http:\/\/podcasts.apple.com\/br\/podcast\/paddockast\/id1371540198\">iTunes<\/a> | <a href=\"http:\/\/www.subscribeonandroid.com\/www.central3.com.br\/category\/podcasts\/paddockast\/feed\/podcast\/\">Android<\/a> | <a href=\"http:\/\/player.fm\/series\/paddockast\">playerFM<\/a><\/td>\n<\/tr>\n<\/tbody>\n<\/table>\n<p><\/p>\n<div>\n<table bgcolor=\"#E6E6E6\" border=\"0\" cellpadding=\"1\" cellspacing=\"1\" style=\"width: 100%\">\n<tbody>\n<tr>\n<td>\n<div>\n\t\t\t\t\t\t<b><span style=\"color:#FF0040\">Apoie o <strong> GRANDE PR&Ecirc;MIO<\/strong><\/span><\/b><span style=\"color:#FF0040\">: garanta o futuro do nosso jornalismo <\/span><br \/>\n\t\t\t\t\t\t<br \/>\n\t\t\t\t\t\tO<strong> GRANDE PR&Ecirc;MIO <\/strong>&eacute; a maior m&iacute;dia digital de esporte a motor do Brasil, na Am&eacute;rica Latina e em L&iacute;ngua Portuguesa, editorialmente independente. Nossa grande equipe produz conte&uacute;do di&aacute;rio e pensa em inova&ccedil;&otilde;es constantemente, e n&atilde;o s&oacute; na internet: uma das nossas atua&ccedil;&otilde;es est&aacute; na realiza&ccedil;&atilde;o de eventos, como a Copa GP de Kart. Assim, seu apoio &eacute; sempre importante.<br \/>\n\t\t\t\t\t\t<br \/>\n\t\t\t\t\t\t<a href=\"https:\/\/grandepremium.grandepremio.com\/br\/assine\" target=\"_blank\" rel=\"noopener noreferrer\">Assine o GRANDE PREMIUM<\/a>: veja os planos e o que oferecem, tenha &agrave; disposi&ccedil;&atilde;o uma s&eacute;rie de benef&iacute;cios e experi&ecirc;ncias exclusivas, e fa&ccedil;a parte de um grupo especial, a Scuderia GP, com debate em alto n&iacute;vel.<\/div>\n<\/td>\n<\/tr>\n<\/tbody>\n<\/table>\n<\/div>\n<p><\/p>\n","protected":false},"excerpt":{"rendered":"<p>A j&aacute; marcante vinheta que abre as transmiss&otilde;es da F&oacute;rmula 1 ganhou vers&atilde;o repaginada para 2020. Al&eacute;m das imagens dos 20 pilotos do grid, aparecem tamb&eacute;m imagens antigas da categoria, que celebra 70 anos de exist&ecirc;ncia<\/p>\n","protected":false},"author":0,"featured_media":0,"comment_status":"closed","ping_status":"closed","sticky":false,"template":"","format":"standard","meta":{"42wp_featured_image_caption":"","42wp_featured_image_credits":"","42wp_featured_video":"","42wp_featured_image_hidden":false,"42wp_authors_list":[],"footnotes":""},"categories":[2],"tags":[699,118,87],"42wp_author":[47109],"class_list":["post-132243","post","type-post","status-publish","format-standard","hentry","category-f1","tag-ayrton-senna","tag-f1-2020","tag-lewis-hamilton","42wp_author-redacao-gp"],"_links":{"self":[{"href":"https:\/\/grandepremio.com\/br\/wp-json\/wp\/v2\/posts\/132243","targetHints":{"allow":["GET"]}}],"collection":[{"href":"https:\/\/grandepremio.com\/br\/wp-json\/wp\/v2\/posts"}],"about":[{"href":"https:\/\/grandepremio.com\/br\/wp-json\/wp\/v2\/types\/post"}],"replies":[{"embeddable":true,"href":"https:\/\/grandepremio.com\/br\/wp-json\/wp\/v2\/comments?post=132243"}],"version-history":[{"count":0,"href":"https:\/\/grandepremio.com\/br\/wp-json\/wp\/v2\/posts\/132243\/revisions"}],"wp:attachment":[{"href":"https:\/\/grandepremio.com\/br\/wp-json\/wp\/v2\/media?parent=132243"}],"wp:term":[{"taxonomy":"category","embeddable":true,"href":"https:\/\/grandepremio.com\/br\/wp-json\/wp\/v2\/categories?post=132243"},{"taxonomy":"post_tag","embeddable":true,"href":"https:\/\/grandepremio.com\/br\/wp-json\/wp\/v2\/tags?post=132243"},{"taxonomy":"42wp_author","embeddable":true,"href":"https:\/\/grandepremio.com\/br\/wp-json\/wp\/v2\/42wp_author?post=132243"}],"curies":[{"name":"wp","href":"https:\/\/api.w.org\/{rel}","templated":true}]}}