{"id":132273,"date":"2020-03-10T12:15:00","date_gmt":"2020-03-10T15:15:00","guid":{"rendered":"https:\/\/grandepremio.com\/br\/noticias\/guia-2020-em-nome-da-protecao-indy-enfim-inaugura-era-aeroscreen\/"},"modified":"2020-05-19T17:51:52","modified_gmt":"2020-05-19T20:51:52","slug":"guia-2020-em-nome-da-protecao-indy-enfim-inaugura-era-aeroscreen","status":"publish","type":"post","link":"https:\/\/grandepremio.com\/br\/indy\/guia-2020-em-nome-da-protecao-indy-enfim-inaugura-era-aeroscreen\/","title":{"rendered":"GUIA 2020: Em nome da prote\u00e7\u00e3o, Indy enfim inaugura \u2018Era Aeroscreen\u2019"},"content":{"rendered":"\n<div class=\"embed-responsive embed-responsive-16by9\">\n\t<\/div>\n<p>\n<span style=\"color:#ffffff\"><span style=\"font-size: 22px\"><strong><span style=\"background-color:#696969\">GUIA 2020<\/span><\/strong><\/span><\/span><br \/>\n<strong style=\"font-size: 20px\"><span>_<\/span><a href=\"https:\/\/www.grandepremio.com\/br\/indy\/noticias\/guia-2020-andretti-e-ganassi-se-reforcam-mas-indy-comeca-com-penske-favorita\"><span>Andretti e Ganassi se refor&ccedil;am, mas Indy come&ccedil;a com Penske favorita<\/span><\/a><\/strong><br \/>\n<strong style=\"font-size: 20px\"><span>_<\/span><a href=\"https:\/\/www.grandepremio.com\/br\/indy\/noticias\/guia-2020-chegada-da-mclaren-e-oficializacao-de-herta-na-andretti-sacodem-grid\"><span>Chegada da McLaren e oficializa&ccedil;&atilde;o de Herta na Andretti sacodem grid<\/span><\/a><\/strong><br \/>\n<strong><span>_<\/span><span style=\"font-size:20px\"><a href=\"https:\/\/www.grandepremio.com\/br\/indy\/noticias\/guia-2020-newgarden-na-frente-e-trio-na-cola-a-primeira-ordem-de-forcas-da-indy\"><span style=\"color:#696969\">Newgarden na frente e trio na cola: a primeira ordem de for&ccedil;as da Indy<\/span><\/a><\/span><\/strong><br \/>\n<strong><span>_<\/span><span style=\"font-size:20px\"><a href=\"https:\/\/www.grandepremio.com\/br\/indy\/noticias\/guia-2020-fe-no-progresso-ou-conflito-de-interesses-a-nova-estreia-de-roger-penske\"><span style=\"color:#696969\">F&eacute; no progresso ou conflito de interesses? Nova estreia de Roger Penske<\/span><\/a><\/span><\/strong><br \/><\/p>\n<div>\n\tA temporada 2020 da <strong><a href=\"https:\/\/www.grandepremio.com\/br\/indy\"><span style=\"color:#000000\">Indy<\/span><\/a><\/strong> come&ccedil;a sem grandes revolu&ccedil;&otilde;es t&eacute;cnicas, mas com mudan&ccedil;as importantes. A maior delas, do ponto de vista pr&aacute;tico, &eacute; o nascimento do <a href=\"https:\/\/www.grandepremio.com\/br\/busca?s=aeroscreen\"><span style=\"color:#000000\">aeroscreen<\/span><\/a>. A prote&ccedil;&atilde;o de cockpit, estudada e projetada durante anos, enfim toma as pistas. A outra &eacute; o come&ccedil;o da Era <strong><a href=\"https:\/\/www.grandepremio.com\/br\/indy\/noticias\/penske-amplia-bump-day-e-rejeita-vagas-garantidas-para-indy-500\"><span style=\"color:#000000\">Roger Penske<\/span><\/a><\/strong> no comando na categoria, assim como do Indianapolis Motor Speedway. Sob nova dire&ccedil;&atilde;o, o que ser&aacute; a Indy nos pr&oacute;ximos anos?<\/div>\n<div>\n\t&nbsp;<\/div>\n<div>\n\tLevando em considera&ccedil;&atilde;o o aeroscreen como a grande novidade da categoria, que se trate dela. A prote&ccedil;&atilde;o foi desenvolvida pela Indy em parceria com a Red Bull Advanced Technologies e anunciada em maio de 2019, mas as conversas e pesquisas sobre viabilidade da pe&ccedil;a estavam em curso desde o primeiro semestre de 2016. A necessidade de uma prote&ccedil;&atilde;o como essa voltou a ser tema de discuss&otilde;es ap&oacute;s o acidente fatal envolvendo <strong><a href=\"https:\/\/www.grandepremio.com\/br\/busca?s=Justin%20Wilson\"><span style=\"color:#000000\">Justin Wilson<\/span><\/a><\/strong>, em 2015, bem como o de Jules Bianchi, na F1, causando um impacto global no esporte a motor.<\/div>\n<div>\n\t&nbsp;<\/div>\n<div>\n\t&quot;Desde que os primeiros prot&oacute;tipos foram desenvolvidos e mostrados em 2016, o potencial do aeroscreen para melhorar a seguran&ccedil;a para os pilotos em impactos na &aacute;rea do cockpit foi bem claro&quot;, comentou <strong><a href=\"https:\/\/www.grandepremio.com\/br\/busca?s=Christian%20Horner\"><span style=\"color:#000000\">Christian Horner<\/span><\/a><\/strong>, chefe de equipe da Red Bull na F1 e CEO da Red Bull Advanced Technologies.<\/div>\n<div>\n\t&nbsp;<\/div>\n<div>\n\t&quot;Esta nova parceria com a Indy d&aacute; a Red Bull a carta para explorar o potencial e desenvolver uma prote&ccedil;&atilde;o que ajudar&aacute; a prevenir graves les&otilde;es e salvar vidas na principal categoria dos EUA. Nos pr&oacute;ximos meses, estaremos trabalhando junto da Indy e dos pilotos para aperfei&ccedil;oar o aeroscreen, e estamos ansiosos para ver os resultados em 2020&rdquo;, finalizou.<\/div>\n<div>\n\t&nbsp;<\/div>\n<div>\n\tO aeroscreen consiste em uma tela laminada de policarbonato que inclui um revestimento antirreflexo no interior do escudo, um dispositivo anti-emba&ccedil;ante por meio de um elemento de aquecimento integral, todos produzidos por empresas terceirizadas. Outro recurso para os pilotos vai ser a op&ccedil;&atilde;o de resfriamento do cockpit, que vai ser desenvolvida pela Dallara, a fornecedora oficial de chassi da Indy, em conjunto com a Red Bull.<\/p>\n<div class=\"imagem-noticia\">\n\t\t<img decoding=\"async\" src=\"https:\/\/www.grandepremio.com\/br\/wp-content\/uploads\/2020\/03\/20202111644995_Power_II.jpg\" title=\"Will Power (Foto: Reprodu\u00e7\u00e3o\/Penske)\" \/><\/div>\n<div class=\"legenda-imagem\">\n\t\t#iconeimagem Will Power (Foto: Reprodu&ccedil;&atilde;o\/Penske)<\/div>\n<div>\n\t\tA estrutura de tit&acirc;nio vai ser montada em tr&ecirc;s &aacute;reas ao redor do cockpit: a linha de dentro do chassi, as montagens laterais traseiras e a integra&ccedil;&atilde;o com o arco de forma a suportar todo tipo de carga. A Red Bull projeta que a carga leve seja de 150 kilonewtons (kN, unidade de medida de for&ccedil;a), que seria igual &agrave; carga projetada pela FIA para o Halo que &eacute; atualmente utilizado pela F1.<\/div>\n<div>\n\t\t&nbsp;<\/div>\n<div>\n\t\tUm kilonewton &eacute; equivalente a aproximadamente 225 libras, que &eacute; uma for&ccedil;a de gravidade, n&atilde;o o peso est&aacute;tico ou massa. A for&ccedil;a, neste caso, &eacute; a massa multiplicada pela acelera&ccedil;&atilde;o.<\/div>\n<div>\n\t\t&nbsp;<\/div>\n<div>\n\t\tAinda no ano passado, a prote&ccedil;&atilde;o foi estreada com testes em indian&aacute;polis, Barber e Richmond. Nos testes coletivos deste ano, em Austin, os pilotos j&aacute; se mostraram acostumados &agrave; ideia: &quot;Vou me sentir pelado sem o aeroscreen&quot;, falou <strong><a href=\"https:\/\/www.grandepremio.com\/br\/busca?s=Will%20Power\"><span style=\"color:#000000\">Will Power<\/span><\/a><\/strong>, o campe&atilde;o de 2014. Mas foi o mesmo Power que revelou um dos problemas que surgiram nos testes: uma goteira.<\/div>\n<div>\n\t\t&nbsp;<\/div>\n<div>\n\t\t&quot;Parece que precisa de um refor&ccedil;o na parte de cima porque a &aacute;gua entra enquanto voc&ecirc; guia. A &aacute;gua entrou por baixo da tela e pingou de cima&quot;, contou. Na sequ&ecirc;ncia, entretanto, elogiou. &quot;O aeroscreen &eacute; &oacute;timo: a &aacute;gua sai da frente e n&atilde;o deixa neblina, mas a chuva pinga no seu volante e visor. Seria um conserto f&aacute;cil com apenas um refor&ccedil;o&quot;, seguiu.<\/div>\n<div>\n\t\t&nbsp;<\/div>\n<div>\n\t\tOutros pilotos apontaram diferentes quest&otilde;es. <strong><a href=\"https:\/\/www.grandepremio.com\/br\/busca?s=Charlie%20Kimball\"><span style=\"color:#000000\">Charlie Kimball<\/span><\/a><\/strong>, por exemplo, tratou do calor que o aeroscreen pode causar no cockpit. &quot;Acho que temos alguns problemas de resfriamento para trabalhar. N&atilde;o foi quente hoje, mas ao mesmo tempo n&atilde;o tive problemas de vis&atilde;o e &eacute; muito mais silencioso no carro, com menos barulho de vento, o r&aacute;dio &eacute; mais claro, mas precisamos saber como podemos nos manter frescos em um dia quente&quot;, declarou o piloto ap&oacute;s testes em apenas 15&ordm;C de temperatura em Austin ao site &#039;Motorsport.com&#039;.<\/div>\n<div>\n\t\t&nbsp;<\/div>\n<div>\n\t\tCom rela&ccedil;&atilde;o &agrave; visibilidade, nenhuma reclama&ccedil;&atilde;o. &quot;Andamos um pouco na chuva. Teve sujeira na hora de seguir outro carro, mas pareceu sob controle, ent&atilde;o n&atilde;o tenho maiores reclama&ccedil;&otilde;es&quot;, disse <strong><a href=\"https:\/\/www.grandepremio.com\/br\/busca?s=Dalton%20Kellett\"><span style=\"color:#000000\">Dalton Kellett<\/span><\/a><\/strong>. &quot;Acho que funcionou bem. Quando o sol baixou, tinha muito brilho na tela, algo que vamos precisar ver com o feedback dos outros pilotos, mas a visibilidade era muito boa&quot;, completou <strong><a href=\"https:\/\/www.grandepremio.com\/br\/busca?s=Felix%20Rosenqvist\"><span style=\"color:#000000\">Felix Rosenqvist<\/span><\/a><\/strong>.<\/div>\n<div>\n\t\t&nbsp;<\/div>\n<div>\n\t\tA abertura do campeonato, no pr&oacute;ximo dia 15, ir&aacute; mostrar como ser&aacute; a rela&ccedil;&atilde;o dos pilotos com o aeroscreen a partir do momento em que a competi&ccedil;&atilde;o de verdade iniciar.<\/div>\n<\/div>\n<div class=\"imagem-noticia\">\n\t<img decoding=\"async\" src=\"https:\/\/www.grandepremio.com\/br\/wp-content\/uploads\/2020\/03\/20191141318199_image_O.png\" title=\"Roger Penske \u00e9 o novo propriet\u00e1rio da Indy e do IMS (Foto: Reprodu\u00e7\u00e3o)\" \/><\/div>\n<div class=\"legenda-imagem\">\n\t#iconeimagem Roger Penske &eacute; o novo propriet&aacute;rio da Indy e do IMS (Foto: Reprodu&ccedil;&atilde;o)<\/div>\n<div>\n\t<u><strong>Sob nova dire&ccedil;&atilde;o<\/strong><\/u><\/div>\n<div>\n\t&nbsp;<\/div>\n<div>\n\tO m&ecirc;s de novembro de 2019 chegou com a grande surpresa do ano, muito mais que o j&aacute; esperado aeroscreen: a compra da Indy e do Indianapolis Motor Speedway. A Penske Entertainment Corp adquiriu a organiza&ccedil;&atilde;o das m&atilde;os dos antigos donos, a Hulman &amp; Company.<\/div>\n<div>\n\t&nbsp;<\/div>\n<div>\n\t&quot;Minha paix&atilde;o por corridas come&ccedil;ou em Indian&aacute;polis, em 1951, quando fui pela primeira vez em uma Indy 500 com meu pai. Temos muito respeito e admira&ccedil;&atilde;o pela hist&oacute;ria do circuito e pela Indy. Quero agradecer a Hulman &amp; Company pela oportunidade de construir neste legado, ser&aacute; uma honra para a Penske Corporation ajudar estas institui&ccedil;&otilde;es a avan&ccedil;ar para uma nova era&quot;, disse Roger Penske no dia do an&uacute;ncio.<br \/>\n\t<\/p>\n<div>\n\t\tMaior vencedor da Indy 500, Penske falou sobre trazer uma nova montadora para a categoria, al&eacute;m de Honda e Chevrolet, e mostrou ter ideias para a pista, mantendo a pol&iacute;tica que a gest&atilde;o anterior adotou.<\/div>\n<\/div>\n<div>\n\t&nbsp;<\/div>\n<div>\n\tE <strong><a href=\"https:\/\/www.grandepremio.com\/br\/indy\/noticias\/rivais-historicos-ganassi-e-andretti-elogiam-compra-da-indy-e-do-ims-por-penske\"><span style=\"color:#000000\">os rivais hist&oacute;ricos<\/span><\/a><\/strong>? Engana-se quem pensa que o novo papel da Penske incomoda <strong><a href=\"https:\/\/www.grandepremio.com\/br\/busca?s=Chip%20Ganassi\"><span style=\"color:#000000\">Chip Ganassi<\/span><\/a><\/strong> ou <strong><a href=\"https:\/\/www.grandepremio.com\/br\/busca?s=Michael%20Andretti\"><span style=\"color:#000000\">Michael Andretti<\/span><\/a><\/strong>.<\/div>\n<div>\n\t&nbsp;<\/div>\n<div>\n\t&quot;&Eacute; uma grande not&iacute;cia para a ind&uacute;stria. A novidade &eacute; uma inje&ccedil;&atilde;o de &acirc;nimo tanto para o esporte a motor quando para a Indy, especificamente. Roger &eacute; um bom amigo e uma pessoa de classe&quot;, elogiou Ganassi. Andretti foi no mesmo caminho. &quot;Acredito que a not&iacute;cia &eacute; positiva. Roger sempre mostrou interesse em que o IMS e a Indy fizessem grandes coisas, e tenho certeza que vai continuar a fazer isso no novo papel de dono. Tanto a Indy 500 quanto a Indy est&atilde;o em crescente, e estou ansioso para ver o crescimento continuar&quot;, finalizou.<br \/>\n\t<\/p>\n<div>\n\t\tA primeira grande mudan&ccedil;a da Era Penske est&aacute; na Indy 500 e <strong><a href=\"https:\/\/www.grandepremio.com\/br\/indy\/noticias\/penske-amplia-bump-day-e-rejeita-vagas-garantidas-para-indy-500\"><span style=\"color:#000000\">foi anunciada no &uacute;ltimo m&ecirc;s de fevereiro<\/span><\/a><\/strong>, exatos 100 dias antes da edi&ccedil;&atilde;o 2020. A 104&ordf; edi&ccedil;&atilde;o da corrida mais importante do calend&aacute;rio contar&aacute;, por exemplo, com a maior premia&ccedil;&atilde;o da hist&oacute;ria: acima dos US$ 15 milh&otilde;es (ou R$ 64,5 milh&otilde;es na cota&ccedil;&atilde;o atual), sendo que o vencedor vai embolsar, pelo menos, US$ 2 milh&otilde;es (ou R$ 8,6 milh&otilde;es).<\/div>\n<div>\n\t\t&nbsp;<\/div>\n<div>\n\t\tO Bump Day tamb&eacute;m conta com altera&ccedil;&otilde;es. Mais especificamente no Last Day Shootout, momento mais dram&aacute;tico do m&ecirc;s de maio da Indy 500 e que define a &uacute;ltima fila e os tr&ecirc;s &uacute;ltimos pilotos a compor o grid de 33 carros. Diferentemente do que acontecia at&eacute; o ano passado, quando cada postulante tinha direito de buscar a vaga apenas uma &uacute;nica vez, a partir de agora a sess&atilde;o ser&aacute; ampliada para 75 minutos, de modo a permitir v&aacute;rias tentativas de cada piloto neste per&iacute;odo.<\/div>\n<div>\n\t\t&nbsp;<\/div>\n<div>\n\t\tUma outra mudan&ccedil;a, tamb&eacute;m sobre o per&iacute;odo de classifica&ccedil;&atilde;o, &eacute; o aumento da pot&ecirc;ncia do turbo, ampliado em 45 cv para compensar o arrasto aerodin&acirc;mico extra proporcionado pela instala&ccedil;&atilde;o do aeroscreen, uma das novidades para os carros da categoria em 2020.<\/div>\n<div>\n\t\t&nbsp;<\/div>\n<div>\n\t\tOs novos chefes tamb&eacute;m anunciaram uma s&eacute;rie de melhorias para os f&atilde;s no espa&ccedil;o do Indian&aacute;polis Motor Speedway, como a instala&ccedil;&atilde;o de um complexo de entretenimento, fornecido pela Verizon &mdash; patrocinadora do evento &mdash;, e a reforma dos mais de 125 banheiros no complexo do IMS. A expectativa do dirigente &eacute; que tudo fique pronto at&eacute; 8 de maio, dia do primeiro treino de prepara&ccedil;&atilde;o para a Indy 500 de 2020. A Indy 500 est&aacute; marcada para 24 de maio.<\/div>\n<\/div>\n<div class=\"imagem-noticia\">\n\t<img decoding=\"async\" src=\"https:\/\/www.grandepremio.com\/br\/wp-content\/uploads\/2020\/03\/201910161026434_Dixon_II.jpg\" title=\"Scott Dixon (Foto: Indycar)\" \/><\/div>\n<div class=\"legenda-imagem\">\n\t#iconeimagem Scott Dixon (Foto: Indycar)<\/div>\n<div>\n\t<u><strong>Continuidade do calend&aacute;rio<\/strong><\/u><\/div>\n<div>\n\t&nbsp;<\/div>\n<div>\n\tEntre as pistas em que a categoria passar&aacute; na temporada 2020, apenas uma &uacute;nica mudan&ccedil;a em rela&ccedil;&atilde;o ao ano anterior: sai Pocono, ap&oacute;s anos de questionamentos sobre quest&otilde;es de seguran&ccedil;a e retorna Richmond, que estava fora do campeonato desde 2009. O oval da Virginia recebeu a Indy entre 2001 e 2009. A corrida acontece em 27 de junho.<\/div>\n<div>\n\t&nbsp;<\/div>\n<div>\n\t&quot;Estamos felizes por voltar &agrave; regi&atilde;o de Richmond, sabemos que tem muitos f&atilde;s da Indy por l&aacute;. Tamb&eacute;m estamos felizes pelo aut&oacute;dromo de Richmond, investiu pesado, $30 milh&otilde;es para se remodelar e ajustar a parte interna para melhorar a experi&ecirc;ncia dos f&atilde;s&quot;, comentou o ex-chef&atilde;o da Indy Mark Miles &#8211; como o an&uacute;ncio foi feito em setembro, Roger Penske ainda n&atilde;o havia obtido a organiza&ccedil;&atilde;o.<\/div>\n<div>\n\t&nbsp;<\/div>\n<div>\n\tO campeonato come&ccedil;a na pr&oacute;xima semana, em 15 de mar&ccedil;o.<br \/>\n\t<\/p>\n<table bgcolor=\"#add8e6<br \/>\n&#8221; border=&#8221;1&#8243; cellpadding=&#8221;1&#8243; cellspacing=&#8221;1&#8243; style=&#8221;width: 100%&#8221;><br \/>\n<tbody>\n<tr>\n<td>\n\t\t\t\t\t<span style=\"color:#000000\"><span style=\"font-size:18px\"><strong>Paddockast #51<br \/>\n\t\t\t\t\tQUEM VENCEU DRIVE TO SURVIVE 2<\/strong><\/span><\/span><br \/>\n\t\t\t\t\t<br \/>\n\t\t\t\t\tOu&ccedil;a: <a href=\"http:\/\/open.spotify.com\/show\/5OBbp8MzxQymoyneX4IviF?si=gYqPr53GSaa-AcxFpOzJHg\">Spotify<\/a> | <a href=\"http:\/\/podcasts.apple.com\/br\/podcast\/paddockast\/id1371540198\">iTunes<\/a> | <a href=\"http:\/\/www.subscribeonandroid.com\/www.central3.com.br\/category\/podcasts\/paddockast\/feed\/podcast\/\">Android<\/a> | <a href=\"http:\/\/player.fm\/series\/paddockast\">playerFM<\/a><\/td>\n<\/tr>\n<\/tbody>\n<\/table>\n<div>\n<div>\n\t\t\t<\/p>\n<table bgcolor=\"#E6E6E6\" border=\"0\" cellpadding=\"1\" cellspacing=\"1\" style=\"width: 100%\">\n<tbody>\n<tr>\n<td>\n<div>\n\t\t\t\t\t\t\t\t<b><span style=\"color:#FF0040\">Apoie o <strong> GRANDE PR&Ecirc;MIO<\/strong><\/span><\/b><span style=\"color:#FF0040\">: garanta o futuro do nosso jornalismo <\/span><br \/>\n\t\t\t\t\t\t\t\t<br \/>\n\t\t\t\t\t\t\t\tO<strong> GRANDE PR&Ecirc;MIO <\/strong>&eacute; a maior m&iacute;dia digital de esporte a motor do Brasil, na Am&eacute;rica Latina e em L&iacute;ngua Portuguesa, editorialmente independente. Nossa grande equipe produz conte&uacute;do di&aacute;rio e pensa em inova&ccedil;&otilde;es constantemente, e n&atilde;o s&oacute; na internet: uma das nossas atua&ccedil;&otilde;es est&aacute; na realiza&ccedil;&atilde;o de eventos, como a Copa GP de Kart. Assim, seu apoio &eacute; sempre importante.<br \/>\n\t\t\t\t\t\t\t\t<br \/>\n\t\t\t\t\t\t\t\t<a href=\"https:\/\/grandepremium.grandepremio.com\/br\/assine\" target=\"_blank\" rel=\"noopener noreferrer\">Assine o GRANDE PREMIUM<\/a>: veja os planos e o que oferecem, tenha &agrave; disposi&ccedil;&atilde;o uma s&eacute;rie de benef&iacute;cios e experi&ecirc;ncias exclusivas, e fa&ccedil;a parte de um grupo especial, a Scuderia GP, com debate em alto n&iacute;vel.<\/div>\n<\/td>\n<\/tr>\n<\/tbody>\n<\/table><\/div><\/p><\/div>\n<\/div>\n<p><\/p>\n","protected":false},"excerpt":{"rendered":"<p>Em ano de consist&ecirc;ncia t&eacute;cnica, a Indy v&ecirc; a introdu&ccedil;&atilde;o da nova prote&ccedil;&atilde;o de cockpit, estudada e desenvolvida em parceria com a Red Bull desde 2016, como a grande novidade. Al&eacute;m, claro, do fato de ter um novo &#8211; e bastante conhecido &#8211; chef&atilde;o<\/p>\n","protected":false},"author":0,"featured_media":0,"comment_status":"closed","ping_status":"closed","sticky":false,"template":"","format":"standard","meta":{"42wp_featured_image_caption":"","42wp_featured_image_credits":"","42wp_featured_video":"","42wp_featured_image_hidden":false,"42wp_authors_list":[],"footnotes":""},"categories":[3],"tags":[324,1491,328,96,25327,24830,3824,2999,1245,3133],"42wp_author":[47120],"class_list":["post-132273","post","type-post","status-publish","format-standard","hentry","category-indy","tag-formula-indy-2020","tag-grande-premio","tag-horarios-da-indy","tag-indy-2020","tag-ott-tanak-2","tag-pandemia","tag-pocono","tag-richmond","tag-roger-penske","tag-will-power","42wp_author-pedro-henrique-marum"],"_links":{"self":[{"href":"https:\/\/grandepremio.com\/br\/wp-json\/wp\/v2\/posts\/132273","targetHints":{"allow":["GET"]}}],"collection":[{"href":"https:\/\/grandepremio.com\/br\/wp-json\/wp\/v2\/posts"}],"about":[{"href":"https:\/\/grandepremio.com\/br\/wp-json\/wp\/v2\/types\/post"}],"replies":[{"embeddable":true,"href":"https:\/\/grandepremio.com\/br\/wp-json\/wp\/v2\/comments?post=132273"}],"version-history":[{"count":0,"href":"https:\/\/grandepremio.com\/br\/wp-json\/wp\/v2\/posts\/132273\/revisions"}],"wp:attachment":[{"href":"https:\/\/grandepremio.com\/br\/wp-json\/wp\/v2\/media?parent=132273"}],"wp:term":[{"taxonomy":"category","embeddable":true,"href":"https:\/\/grandepremio.com\/br\/wp-json\/wp\/v2\/categories?post=132273"},{"taxonomy":"post_tag","embeddable":true,"href":"https:\/\/grandepremio.com\/br\/wp-json\/wp\/v2\/tags?post=132273"},{"taxonomy":"42wp_author","embeddable":true,"href":"https:\/\/grandepremio.com\/br\/wp-json\/wp\/v2\/42wp_author?post=132273"}],"curies":[{"name":"wp","href":"https:\/\/api.w.org\/{rel}","templated":true}]}}