{"id":132358,"date":"2019-08-07T17:00:00","date_gmt":"2019-08-07T20:00:00","guid":{"rendered":"https:\/\/grandepremio.com\/br\/noticias\/alex-marquez-encaminha-titulo-da-moto2-mas-em-que-equipe-da-motogp-tem-lugar\/"},"modified":"2020-05-12T15:51:52","modified_gmt":"2020-05-12T18:51:52","slug":"alex-marquez-encaminha-titulo-da-moto2-mas-em-que-equipe-da-motogp-tem-lugar","status":"publish","type":"post","link":"https:\/\/grandepremio.com\/br\/motogp\/alex-marquez-encaminha-titulo-da-moto2-mas-em-que-equipe-da-motogp-tem-lugar\/","title":{"rendered":"\u00c1lex M\u00e1rquez encaminha t\u00edtulo da Moto2, mas em que equipe da MotoGP tem lugar?"},"content":{"rendered":"\n<div class=\"embed-responsive embed-responsive-16by9\">\n\t<\/div>\n<div class=\"legenda-imagem\">\n\t#iconeimagem &Aacute;lex M&aacute;rquez tem mostrado grande evolu&ccedil;&atilde;o na temporada 2019 da Moto2. Com dez corridas disputadas, o espanhol j&aacute; conseguiu vencer em cinco, subindo no p&oacute;dio seis vezes. No <strong>PADDOCK GP #171<\/strong>, os jornalistas debateram onde o irm&atilde;o mais novo de Marc teria espa&ccedil;o na MotoGP. <strong>ASSISTA<\/strong><br \/>\n\t<\/p>\n<div><\/div>\n<\/div>\n<p><\/p>\n","protected":false},"excerpt":{"rendered":"<p>&Aacute;lex M&aacute;rquez tem dado importantes passos em dire&ccedil;&atilde;o do t&iacute;tulo da temporada 2019 da Moto2. No Paddock GP, os comentaristas analisaram a evolu&ccedil;&atilde;o do espanhol e debateram onde teria espa&ccedil;o na MotoGP<\/p>\n","protected":false},"author":0,"featured_media":0,"comment_status":"closed","ping_status":"closed","sticky":false,"template":"","format":"standard","meta":{"42wp_featured_image_caption":"","42wp_featured_image_credits":"","42wp_featured_video":"","42wp_featured_image_hidden":false,"42wp_authors_list":[],"footnotes":""},"categories":[8],"tags":[2629,1930,2450,847,1537],"42wp_author":[47109],"class_list":["post-132358","post","type-post","status-publish","format-standard","hentry","category-motogp","tag-marc-vds","tag-moto2","tag-moto2-2019","tag-mundial-de-motovelocidade","tag-paddock-gp","42wp_author-redacao-gp"],"_links":{"self":[{"href":"https:\/\/grandepremio.com\/br\/wp-json\/wp\/v2\/posts\/132358","targetHints":{"allow":["GET"]}}],"collection":[{"href":"https:\/\/grandepremio.com\/br\/wp-json\/wp\/v2\/posts"}],"about":[{"href":"https:\/\/grandepremio.com\/br\/wp-json\/wp\/v2\/types\/post"}],"replies":[{"embeddable":true,"href":"https:\/\/grandepremio.com\/br\/wp-json\/wp\/v2\/comments?post=132358"}],"version-history":[{"count":0,"href":"https:\/\/grandepremio.com\/br\/wp-json\/wp\/v2\/posts\/132358\/revisions"}],"wp:attachment":[{"href":"https:\/\/grandepremio.com\/br\/wp-json\/wp\/v2\/media?parent=132358"}],"wp:term":[{"taxonomy":"category","embeddable":true,"href":"https:\/\/grandepremio.com\/br\/wp-json\/wp\/v2\/categories?post=132358"},{"taxonomy":"post_tag","embeddable":true,"href":"https:\/\/grandepremio.com\/br\/wp-json\/wp\/v2\/tags?post=132358"},{"taxonomy":"42wp_author","embeddable":true,"href":"https:\/\/grandepremio.com\/br\/wp-json\/wp\/v2\/42wp_author?post=132358"}],"curies":[{"name":"wp","href":"https:\/\/api.w.org\/{rel}","templated":true}]}}