{"id":132398,"date":"2020-03-08T09:00:00","date_gmt":"2020-03-08T12:00:00","guid":{"rendered":"https:\/\/grandepremio.com\/br\/noticias\/italia-isola-provincias-para-conter-coronavirus-e-impoe-nova-ameaca-a-motogp\/"},"modified":"2020-05-19T17:42:01","modified_gmt":"2020-05-19T20:42:01","slug":"italia-isola-provincias-para-conter-coronavirus-e-impoe-nova-ameaca-a-motogp","status":"publish","type":"post","link":"https:\/\/grandepremio.com\/br\/motogp\/italia-isola-provincias-para-conter-coronavirus-e-impoe-nova-ameaca-a-motogp\/","title":{"rendered":"It\u00e1lia isola prov\u00edncias para conter coronav\u00edrus e imp\u00f5e nova amea\u00e7a \u00e0 MotoGP"},"content":{"rendered":"\n<div>\n<div style=\"font-family: roboto, sans-serif;font-size: 20px\">\n<div>\n\t\t\t<span><span style=\"font-weight: 700\">GUIA DA MOTOGP 2020<\/span><\/span><\/div>\n<p>\t\t<span style=\"font-weight: 700\"><a href=\"https:\/\/www.grandepremio.com\/br\/motogp\/noticias\/guia-2020-tres-novatos-um-adeus-e-um-homem-a-ser-batido-como-vem-a-motogp\" style=\"background-color: transparent\"><span>\u27ff Tr&ecirc;s novatos, um adeus e um homem a ser batido: como vem a MotoGP<\/span><\/a><\/span><\/p>\n<div>\n\t\t\t<a href=\"https:\/\/grandepremio.com\/br\/motogp\/noticias\/guia-2020-com-poucas-mudancas-destaque-de-2020-fica-por-conta-da-entrada-da-finlandia\" style=\"background-color: transparent\"><span><span style=\"font-weight: 700\">\u27ff Com poucas mudan&ccedil;as, destaque de 2020 fica por conta da entrada da Finl&acirc;ndia<\/span><\/span><\/a><br \/>\n\t\t\t<a href=\"https:\/\/grandepremio.com\/br\/motogp\/noticias\/guia-2020-com-duo-de-marquez-honda-tem-nova-chance-de-provar-qualidade-da-rcv\" style=\"background-color: transparent\"><span style=\"font-weight: 700\"><span>\u27ff Com duo de M&aacute;rquez, Honda tem nova chance de provar qualidade da RC213V<\/span><\/span><\/a><br \/>\n\t\t\t<span style=\"font-weight: 700\"><a href=\"https:\/\/grandepremio.com\/br\/motogp\/noticias\/guia-2020-ultimo-remanescente-dos-aliens-rossi-abre-ano-decisivo-na-motogp\" style=\"background-color: transparent\"><span>\u27ff&nbsp;&Uacute;ltimo remanescente dos &lsquo;aliens&rsquo;, Rossi abre ano decisivo na MotoGP<\/span><\/a><\/span><br \/>\n\t\t\t<span style=\"font-weight: 700\"><a href=\"http:\/\/grandepremium.grandepremio.com\/br\/stop-and-go\/materias\/alberto-puig\" style=\"background-color: transparent\"><span>\u27ff&nbsp;Stop &amp; Go: Alberto Puig<\/span><\/a><\/span><br \/>\n\t\t\t<a href=\"https:\/\/grandepremio.com\/br\/motogp\/noticias\/guia-2020-hexa-marquez-tem-encontro-com-historia-os-titulos-de-rossi\" style=\"background-color: transparent\"><span style=\"font-weight: 700\"><span>\u27ff Hexa, M&aacute;rquez tem encontro com hist&oacute;ria em 2020: recorde de Rossi<\/span><\/span><\/a><\/p>\n<div data-id=\"icrZMewFn2RprbcpBPJgYiPCpHY1JDbCRoZy0eaMgR9KR8bMPfhr\">\n<div class=\"pro-player-wrapper aspectRateFixed pro-player-ipm pro-player-ipm-hidden\" data-hidden=\"false\" style=\"margin: inherit;overflow: hidden;width: 804.328px;height: 0px !important\">\n<div class=\"light-player-wrapper\" style=\"width: 804.328px;height: 0px;padding-bottom: 1px\">\n\t\t\t\t\t\t<\/div>\n<div class=\"fkstck\">\n\t\t\t\t\t\t&nbsp;<\/div><\/p><\/div><\/p><\/div><\/p><\/div><\/p><\/div>\n<div style=\"font-family: roboto, sans-serif;font-size: 20px\">\n\t\t<span style=\"font-weight: 700\"><a href=\"https:\/\/www.grandepremio.com\/br\/motogp\/noticias\/guia-2020-destaque-em-2019-quartararo-segue-na-busca-pela-primeira-vitoria\" style=\"background-color: transparent\"><span>\u27ff&nbsp;Destaque em 2019, Quartararo segue na busca pela primeira vit&oacute;ria<\/span><\/a><\/span><br \/>\n\t\t<a href=\"https:\/\/www.grandepremio.com\/br\/motogp\/noticias\/guia-2020-a-hora-da-verdade-continua-o-que-sera-da-yamaha-em-2020\" style=\"background-color: transparent\"><span style=\"font-weight: 700\"><span>\u27ff A hora da verdade continua: o que ser&aacute; da Yamaha em 2020<\/span><span>?<\/span><\/span><\/a><br \/>\n\t\t<span style=\"font-weight: 700\"><a href=\"https:\/\/grandepremio.com\/br\/motogp\/noticias\/guia-2020-com-muitas-movimentacoes-no-grid-moto2-tem-experientes-como-favoritos\" style=\"background-color: transparent\"><span>\u27ff Com muitas movimenta&ccedil;&otilde;es no grid, Moto2 tem &#039;experientes&#039; como favoritos<\/span><\/a><\/span><\/div>\n<div style=\"font-family: roboto, sans-serif;font-size: 20px\">\n\t\t<a href=\"https:\/\/www.grandepremio.com\/br\/motogp\/noticias\/guia-2020-o-novo-mamola-contra-marquez-dovizioso-tentar-perder-estigma-do-eterno-vice\" style=\"background-color: transparent\"><span style=\"font-weight: 700\"><span>\u27ff O novo Mamola<\/span><\/span><span style=\"font-weight: 700\"><span>? Contra M&aacute;rquez, Dovizioso tenta perder estigma de eterno vice<\/span><\/span><\/a><br \/>\n\t\t<a href=\"https:\/\/www.grandepremio.com\/br\/motogp\/noticias\/guia-2020-ao-lado-do-irmao-alex-marquez-tenta-provar-que-merece-vaga-na-motogp\" style=\"background-color: transparent\"><span style=\"font-weight: 700\"><span>\u27ff Ao lado do irm&atilde;o, &Aacute;lex M&aacute;rquez tenta provar que merece vaga na MotoGP<\/span><\/span><\/a><br \/>\n\t\t<a href=\"https:\/\/www.grandepremio.com\/br\/motogp\/noticias\/guia-2020-de-grao-em-grao-suzuki-cresce-na-motogp-qual-o-proximo-passo\" style=\"background-color: transparent\"><span style=\"font-weight: 700\"><span>\u27ff De gr&atilde;o em gr&atilde;o, Suzuki cresce na MotoGP. Qual o pr&oacute;ximo passo<\/span><\/span><span style=\"font-weight: 700\"><span>?<\/span><\/span><\/a><br \/>\n\t\t<span style=\"font-weight: 700\"><a href=\"https:\/\/grandepremio.com\/br\/motogp\/noticias\/guia-2020-com-forte-equilibrio-no-grid-moto3-comeca-temporada-de-novo-sem-favoritos\" style=\"background-color: transparent\"><span>\u27ff&nbsp;Com forte equil&iacute;brio no grid, Moto3 come&ccedil;a temporada de novo sem favoritos<\/span><\/a><br \/>\n\t\t<a href=\"https:\/\/grandepremium.grandepremio.com\/br\/stop-and-go\/materias\/davide-brivio\" style=\"background-color: transparent\"><span>\u27ff&nbsp;Stop &amp; Go: Davide Brivio<\/span><\/a><br \/>\n\t\t<span style=\"background-color: transparent\"><a href=\"https:\/\/grandepremio.com\/br\/motogp\/noticias\/guia-2020-sonho-possivel-ducati-afia-desmosedici-para-seguir-na-busca-por-titulo\" style=\"background-color: transparent\"><span style=\"color:#990033\">\u27ff&nbsp;Sonho poss&iacute;vel? Ducati afia Desmosedici para seguir na busca por t&iacute;tulo<br \/>\n\t\t\u27ff&nbsp;No ritmo da F1, Aprilia prepara revolu&ccedil;&atilde;o. Ser&aacute; o suficiente?<\/span><\/a><br \/>\n\t\t<a href=\"https:\/\/grandepremio.com\/br\/motogp\/noticias\/guia-2020-com-toque-de-pedrosa-ktm-abre-nova-fase-na-temporada-2020-da-motogp\"><span style=\"color:#990033\"><span style=\"background-color: transparent\">\u27ff&nbsp;Com toque de Pedrosa, KTM abre nova fase na temporada 2020 da MotoGP<\/span><\/span><\/a><\/span><\/span><\/div>\n<p><\/p>\n<div>\n\t\tA <strong><a href=\"https:\/\/grandepremio.com\/br\/motogp\"><span style=\"color:#990033\">MotoGP<\/span><\/a><\/strong> vai ter de lidar com um novo desafio na temporada 2020. <strong><a href=\"https:\/\/grandepremio.com\/br\/motogp\/noticias\/governo-do-catar-impoe-restricoes-por-coronavirus-e-forca-motogp-a-cancelar-corrida\"><span style=\"color:#990033\">Depois de ver o GP do Catar cancelado para a classe rainha<\/span><\/a><\/strong> e <strong><a href=\"https:\/\/grandepremio.com\/br\/motogp\/noticias\/adiado-por-coronavirus-gp-da-tailandia-muda-para-outubro-motogp-inicia-nos-eua\"><span style=\"color:#990033\">ter de adiar o GP da Tail&acirc;ndia para outubro<\/span><\/a><\/strong>, agora a Dorna ter&aacute; de lidar com decreto do governo da It&aacute;lia que pro&iacute;be entrada e sa&iacute;da na Lombardia e em mais 14 prov&iacute;ncias.&nbsp;<\/div>\n<div>\n\t\t&nbsp;<\/div>\n<div>\n\t\tO governo italiano determinou neste domingo (8) um isolamento para uma ampla regi&atilde;o na &aacute;rea norte da It&aacute;lia, incluindo Mil&atilde;o, em uma nova tentativa de contar a dissemina&ccedil;&atilde;o do coronav&iacute;rus. O texto pro&iacute;be entrada e sa&iacute;da nesses territ&oacute;rios a n&atilde;o ser por &ldquo;comprovadas exig&ecirc;ncias de trabalho, situa&ccedil;&otilde;es de necessidade ou motivos de sa&uacute;de&rdquo;.<\/div>\n<div>\n\t\t&nbsp;<\/div>\n<div>\n\t\tA medida, que permanece em vigor at&eacute; 3 de abril, afeta 16 milh&otilde;es de pessoas e foi assinada na madrugada pelo primeiro-ministro Giuseppe Conte. A orienta&ccedil;&atilde;o &eacute; que as pessoas n&atilde;o entrem ou saiam da regi&atilde;o da Lombardia, a mais rica da It&aacute;lia, e de outras prov&iacute;ncias espalhadas em quatro regi&otilde;es: Modena, Parma, Piacenza, Reggio Emilia, Rimini, Veneza, P&aacute;dua, Treviso, Asti, Novara, Verbano-Cusio-Ossola, Vercelli, Alessandria, Pesaro e Urbino.<\/div>\n<div>\n<div class=\"imagem-noticia\">\n\t\t\t<img decoding=\"async\" src=\"https:\/\/www.grandepremio.com\/br\/wp-content\/uploads\/2020\/03\/2020389354_Italia_II.jpg\" title=\"Italia (Foto: Reprodu\u00e7\u00e3o)\" \/><\/div>\n<div class=\"legenda-imagem\">\n\t\t\t#iconeimagem It&aacute;lia bloqueou uma s&eacute;rie de regi&otilde;es para conter o coronav&iacute;rus (Foto: Reprodu&ccedil;&atilde;o)<\/div><\/p><\/div>\n<table bgcolor=\"#BD728C\" border=\"1\" cellpadding=\"1\" cellspacing=\"1\" style=\"width: 100%\">\n<tbody>\n<tr>\n<td>\n\t\t\t\t\t<span style=\"color:#000000\"><span style=\"font-size:18px\"><strong><span style=\"font-size:20px\">Paddockast #51<\/span><br \/>\n\t\t\t\t\tQUEM VENCEU &#039;DRIVE TO SURVIVE&#039; 2?<\/strong><\/span><br \/>\n\t\t\t\t\t<br \/>\n\t\t\t\t\tOu&ccedil;a:<\/span> <a href=\"http:\/\/open.spotify.com\/show\/5OBbp8MzxQymoyneX4IviF?si=gYqPr53GSaa-AcxFpOzJHg\"><span style=\"color:#000080\">Spotify<\/span><\/a><span style=\"color:#000080\"> <\/span><span style=\"color:#000000\">|<\/span> <a href=\"http:\/\/podcasts.apple.com\/br\/podcast\/paddockast\/id1371540198\"><span style=\"color:#000080\">iTunes<\/span><\/a><span style=\"color:#000080\"> <\/span><span style=\"color:#000000\">|<\/span> <a href=\"http:\/\/www.subscribeonandroid.com\/www.central3.com.br\/category\/podcasts\/paddockast\/feed\/podcast\/\"><span style=\"color:#000080\">Android<\/span><\/a><span style=\"color:#000080\"> <\/span><span style=\"color:#000000\">|<\/span> <a href=\"http:\/\/player.fm\/series\/paddockast\"><span style=\"color:#000080\">playerFM<\/span><\/a><\/td>\n<\/tr>\n<\/tbody>\n<\/table>\n<p><\/p>\n<div>\n\t\t&ldquo;N&oacute;s enfrentamos uma emerg&ecirc;ncia nacional. Escolhemos, desde o in&iacute;cio, adotar a linha da honestidade e da transpar&ecirc;ncia. Agora, vamos atuar com lucidez e coragem, com firmeza e determina&ccedil;&atilde;o&rdquo;, disse Conte. &ldquo;N&oacute;s temos de conter a propaga&ccedil;&atilde;o do v&iacute;rus e evitar que nossos hospitais fiquem abarrotados&rdquo;, seguiu.<\/div>\n<div>\n\t\t&nbsp;<\/div>\n<div>\n\t\tApesar da medida, ainda n&atilde;o est&aacute; claro como o governo planeja aplicar este isolamento. Al&eacute;m disso, o governo permitiu que cidad&atilde;os que estavam fora de casa no momento do decreto, retornem aos locais bloqueados.<\/div>\n<div>\n\t\t&nbsp;<\/div>\n<div>\n\t\tA It&aacute;lia j&aacute; conta com quase 6 mil infectados, com 1200 novos casos s&oacute; nas &uacute;ltimas 24 horas. 233 pessoas j&aacute; morreram no pa&iacute;s em decorr&ecirc;ncia da COVID-19 e outras 567 est&atilde;o em cuidados intensivos.<\/div>\n<div>\n\t\t&nbsp;<\/div>\n<div>\n\t\tAs regi&otilde;es do norte da Lombardia, Emilia-Romagna e Veneto re&uacute;nem 85% dos casos de coronav&iacute;rus e 92% das mortes registradas. A epidemia na It&aacute;lia &eacute; a pior na Europa e fora da &Aacute;sia.<\/div>\n<div>\n\t\t&nbsp;<\/div>\n<div>\n\t\tAs medidas do governo italiano atingem em cheio a MotoGP. A regi&atilde;o de Tavullia e Urbino, onde vivem Valentino Rossi, Franco Morbidelli e Francesco Bagnaia, por exemplo, est&aacute; dentro da &aacute;rea afetada pelo bloqueio. Os tr&ecirc;s, ali&aacute;s, est&atilde;o mesmo por l&aacute;, j&aacute; que postaram fotos e v&iacute;deos treinando do Rancho Motor, a pista do #46.<\/div>\n<div>\n\t\t&nbsp;<\/div>\n<div>\n\t\tDe acordo com a imprensa local, o decreto veta casamentos, funerais e eventos culturais e esportivos.&nbsp;<\/div>\n<div>\n\t\t&nbsp;<\/div>\n<div>\n\t\tO decreto estabelece puni&ccedil;&otilde;es como multas e at&eacute; pris&atilde;o por tr&ecirc;s meses para quem violar essa proibi&ccedil;&atilde;o.&nbsp;<\/div>\n<div>\n\t\t&nbsp;<\/div>\n<\/div>\n<div class=\"embed-responsive embed-responsive-16by9\">\n\t<\/div>\n<p><\/p>\n<table bgcolor=\"#E6E6E6\" border=\"0\" cellpadding=\"1\" cellspacing=\"1\" style=\"width: 100%\">\n<tbody>\n<tr>\n<td>\n<div>\n\t\t\t\t\t<b><span style=\"color:#FF0040\">Apoie o <strong> GRANDE PR&Ecirc;MIO<\/strong><\/span><\/b><span style=\"color:#FF0040\">: garanta o futuro do nosso jornalismo <\/span><br \/>\n\t\t\t\t\t<br \/>\n\t\t\t\t\tO<strong> GRANDE PR&Ecirc;MIO <\/strong>&eacute; a maior m&iacute;dia digital de esporte a motor do Brasil, na Am&eacute;rica Latina e em L&iacute;ngua Portuguesa, editorialmente independente. Nossa grande equipe produz conte&uacute;do di&aacute;rio e pensa em inova&ccedil;&otilde;es constantemente, e n&atilde;o s&oacute; na internet: uma das nossas atua&ccedil;&otilde;es est&aacute; na realiza&ccedil;&atilde;o de eventos, como a Copa GP de Kart. Assim, seu apoio &eacute; sempre importante.<br \/>\n\t\t\t\t\t<br \/>\n\t\t\t\t\t<a href=\"https:\/\/grandepremium.grandepremio.com\/br\/assine\" target=\"_blank\" rel=\"noopener noreferrer\">Assine o GRANDE PREMIUM<\/a>: veja os planos e o que oferecem, tenha &agrave; disposi&ccedil;&atilde;o uma s&eacute;rie de benef&iacute;cios e exper&ecirc;ncias exclusivas, e fa&ccedil;a parte de um grupo especial, a Scuderia GP, com debate em alto n&iacute;vel.<\/div>\n<\/td>\n<\/tr>\n<\/tbody>\n<\/table>\n<p><\/p>\n","protected":false},"excerpt":{"rendered":"<p>A It&aacute;lia determinou no domingo um isolamento da Lombardia e de outras 14 prov&iacute;ncias. Regi&atilde;o afetada inclui Pesaro e Urbino, onde reside, por exemplo, Valentino Rossi<\/p>\n","protected":false},"author":0,"featured_media":0,"comment_status":"closed","ping_status":"closed","sticky":false,"template":"","format":"standard","meta":{"42wp_featured_image_caption":"","42wp_featured_image_credits":"","42wp_featured_video":"","42wp_featured_image_hidden":false,"42wp_authors_list":[],"footnotes":""},"categories":[8],"tags":[558,898,79,78,173,554,555,1977,553,560,559,80],"42wp_author":[47109],"class_list":["post-132398","post","type-post","status-publish","format-standard","hentry","category-motogp","tag-horrio-motogp","tag-itlia","tag-moto-gp","tag-motogp","tag-motogp-2020","tag-motogp-ao-vivo","tag-motogp-notcias","tag-motogp-sportv","tag-mundial-motogp-2020","tag-tabela-motogp","tag-treino-motogp","tag-valentino-rossi","42wp_author-redacao-gp"],"_links":{"self":[{"href":"https:\/\/grandepremio.com\/br\/wp-json\/wp\/v2\/posts\/132398","targetHints":{"allow":["GET"]}}],"collection":[{"href":"https:\/\/grandepremio.com\/br\/wp-json\/wp\/v2\/posts"}],"about":[{"href":"https:\/\/grandepremio.com\/br\/wp-json\/wp\/v2\/types\/post"}],"replies":[{"embeddable":true,"href":"https:\/\/grandepremio.com\/br\/wp-json\/wp\/v2\/comments?post=132398"}],"version-history":[{"count":0,"href":"https:\/\/grandepremio.com\/br\/wp-json\/wp\/v2\/posts\/132398\/revisions"}],"wp:attachment":[{"href":"https:\/\/grandepremio.com\/br\/wp-json\/wp\/v2\/media?parent=132398"}],"wp:term":[{"taxonomy":"category","embeddable":true,"href":"https:\/\/grandepremio.com\/br\/wp-json\/wp\/v2\/categories?post=132398"},{"taxonomy":"post_tag","embeddable":true,"href":"https:\/\/grandepremio.com\/br\/wp-json\/wp\/v2\/tags?post=132398"},{"taxonomy":"42wp_author","embeddable":true,"href":"https:\/\/grandepremio.com\/br\/wp-json\/wp\/v2\/42wp_author?post=132398"}],"curies":[{"name":"wp","href":"https:\/\/api.w.org\/{rel}","templated":true}]}}