{"id":132416,"date":"2020-03-07T13:14:00","date_gmt":"2020-03-07T16:14:00","guid":{"rendered":"https:\/\/grandepremio.com\/br\/noticias\/fa-de-verstappen-mario-andretti-espera-titulo-mundial-a-questao-e-quando-nao-se\/"},"modified":"2020-05-22T11:52:18","modified_gmt":"2020-05-22T14:52:18","slug":"fa-de-verstappen-mario-andretti-espera-titulo-mundial-a-questao-e-quando-nao-se","status":"publish","type":"post","link":"https:\/\/grandepremio.com\/br\/f1\/fa-de-verstappen-mario-andretti-espera-titulo-mundial-a-questao-e-quando-nao-se\/","title":{"rendered":"F\u00e3 de Verstappen, Mario Andretti espera t\u00edtulo mundial: &#8220;A quest\u00e3o \u00e9 quando, n\u00e3o se&#8221;"},"content":{"rendered":"\n<div>\n\tCampe&atilde;o mundial de <strong><a href=\"https:\/\/www.grandepremio.com\/br\/f1\"><span style=\"color:#ff0000\">F&oacute;rmula 1<\/span><\/a><\/strong> de 1978, <strong><a href=\"https:\/\/www.grandepremio.com\/br\/busca?s=Mario%20Andretti\"><span style=\"color:#ff0000\">Mario Andretti<\/span><\/a><\/strong> segue muito atento ao que acontece nas pistas pelo mundo. No que diz respeito &agrave; F1, um piloto espec&iacute;fico puxa a torcida do patriarca de uma das fam&iacute;lias mais importantes da velocidade. &Eacute; <strong><a href=\"https:\/\/www.grandepremio.com\/br\/busca?s=Max%20Verstappen\"><span style=\"color:#ff0000\">Max Verstappen<\/span><\/a><\/strong>, que Andretti tem certeza que ser&aacute; campe&atilde;o mundial.<\/div>\n<div>\n\t&nbsp;<\/div>\n<div>\n\tSegundo Andretti, hoje com 80 anos de idade, Verstappen &eacute; um racer no sentido mais puro da designa&ccedil;&atilde;o. Um piloto com talentos especiais e que ser&aacute; campe&atilde;o da F1.<\/div>\n<div>\n\t&nbsp;<\/div>\n<div>\n\t&quot;Fui um f&atilde; de como Max aborda as corridas desde o come&ccedil;o. J&aacute; mostrou qualidade excepcional. Talentos como ele s&atilde;o muito raros, ele &eacute; um campe&atilde;o em potencial, n&atilde;o h&aacute; d&uacute;vida. N&atilde;o &eacute; uma quest&atilde;o de se, mas de quando ele ser&aacute; campe&atilde;o. Se o carro da Red Bull for bom o bastante, ele vai cuidar do resto&quot;, afirmou ao site norte-americano &#039;Motorsport.com&#039;.<\/div>\n<div>\n<div class=\"imagem-noticia\">\n\t\t<img decoding=\"async\" src=\"https:\/\/www.grandepremio.com\/br\/wp-content\/uploads\/2020\/03\/20202271415968_redbull-max-01_II.jpg\" title=\"Max Verstappen (Foto: Getty Images\/Red Bull Content Pool)\" \/><\/div>\n<div class=\"legenda-imagem\">\n\t\t#iconeimagem Max Verstappen (Foto: Getty Images\/Red Bull Content Pool)<\/div>\n<\/div>\n<div>\n\t&quot;&Eacute; divertido assisti-lo. Normalmente voc&ecirc; v&ecirc; na chuva se algu&eacute;m tem talentos especiais. Em corridas na chuva, o talento de um piloto &eacute; visto melhor que nunca. E ele tem sucesso nesses momentos. Como eu disse, amo essa abordagem. &Eacute; s&oacute; uma quest&atilde;o de correr&quot;, seguiu.&nbsp;<\/div>\n<div>\n\t&nbsp;<\/div>\n<div>\n\tO que falta, ent&atilde;o? Uma oportunidade. Ter um carro vencedor, por exemplo, algo que acredita estar no horizonte da Red Bull.&nbsp;<\/div>\n<div>\n\t&nbsp;<\/div>\n<div>\n\t&quot;Olhando para a qualidade que eles t&ecirc;m na Red Bull e a mentalidade vencedora, foram campe&otilde;es no passado e est&atilde;o determinados a voltarem a ser camp&otilde;es, v&atilde;o lutar com Mercedes e Ferrari&quot;, reiterou.&nbsp;<\/div>\n<div>\n\t&nbsp;<\/div>\n<div>\n\tA temporada da F1 come&ccedil;a no pr&oacute;ximo fim de semana, na Austr&aacute;lia.<\/div>\n<div>\n\t&nbsp;<\/div>\n<div class=\"embed-responsive embed-responsive-16by9\">\n\t<br \/>\n\t&nbsp;<\/div>\n<div>\n<div>\n<table bgcolor=\"#add8e6<\/p>\n<p>&#8221; border=&#8221;1&#8243; cellpadding=&#8221;1&#8243; cellspacing=&#8221;1&#8243; style=&#8221;width: 100%&#8221;><\/p>\n<tbody>\n<tr>\n<td>\n\t\t\t\t\t\t<span style=\"color:#000000\"><span style=\"font-size:18px\"><strong>Paddockast #51<br \/>\n\t\t\t\t\t\tQUEM VENCEU DRIVE TO SURVIVE 2<\/strong><\/span><\/span><br \/>\n\t\t\t\t\t\t<br \/>\n\t\t\t\t\t\tOu&ccedil;a: <a href=\"http:\/\/open.spotify.com\/show\/5OBbp8MzxQymoyneX4IviF?si=gYqPr53GSaa-AcxFpOzJHg\">Spotify<\/a> | <a href=\"http:\/\/podcasts.apple.com\/br\/podcast\/paddockast\/id1371540198\">iTunes<\/a> | <a href=\"http:\/\/www.subscribeonandroid.com\/www.central3.com.br\/category\/podcasts\/paddockast\/feed\/podcast\/\">Android<\/a> | <a href=\"http:\/\/player.fm\/series\/paddockast\">playerFM<\/a><\/td>\n<\/tr>\n<\/tbody>\n<\/table>\n<p><\/p>\n<table bgcolor=\"#E6E6E6\" border=\"0\" cellpadding=\"1\" cellspacing=\"1\" style=\"width: 100%\">\n<tbody>\n<tr>\n<td>\n<div>\n\t\t\t\t\t\t\t<b><span style=\"color:#FF0040\">Apoie o <strong> GRANDE PR&Ecirc;MIO<\/strong><\/span><\/b><span style=\"color:#FF0040\">: garanta o futuro do nosso jornalismo <\/span><br \/>\n\t\t\t\t\t\t\t<br \/>\n\t\t\t\t\t\t\tO<strong> GRANDE PR&Ecirc;MIO <\/strong>&eacute; a maior m&iacute;dia digital de esporte a motor do Brasil, na Am&eacute;rica Latina e em L&iacute;ngua Portuguesa, editorialmente independente. Nossa grande equipe produz conte&uacute;do di&aacute;rio e pensa em inova&ccedil;&otilde;es constantemente, e n&atilde;o s&oacute; na internet: uma das nossas atua&ccedil;&otilde;es est&aacute; na realiza&ccedil;&atilde;o de eventos, como a Copa GP de Kart. Assim, seu apoio &eacute; sempre importante.<br \/>\n\t\t\t\t\t\t\t<br \/>\n\t\t\t\t\t\t\t<a href=\"https:\/\/grandepremium.grandepremio.com\/br\/assine\" target=\"_blank\" rel=\"noopener noreferrer\">Assine o GRANDE PREMIUM<\/a>: veja os planos e o que oferecem, tenha &agrave; disposi&ccedil;&atilde;o uma s&eacute;rie de benef&iacute;cios e experi&ecirc;ncias exclusivas, e fa&ccedil;a parte de um grupo especial, a Scuderia GP, com debate em alto n&iacute;vel.<\/div>\n<\/td>\n<\/tr>\n<\/tbody>\n<\/table><\/div>\n<\/div>\n<p><\/p>\n","protected":false},"excerpt":{"rendered":"<p>O ex-piloto campe&atilde;o mundial de F&oacute;rmula 1 em 1978 se declarou um grande f&atilde; de Max Verstappen, em que enxerga talento especial e v&ecirc; certeza num futuro t&iacute;tulo<\/p>\n","protected":false},"author":0,"featured_media":1000351860,"comment_status":"closed","ping_status":"closed","sticky":false,"template":"","format":"standard","meta":{"42wp_featured_image_caption":"","42wp_featured_image_credits":"","42wp_featured_video":"","42wp_featured_image_hidden":false,"42wp_authors_list":[],"footnotes":""},"categories":[2],"tags":[118,157,159,158,531,203,204],"42wp_author":[47109],"class_list":["post-132416","post","type-post","status-publish","format-standard","has-post-thumbnail","hentry","category-f1","tag-f1-2020","tag-formula-1-2020","tag-horarios-da-f1","tag-horarios-da-formula-1","tag-mario-andretti","tag-max-verstappen","tag-red-bull","42wp_author-redacao-gp"],"_links":{"self":[{"href":"https:\/\/grandepremio.com\/br\/wp-json\/wp\/v2\/posts\/132416","targetHints":{"allow":["GET"]}}],"collection":[{"href":"https:\/\/grandepremio.com\/br\/wp-json\/wp\/v2\/posts"}],"about":[{"href":"https:\/\/grandepremio.com\/br\/wp-json\/wp\/v2\/types\/post"}],"replies":[{"embeddable":true,"href":"https:\/\/grandepremio.com\/br\/wp-json\/wp\/v2\/comments?post=132416"}],"version-history":[{"count":0,"href":"https:\/\/grandepremio.com\/br\/wp-json\/wp\/v2\/posts\/132416\/revisions"}],"wp:featuredmedia":[{"embeddable":true,"href":"https:\/\/grandepremio.com\/br\/wp-json\/wp\/v2\/media\/1000351860"}],"wp:attachment":[{"href":"https:\/\/grandepremio.com\/br\/wp-json\/wp\/v2\/media?parent=132416"}],"wp:term":[{"taxonomy":"category","embeddable":true,"href":"https:\/\/grandepremio.com\/br\/wp-json\/wp\/v2\/categories?post=132416"},{"taxonomy":"post_tag","embeddable":true,"href":"https:\/\/grandepremio.com\/br\/wp-json\/wp\/v2\/tags?post=132416"},{"taxonomy":"42wp_author","embeddable":true,"href":"https:\/\/grandepremio.com\/br\/wp-json\/wp\/v2\/42wp_author?post=132416"}],"curies":[{"name":"wp","href":"https:\/\/api.w.org\/{rel}","templated":true}]}}