{"id":132565,"date":"2020-03-05T05:30:00","date_gmt":"2020-03-05T08:30:00","guid":{"rendered":"https:\/\/grandepremio.com\/br\/noticias\/na-corrida-mais-dificil-na-fe-vergne-celebra-podio-horas-apos-teste-do-coronavirus\/"},"modified":"2020-05-22T11:26:26","modified_gmt":"2020-05-22T14:26:26","slug":"na-corrida-mais-dificil-na-fe-vergne-celebra-podio-horas-apos-teste-do-coronavirus","status":"publish","type":"post","link":"https:\/\/grandepremio.com\/br\/formula-e\/na-corrida-mais-dificil-na-fe-vergne-celebra-podio-horas-apos-teste-do-coronavirus\/","title":{"rendered":"Na &#8220;corrida mais dif\u00edcil na FE&#8221;, Vergne celebra p\u00f3dio horas ap\u00f3s teste do coronav\u00edrus"},"content":{"rendered":"\n<div>\n\t<strong><a href=\"https:\/\/www.grandepremio.com\/br\/busca?s=Jean-%C3%89ric%20Vergne\"><span style=\"color:#40e0d0\">Jean-&Eacute;ric Vergne<\/span><\/a><\/strong> viveu um fim de semana que passou longe de ser dos mais simples em <strong><a href=\"https:\/\/grandepremio.com\/br\/formula-e\/noticias\/trio-de-equipes-se-destaca-mas-so-jaguar-tem-1-definido-e-agora-vem-roma-\"><span style=\"color:#40e0d0\">Marrakech<\/span><\/a><\/strong>. O atual bicampe&atilde;o da <strong><a href=\"https:\/\/www.grandepremio.com\/br\/formula-e\"><span style=\"color:#40e0d0\">F&oacute;rmula E<\/span><\/a><\/strong> chegou doente, perdeu o primeiro treino livre, realizado na tarde da sexta-feira e foi enviado ao hospital na cidade marroquina. L&aacute;, chegou a ser <strong><a href=\"https:\/\/www.grandepremio.com\/br\/formula-e\/noticias\/vergne-passa-por-teste-de-coronavirus-apos-mal-estar-mas-resultado-e-negativo\"><span style=\"color:#40e0d0\">testado para o novo coronav&iacute;rus<\/span><\/a><\/strong>, mas o exame deu negativo. Com tudo isso, o franc&ecirc;s foi para a prova e <strong><a href=\"https:\/\/grandepremio.com\/br\/formula-e\/noticias\/da-costa-some-na-frente-de-gunther-e-vence-ep-de-marrakech-evans-sai-de-ultimo-para-6\"><span style=\"color:#40e0d0\">conseguiu subir ao p&oacute;dio<\/span><\/a><\/strong>.<\/div>\n<div>\n\t&nbsp;<\/div>\n<div>\n\tVergne sentia forte dores de cabe&ccedil;a e estava com febre na sexta-feira, quando a DS Techeetah achou melhor que fosse ao hospital realizar os testes cab&iacute;veis. Sem resultados preocupantes, mas ainda com mal-estar, foi liberado para as atividades do s&aacute;bado.&nbsp;<\/div>\n<div>\n\t&nbsp;<\/div>\n<div>\n\tJ&aacute; no treino classificat&oacute;rio, mostrou estava ao menos em condi&ccedil;&otilde;es: anotou o 11&ordm; tempo. J&aacute; na corrida, subiu no pelot&atilde;o com impon&ecirc;ncia at&eacute; colar no segundo colocado, <strong><a href=\"https:\/\/www.grandepremio.com\/br\/busca?s=Maximilian%20G%C3%BCnther\"><span style=\"color:#40e0d0\">Maximilian G&uuml;nther<\/span><\/a><\/strong>, da BMW. Vergne realizou a ultrapassagem, mas a quantidade alta de energia que havia gasto para se recuperar custou caro, e G&uuml;nther deu o troco na volta final.<\/div>\n<div>\n<div class=\"imagem-noticia\">\n\t\t<img decoding=\"async\" src=\"https:\/\/www.grandepremio.com\/br\/wp-content\/uploads\/2020\/03\/2020229135885_17-_ALS0314_II.jpg\" title=\"Ant\u00f3nio F\u00e9lix da Costa e Jean-\u00c9ric Vergne (Foto: FIA F\u00f3rmula E)\" \/><\/div>\n<div class=\"legenda-imagem\">\n\t\t#iconeimagem Ant&oacute;nio F&eacute;lix da Costa e Jean-&Eacute;ric Vergne (Foto: FIA F&oacute;rmula E)<\/div>\n<\/div>\n<div>\n\t&quot;Foi a corrida mais dif&iacute;cil da minha carreira na FE. Apesar de n&atilde;o ter treinado ontem, assisti tudo do hospital. N&atilde;o estava me sentindo bem [no s&aacute;bado], mas a equipe foi excelente&quot;, disse.&nbsp;<\/div>\n<div>\n\t&nbsp;<\/div>\n<div>\n\t&quot;Durante a corrida, dei tudo que eu tinha e, quando o engenheiro disse que eu estava em quarto, n&atilde;o pude acreditar. Tive uma boa briga com Max [G&uuml;nther] perto do fim, mas sabia que ele ia passar. Tentei defender como dava, mas n&atilde;o tinha muita energia. Estou feliz de voltar ao p&oacute;dio&quot;, falou.&nbsp;<\/div>\n<div>\n\t&nbsp;<\/div>\n<div>\n\tFoi o primeiro p&oacute;dio de Vergne na temporada. Agora com 31 pontos, o franc&ecirc;s ocupa a oitava coloca&ccedil;&atilde;o do <strong><a href=\"https:\/\/grandepremio.com\/br\/formula-e\/classificacao-do-campeonato-20\"><span style=\"color:#40e0d0\">campeonato de Pilotos<\/span><\/a><\/strong> e est&aacute; 36 atr&aacute;s do l&iacute;der e companheiro de equipe <strong><a href=\"https:\/\/www.grandepremio.com\/br\/busca?s=Ant%C3%B3nio%20F%C3%A9lix%20da%20Costa\"><span style=\"color:#40e0d0\">Ant&oacute;nio F&eacute;lix da Costa<\/span><\/a><\/strong>.&nbsp;<br \/>\n\t&nbsp;<\/div>\n<div class=\"embed-responsive embed-responsive-16by9\">\n\t<\/div>\n<p><\/p>\n<table bgcolor=\"#add8e6<br \/>\n&#8221; border=&#8221;1&#8243; cellpadding=&#8221;1&#8243; cellspacing=&#8221;1&#8243; style=&#8221;width: 100%&#8221;><br \/>\n<tbody>\n<tr>\n<td>\n\t\t\t\t<span style=\"color:#000000\"><span style=\"font-size:18px\"><strong>Paddockast #50<br \/>\n\t\t\t\tGRANDES PROMESSAS QUE N&Atilde;O VINGARAM<\/strong><\/span><\/span><br \/>\n\t\t\t\t<br \/>\n\t\t\t\tOu&ccedil;a: <a href=\"http:\/\/open.spotify.com\/show\/5OBbp8MzxQymoyneX4IviF?si=gYqPr53GSaa-AcxFpOzJHg\">Spotify<\/a> | <a href=\"http:\/\/podcasts.apple.com\/br\/podcast\/paddockast\/id1371540198\">iTunes<\/a> | <a href=\"http:\/\/www.subscribeonandroid.com\/www.central3.com.br\/category\/podcasts\/paddockast\/feed\/podcast\/\">Android<\/a> | <a href=\"http:\/\/player.fm\/series\/paddockast\">playerFM<\/a><\/td>\n<\/tr>\n<\/tbody>\n<\/table>\n<div>\n<div>\n\t\t<\/p>\n<table bgcolor=\"#E6E6E6\" border=\"0\" cellpadding=\"1\" cellspacing=\"1\" style=\"width: 100%\">\n<tbody>\n<tr>\n<td>\n<div>\n\t\t\t\t\t\t\t<b><span style=\"color:#FF0040\">Apoie o <strong> GRANDE PR&Ecirc;MIO<\/strong><\/span><\/b><span style=\"color:#FF0040\">: garanta o futuro do nosso jornalismo <\/span><br \/>\n\t\t\t\t\t\t\t<br \/>\n\t\t\t\t\t\t\tO<strong> GRANDE PR&Ecirc;MIO <\/strong>&eacute; a maior m&iacute;dia digital de esporte a motor do Brasil, na Am&eacute;rica Latina e em L&iacute;ngua Portuguesa, editorialmente independente. Nossa grande equipe produz conte&uacute;do di&aacute;rio e pensa em inova&ccedil;&otilde;es constantemente, e n&atilde;o s&oacute; na internet: uma das nossas atua&ccedil;&otilde;es est&aacute; na realiza&ccedil;&atilde;o de eventos, como a Copa GP de Kart. Assim, seu apoio &eacute; sempre importante.<br \/>\n\t\t\t\t\t\t\t<br \/>\n\t\t\t\t\t\t\t<a href=\"https:\/\/grandepremium.grandepremio.com\/br\/assine\" target=\"_blank\" rel=\"noopener noreferrer\">Assine o GRANDE PREMIUM<\/a>: veja os planos e o que oferecem, tenha &agrave; disposi&ccedil;&atilde;o uma s&eacute;rie de benef&iacute;cios e experi&ecirc;ncias exclusivas, e fa&ccedil;a parte de um grupo especial, a Scuderia GP, com debate em alto n&iacute;vel.<\/div>\n<\/td>\n<\/tr>\n<\/tbody>\n<\/table><\/div>\n<\/div>\n<p><\/p>\n","protected":false},"excerpt":{"rendered":"<p>O campe&atilde;o vigente da F&oacute;rmula E teve de lidar com horas de hospital, diversos exames e mal-estar antes de poder duelar com Maximilian G&uuml;nther para a segunda coloca&ccedil;&atilde;o em Marrakech<\/p>\n","protected":false},"author":0,"featured_media":0,"comment_status":"closed","ping_status":"closed","sticky":false,"template":"","format":"standard","meta":{"42wp_featured_image_caption":"","42wp_featured_image_credits":"","42wp_featured_video":"","42wp_featured_image_hidden":false,"42wp_authors_list":[],"footnotes":""},"categories":[19],"tags":[707,852,6767,195,194,196,637,5150],"42wp_author":[47109],"class_list":["post-132565","post","type-post","status-publish","format-standard","hentry","category-formula-e","tag-bmw","tag-ds-techeetah","tag-ep-de-marrakech","tag-fe-2020","tag-formula-e-2020","tag-horarios-da-fe","tag-jean-ric-vergne","tag-marrocos","42wp_author-redacao-gp"],"_links":{"self":[{"href":"https:\/\/grandepremio.com\/br\/wp-json\/wp\/v2\/posts\/132565","targetHints":{"allow":["GET"]}}],"collection":[{"href":"https:\/\/grandepremio.com\/br\/wp-json\/wp\/v2\/posts"}],"about":[{"href":"https:\/\/grandepremio.com\/br\/wp-json\/wp\/v2\/types\/post"}],"replies":[{"embeddable":true,"href":"https:\/\/grandepremio.com\/br\/wp-json\/wp\/v2\/comments?post=132565"}],"version-history":[{"count":0,"href":"https:\/\/grandepremio.com\/br\/wp-json\/wp\/v2\/posts\/132565\/revisions"}],"wp:attachment":[{"href":"https:\/\/grandepremio.com\/br\/wp-json\/wp\/v2\/media?parent=132565"}],"wp:term":[{"taxonomy":"category","embeddable":true,"href":"https:\/\/grandepremio.com\/br\/wp-json\/wp\/v2\/categories?post=132565"},{"taxonomy":"post_tag","embeddable":true,"href":"https:\/\/grandepremio.com\/br\/wp-json\/wp\/v2\/tags?post=132565"},{"taxonomy":"42wp_author","embeddable":true,"href":"https:\/\/grandepremio.com\/br\/wp-json\/wp\/v2\/42wp_author?post=132565"}],"curies":[{"name":"wp","href":"https:\/\/api.w.org\/{rel}","templated":true}]}}