{"id":132655,"date":"2019-08-03T05:16:00","date_gmt":"2019-08-03T08:16:00","guid":{"rendered":"https:\/\/grandepremio.com\/br\/noticias\/sabado-de-classificacao-na-hungria-amanhece-com-chances-baixas-de-chuva\/"},"modified":"2020-05-16T22:09:11","modified_gmt":"2020-05-17T01:09:11","slug":"sabado-de-classificacao-na-hungria-amanhece-com-chances-baixas-de-chuva","status":"publish","type":"post","link":"https:\/\/grandepremio.com\/br\/f1\/sabado-de-classificacao-na-hungria-amanhece-com-chances-baixas-de-chuva\/","title":{"rendered":"S\u00e1bado de classifica\u00e7\u00e3o na Hungria amanhece com chances baixas de chuva"},"content":{"rendered":"\n<div>\n\t&Eacute; poss&iacute;vel que o treino classificat&oacute;rio da F&oacute;rmula 1 seja afetado pela chuva, mas definitivamente n&atilde;o &eacute; prov&aacute;vel. De acordo com o &lsquo;Weather Channel&rsquo;, a probabilidade de intemp&eacute;rie neste s&aacute;bado (3) no Hungaroring &eacute; menor em rela&ccedil;&atilde;o &agrave; vista na sexta-feira de treinos livres.<\/div>\n<div>\n\t&nbsp;<\/div>\n<div>\n\tSe na sexta-feira a probabilidade de chuva chegava a 35% na parte final do segundo treino livre, agora a maior parte do dia registra risco variando entre 5% e 10%, salvo uma breve alta no per&iacute;odo do almo&ccedil;o. Em contrapartida, esse risco fica restrito ao per&iacute;odo da tarde na Hungria, no hor&aacute;rio da classifica&ccedil;&atilde;o. Em outras palavras, &eacute; quase certo que o terceiro treino livre, durante a manh&atilde;, ser&aacute; o primeiro 100% seco da F1 no Hungaroring.<\/div>\n<div>\n<div class=\"imagem-noticia\">\n\t\t<img decoding=\"async\" src=\"https:\/\/www.grandepremio.com\/br\/wp-content\/uploads\/2019\/08\/2019821440763_Ferrari_CharlesLeclerc_92_II.jpg\" title=\"Charles Leclerc (Foto: Ferrari)\" \/><\/div>\n<div class=\"legenda-imagem\">\n\t\t#iconeimagem Cenas como as de sexta-feira dificilmente v&atilde;o se repetir no s&aacute;bado (Foto: Ferrari)<\/div>\n<div style=\"float: left;margin-right: 15px;margin-bottom:15px\">\n\t\t<\/div>\n<p>\tAs temperaturas, por sua vez, seguem no mesmo patamar. O dia majoritariamente nublado, contrariando a tradi&ccedil;&atilde;o h&uacute;ngara com a F1, implica em temperatura m&aacute;xima chegando apenas aos 24&ordm;C. Caso a pista permane&ccedil;a seca, isso &eacute; um al&iacute;vio para equipes e pilotos, que costumam sofrer com alto desgaste de pneus no Hungaroring.<\/p><\/div>\n<div>\n\t&nbsp;<\/div>\n<div>\n\tO s&aacute;bado na Hungria come&ccedil;a ainda com tom de incerteza em temos de divis&atilde;o de for&ccedil;as da F1. A Mercedes aparenta estar em vantagem, mas existe uma sensa&ccedil;&atilde;o de proximidade tanto de Red Bull quanto de Ferrari at&eacute; aqui.<\/div>\n<p>\n<span style=\"color:#ffffff\"><span style=\"font-size:20px\"><strong><span style=\"background-color:#0000ff\">ASSISTA AO PRANCHETA GP<\/span><\/strong><\/span><\/span><\/p>\n<div class=\"embed-responsive embed-responsive-16by9\">\n\t<\/div>\n<p><span style=\"text-align: justify\">A F&oacute;rmula 1 retorna neste fim de semana, em Hungaroring, para o GP da Hungria, o 12&ordm; da temporada e &uacute;ltimo da primeira parte do campeonato. O&nbsp;<\/span><strong style=\"text-align: justify\">GRANDE PR&Ecirc;MIO<\/strong><span style=\"text-align: justify\">&nbsp;acompanha tudo&nbsp;<\/span><strong style=\"text-align: justify\"><a href=\"https:\/\/grandepremio.com\/br\/f1\/ao-vivo\"><span>AO VIVO E EM TEMPO REAL<\/span><\/a><\/strong><span style=\"text-align: justify\">.&nbsp;<\/span><br \/><\/p>\n<table bgcolor=\"#B22222\" border=\"1\" cellpadding=\"1\" cellspacing=\"1\" style=\"width: 100%\">\n<tbody>\n<tr>\n<td>\n\t\t\t\t<span style=\"font-size:18px\"><strong><span style=\"color: #000000\">Paddockast #27<br \/>\n\t\t\t\tSchumacher e Vettel: UNIDOS POR UM RECORDE<\/span><\/strong><\/span><br \/>\n\t\t\t\t<br \/>\n\t\t\t\tOu&ccedil;a: <a href=\"http:\/\/open.spotify.com\/show\/5OBbp8MzxQymoyneX4IviF?si=gYqPr53GSaa-AcxFpOzJHg\">Spotify<\/a> | <a href=\"http:\/\/podcasts.apple.com\/br\/podcast\/paddockast\/id1371540198\">iTunes<\/a> | <a href=\"http:\/\/www.subscribeonandroid.com\/www.central3.com.br\/category\/podcasts\/paddockast\/feed\/podcast\/\">Android<\/a> | <a href=\"http:\/\/player.fm\/series\/paddockast\">playerFM<\/a><\/td>\n<\/tr>\n<\/tbody>\n<\/table>\n<p><\/p>\n<div>\n<\/div>\n<p><\/p>\n","protected":false},"excerpt":{"rendered":"<p>As chances de chuva na Hungria, apesar de existirem, n&atilde;o s&atilde;o particularmente altas. No come&ccedil;o da classifica&ccedil;&atilde;o no Hungaroring, o risco vai ser de apenas 15%. &Eacute; um panorama diferente da sexta-feira, com &aacute;gua pesada no TL2<\/p>\n","protected":false},"author":0,"featured_media":0,"comment_status":"closed","ping_status":"closed","sticky":false,"template":"","format":"standard","meta":{"42wp_featured_image_caption":"","42wp_featured_image_credits":"","42wp_featured_video":"","42wp_featured_image_hidden":false,"42wp_authors_list":[],"footnotes":""},"categories":[2],"tags":[1134,85,84,4122,3967,2323],"42wp_author":[47109],"class_list":["post-132655","post","type-post","status-publish","format-standard","hentry","category-f1","tag-chuva","tag-frmula-1","tag-f1-2019","tag-hungaroring","tag-hungria","tag-previso-do-tempo","42wp_author-redacao-gp"],"_links":{"self":[{"href":"https:\/\/grandepremio.com\/br\/wp-json\/wp\/v2\/posts\/132655","targetHints":{"allow":["GET"]}}],"collection":[{"href":"https:\/\/grandepremio.com\/br\/wp-json\/wp\/v2\/posts"}],"about":[{"href":"https:\/\/grandepremio.com\/br\/wp-json\/wp\/v2\/types\/post"}],"replies":[{"embeddable":true,"href":"https:\/\/grandepremio.com\/br\/wp-json\/wp\/v2\/comments?post=132655"}],"version-history":[{"count":0,"href":"https:\/\/grandepremio.com\/br\/wp-json\/wp\/v2\/posts\/132655\/revisions"}],"wp:attachment":[{"href":"https:\/\/grandepremio.com\/br\/wp-json\/wp\/v2\/media?parent=132655"}],"wp:term":[{"taxonomy":"category","embeddable":true,"href":"https:\/\/grandepremio.com\/br\/wp-json\/wp\/v2\/categories?post=132655"},{"taxonomy":"post_tag","embeddable":true,"href":"https:\/\/grandepremio.com\/br\/wp-json\/wp\/v2\/tags?post=132655"},{"taxonomy":"42wp_author","embeddable":true,"href":"https:\/\/grandepremio.com\/br\/wp-json\/wp\/v2\/42wp_author?post=132655"}],"curies":[{"name":"wp","href":"https:\/\/api.w.org\/{rel}","templated":true}]}}