{"id":132706,"date":"2019-08-02T13:00:00","date_gmt":"2019-08-02T16:00:00","guid":{"rendered":"https:\/\/grandepremio.com\/br\/noticias\/prancheta-gp-resfriamento-e-aerodinamica-a-pequena-revolucao-na-mercedes\/"},"modified":"2020-05-16T22:27:18","modified_gmt":"2020-05-17T01:27:18","slug":"prancheta-gp-resfriamento-e-aerodinamica-a-pequena-revolucao-na-mercedes","status":"publish","type":"post","link":"https:\/\/grandepremio.com\/br\/f1\/prancheta-gp-resfriamento-e-aerodinamica-a-pequena-revolucao-na-mercedes\/","title":{"rendered":"Prancheta GP: Resfriamento e aerodin\u00e2mica: a pequena revolu\u00e7\u00e3o na Mercedes"},"content":{"rendered":"\n<div>\n\tPara celebrar os <strong><a href=\"https:\/\/www.grandepremio.com\/br\/f1\/noticias\/por-aniversario-de-125-anos-mercedes-une-branco-ao-prata-no-gp-da-alemanha\"><span>125 anos de atividade no automobilismo e o 200&ordm; GP<\/span><\/a><\/strong> na <strong><a href=\"https:\/\/www.grandepremio.com\/br\/f1\"><span>F&oacute;rmula 1<\/span><\/a><\/strong> como construtora, a Mercedes n&atilde;o apenas exibiu uma pintura comemorativa em branco e prateado no W10 na Alemanha. A equipe de Brackley, de fato, levou &agrave; pista para a segunda corrida em casa, depois de Silverstone, um carro radicalmente evolu&iacute;do. Na verdade, &eacute; uma interven&ccedil;&atilde;o profunda e ampla a partir da asa dianteira at&eacute; a asa traseira. O pacote de desenvolvimento aerodin&acirc;mico seguiu duas dire&ccedil;&otilde;es principais: uma para aumentar a efici&ecirc;ncia, reduzindo o arrasto, com um melhor gerenciamento da turbul&ecirc;ncia gerada pela asa dianteira e os fluxos que percorrem a &aacute;rea lateral; o segundo, em vez disso, baseado no novo design do sistema de resfriamento.&nbsp;<\/div>\n<div>\n\t&nbsp;<\/div>\n<div>\n\tAs modifica&ccedil;&otilde;es nas placas laterais das asas dianteiras, estendidas para tr&aacute;s, s&atilde;o do primeiro tipo e aumentam o efeito &lsquo;wash out&rsquo; &ndash; desvio dos fluxos para fora das rodas. Mas as interven&ccedil;&otilde;es mais evidentes s&atilde;o sobre os bargeboards e nas aletas dos lados dos sidepods: telas verticais anteriores foram substitu&iacute;das por grades horizontais (tipo veneziana), claramente inspiradas por Haas e Toro Rosso.&nbsp;<\/div>\n<div>\n<div class=\"imagem-noticia\">\n\t\t<img decoding=\"async\" src=\"https:\/\/www.grandepremio.com\/br\/wp-content\/uploads\/2019\/08\/201981175796_w10-side-det-hock_II.jpg\" title=\"As aletas laterais foram modificadas (seta vermelha abaixo) e agora consistem em uma esp\u00e9cie de grade com fendas horizontais. Os retrovisores com elementos superiores separados testados na Espanha reapareceram (seta vermelha central). E ent\u00e3o h\u00e1 os geradores de v\u00f3rtices atr\u00e1s do tri\u00e2ngulo superior da frente (seta vermelha \u00e0 direita) (Ilustra\u00e7\u00e3o: Paolo Filisetti)\" \/><\/div>\n<div class=\"legenda-imagem\">\n\t\t#iconeimagem As aletas laterais foram modificadas (seta vermelha abaixo) e agora consistem em uma esp&eacute;cie de grade com fendas horizontais. Os retrovisores com elementos superiores separados testados na Espanha reapareceram (seta vermelha central). E ent&atilde;o h&aacute; os geradores de v&oacute;rtices atr&aacute;s do tri&acirc;ngulo superior da frente (seta vermelha &agrave; direita) (Ilustra&ccedil;&atilde;o: Paolo Filisetti)<\/div>\n<\/div>\n<div>\n<div style=\"float: left;margin-right: 15px;margin-bottom:15px\">\n\t\t<\/div>\n<p>\tAl&eacute;m disso, a parte perif&eacute;rica lateral do fundo apresenta agora tr&ecirc;s fendas sobrepostas. Tamb&eacute;m s&atilde;o interessantes os endplates da asa traseira, com um perfil escalonado, e as se&ccedil;&otilde;es laterais do difusor. Os maiores ind&iacute;cios relacionados &agrave;s mudan&ccedil;as no sistema de resfriamento est&atilde;o concentradas na lateral em dire&ccedil;&atilde;o ao eixo traseiro.<\/p><\/div>\n<div>\n\t&nbsp;<\/div>\n<div>\n\tEmbora oculto, a posi&ccedil;&atilde;o dos radiadores &eacute; diferente. Do lado de fora, a carroceria mostra um perfil menos fino por uma maior se&ccedil;&atilde;o interna que favorece a extra&ccedil;&atilde;o de calor ao reduzir as temperaturas de opera&ccedil;&atilde;o dos componentes localizados na parte superior e inferior da unidade de pot&ecirc;ncia.<br \/>\n\t&nbsp;<\/div>\n<div>\n\t&Eacute; interessante notar que o planejamento deste desenvolvimento remonta ao GP do Bahrein, quando pela primeira vez o W10, devido &agrave; alta temperatura ambiente, sofreu pela troca de calor insuficiente. A <strong><a href=\"https:\/\/www.grandepremio.com\/br\/f1\/noticias\/verstappen-da-show-diante-do-mar-laranja-passa-leclerc-e-vence-na-austria\"><span>situa&ccedil;&atilde;o repetiu-se recentemente no GP da &Aacute;ustria<\/span><\/a><\/strong>, mostrando, sem d&uacute;vida, a necessidade de uma interven&ccedil;&atilde;o, tendo em vista os GPs mais quentes do ver&atilde;o, na Alemanha e na Hungria.<\/div>\n<div>\n<div class=\"imagem-noticia\">\n\t\t<img decoding=\"async\" src=\"https:\/\/www.grandepremio.com\/br\/wp-content\/uploads\/2019\/08\/2019811757_W10-REAR-SIDE-DET-_II.jpg\" title=\"No zoom, destacam-se as br\u00e2nquias de ventila\u00e7\u00e3o adicionais (chamin\u00e9s). Observe a forma diferente da carroceria na frente das rodas dianteiras, com uma se\u00e7\u00e3o interna maior, enquanto as laterais da asa traseira apresentam uma borda de serra (Ilustra\u00e7\u00e3o: Paolo Filisetti)\" \/><\/div>\n<div class=\"legenda-imagem\">\n\t\t#iconeimagem No zoom, destacam-se as br&acirc;nquias de ventila&ccedil;&atilde;o adicionais (chamin&eacute;s). Observe a forma diferente da carroceria na frente das rodas dianteiras, com uma se&ccedil;&atilde;o interna maior, enquanto as laterais da asa traseira apresentam uma borda de serra (Ilustra&ccedil;&atilde;o: Paolo Filisetti)<\/div>\n<\/div>\n<div>\n\t&nbsp;Ainda n&atilde;o est&aacute; claro se o chassi foi modificado na &aacute;rea onde o tanque de combust&iacute;vel est&aacute; localizado. Os chassis trazidos em Hockenheim foram definidos como padr&atilde;o pela equipe, mas deixando em aberto a hip&oacute;tese de uma poss&iacute;vel estreia de uma nova vers&atilde;o. O que est&aacute; claro, em vez disso, &eacute; que foram feitos crash-tests para a aprova&ccedil;&atilde;o de uma nova vers&atilde;o de chassi foram realizados h&aacute; algumas semanas no Instituto Cranfield.<\/p>\n<div class=\"imagem-noticia\">\n\t\t<img decoding=\"async\" src=\"https:\/\/www.grandepremio.com\/br\/wp-content\/uploads\/2019\/08\/201981175906_w10-wing-hock_II.jpg\" title=\"A parte da frente do carro prata n\u00e3o foi esquecida. Os engenheiros introduziram um novo desenho da asa dianteira, al\u00e9m de novos endplates. As novas placas laterais estendem-se para aumentar o efeito chamando de outwash (Ilustra\u00e7\u00e3o: Paolo Filisetti)\" \/><\/div>\n<div class=\"legenda-imagem\">\n\t\t#iconeimagem A parte da frente do carro prata n&atilde;o foi esquecida. Os engenheiros introduziram um novo desenho da asa dianteira, al&eacute;m de novos endplates. As novas placas laterais estendem-se para aumentar o efeito chamando de outwash (Ilustra&ccedil;&atilde;o: Paolo Filisetti)<\/div>\n<\/div>\n<div style=\"float: left;margin-right: 15px;margin-bottom:15px\">\n\t<\/div>\n<p>Sem d&uacute;vida, a Mercedes trabalhou bem com essa evolu&ccedil;&atilde;o. Foi r&aacute;pida na classifica&ccedil;&atilde;o, mas a corrida em si foi uma hist&oacute;ria completamente diferente. <strong><a href=\"https:\/\/www.grandepremio.com\/br\/f1\/noticias\/verstappen-vence-corrida-insana-na-alemanha-vettel-vai-de-ultimo-a-segundo\"><span>A ca&oacute;tica prova em Hockenheim, com toda a excentricidade do tempo, naquele chove e para, acabou como um desastre para a pentacampe&atilde;o<\/span><\/a><\/strong>. Valtteri Bottas abandonou depois de rodar e bater, enquanto Lewis Hamilton fez uma corrida esquisita, marcada por muitos erros. O ingl&ecirc;s rodou e bateu, precisou recorrer aos bxoes de surpresa. Os mec&acirc;nicos n&atilde;o estavam preparados, o l&iacute;der do campeonato perdeu tempo. Ao todo, Hamilton fez seis pit-stops ao longo da corrida e terminou em nono, gra&ccedil;as a desclassifica&ccedil;&atilde;o dos dois carros da Alfa Romeo. Um pesadelo para quem esperava terminar o fim de semana em festa. Sorte dos advers&aacute;rios que souberam aproveitar o raro deslize prateado.<br \/>\n<br \/>\n<span style=\"color:#ffffff\"><span style=\"font-size:20px\"><strong><span style=\"background-color:#0000ff\">ASSISTA AGORA AO PRANCHETA GP<\/span><\/strong><\/span><\/span><\/p>\n<div class=\"embed-responsive embed-responsive-16by9\">\n\t<\/div>\n<p><span style=\"text-align: justify\">A F&oacute;rmula 1 retorna neste fim de semana, em Hungaroring, para o GP da Hungria, o 12&ordm; da temporada e &uacute;ltimo da primeira parte do campeonato. O&nbsp;<\/span><strong style=\"text-align: justify\">GRANDE PR&Ecirc;MIO<\/strong><span style=\"text-align: justify\">&nbsp;acompanha tudo&nbsp;<\/span><strong style=\"text-align: justify\"><a href=\"https:\/\/grandepremio.com\/br\/f1\/ao-vivo\"><span>AO VIVO E EM TEMPO REAL<\/span><\/a><\/strong><span style=\"text-align: justify\">.&nbsp;<\/span><br \/><\/p>\n<table bgcolor=\"#B22222\" border=\"1\" cellpadding=\"1\" cellspacing=\"1\" style=\"width: 100%\">\n<tbody>\n<tr>\n<td>\n\t\t\t\t<span style=\"font-size:18px\"><strong><span style=\"color: #000000\">Paddockast #27<br \/>\n\t\t\t\tSchumacher e Vettel: UNIDOS POR UM RECORDE<\/span><\/strong><\/span><br \/>\n\t\t\t\t<br \/>\n\t\t\t\tOu&ccedil;a: <a href=\"http:\/\/open.spotify.com\/show\/5OBbp8MzxQymoyneX4IviF?si=gYqPr53GSaa-AcxFpOzJHg\">Spotify<\/a> | <a href=\"http:\/\/podcasts.apple.com\/br\/podcast\/paddockast\/id1371540198\">iTunes<\/a> | <a href=\"http:\/\/www.subscribeonandroid.com\/www.central3.com.br\/category\/podcasts\/paddockast\/feed\/podcast\/\">Android<\/a> | <a href=\"http:\/\/player.fm\/series\/paddockast\">playerFM<\/a><\/td>\n<\/tr>\n<\/tbody>\n<\/table>\n<p><\/p>\n<div>\n<\/div>\n<p><\/p>\n","protected":false},"excerpt":{"rendered":"<p>A Mercedes usou o GP da Alemanha para introduzir um pacote de desenvolvimento com o objetivo de melhorar a efici&ecirc;ncia aerodin&acirc;mica e tamb&eacute;m minimizar os efeitos do calor excessivo, que tanto deram dor de cabe&ccedil;a &agrave; equipe na &Aacute;ustria. A esquadra prata retomou, na verdade, algumas solu&ccedil;&otilde;es j&aacute; vistas no Bahrein, outra prova igualmente quente do calend&aacute;rio<\/p>\n","protected":false},"author":0,"featured_media":0,"comment_status":"closed","ping_status":"closed","sticky":false,"template":"","format":"standard","meta":{"42wp_featured_image_caption":"","42wp_featured_image_credits":"","42wp_featured_video":"","42wp_featured_image_hidden":false,"42wp_authors_list":[],"footnotes":""},"categories":[2],"tags":[1479,85,84,1504,219,980,1498],"42wp_author":[47134],"class_list":["post-132706","post","type-post","status-publish","format-standard","hentry","category-f1","tag-classificao-f1-2019","tag-frmula-1","tag-f1-2019","tag-gp-da-alemanha","tag-grande-prmio","tag-hockenheim","tag-temporada-2019","42wp_author-paolo-filisetti"],"_links":{"self":[{"href":"https:\/\/grandepremio.com\/br\/wp-json\/wp\/v2\/posts\/132706","targetHints":{"allow":["GET"]}}],"collection":[{"href":"https:\/\/grandepremio.com\/br\/wp-json\/wp\/v2\/posts"}],"about":[{"href":"https:\/\/grandepremio.com\/br\/wp-json\/wp\/v2\/types\/post"}],"replies":[{"embeddable":true,"href":"https:\/\/grandepremio.com\/br\/wp-json\/wp\/v2\/comments?post=132706"}],"version-history":[{"count":0,"href":"https:\/\/grandepremio.com\/br\/wp-json\/wp\/v2\/posts\/132706\/revisions"}],"wp:attachment":[{"href":"https:\/\/grandepremio.com\/br\/wp-json\/wp\/v2\/media?parent=132706"}],"wp:term":[{"taxonomy":"category","embeddable":true,"href":"https:\/\/grandepremio.com\/br\/wp-json\/wp\/v2\/categories?post=132706"},{"taxonomy":"post_tag","embeddable":true,"href":"https:\/\/grandepremio.com\/br\/wp-json\/wp\/v2\/tags?post=132706"},{"taxonomy":"42wp_author","embeddable":true,"href":"https:\/\/grandepremio.com\/br\/wp-json\/wp\/v2\/42wp_author?post=132706"}],"curies":[{"name":"wp","href":"https:\/\/api.w.org\/{rel}","templated":true}]}}