{"id":132721,"date":"2020-03-02T06:30:00","date_gmt":"2020-03-02T09:30:00","guid":{"rendered":"https:\/\/grandepremio.com\/br\/noticias\/seis-duplas-formadas-e-seis-vagas-restantes-como-stock-car-entra-no-mes-que-abre-temporada\/"},"modified":"2020-05-19T18:02:38","modified_gmt":"2020-05-19T21:02:38","slug":"seis-duplas-formadas-e-seis-vagas-restantes-como-stock-car-entra-no-mes-que-abre-temporada","status":"publish","type":"post","link":"https:\/\/grandepremio.com\/br\/stock-car\/seis-duplas-formadas-e-seis-vagas-restantes-como-stock-car-entra-no-mes-que-abre-temporada\/","title":{"rendered":"Seis duplas formadas e seis vagas restantes: como Stock Car entra no m\u00eas que abre temporada"},"content":{"rendered":"\n<div class=\"embed-responsive embed-responsive-16by9\">\n\t<br \/>\n\t&nbsp;<\/div>\n<p>Chegou o m&ecirc;s de mar&ccedil;o e, com ele, vem a <strong><a href=\"https:\/\/www.grandepremio.com\/br\/stock-car\"><span style=\"color:#008080\">Stock Car<\/span><\/a><\/strong> em sua 41&deg; temporada. No dia 29, a categoria disputa sua Corrida de Duplas e abre um ano com novidades importantes, <strong><a href=\"https:\/\/www.grandepremio.com\/br\/stock-car\/noticias\/de-surpresa-toyota-confirma-presenca-na-temporada-2020-da-stock-car-2\"><span style=\"color:#008080\">como a entrada da Toyota<\/span><\/a><\/strong>, ao lado da Chevrolet, como montadora.<br \/>\n<br \/>\nPara abrir o m&ecirc;s de cobertura, ent&atilde;o, o <strong>GRANDE PR&Ecirc;MIO<\/strong> atualiza aos f&atilde;s a situa&ccedil;&atilde;o do grid e, tamb&eacute;m, dos participantes da esperada prova com convidados em Goi&acirc;nia. S&atilde;o ao menos seis vagasainda abertas para o campeonato completo, enquanto s&oacute; seis nomes foram confirmados na prova de abertura.<\/p>\n<div class=\"imagem-noticia\">\n\t<img decoding=\"async\" src=\"https:\/\/www.grandepremio.com\/br\/wp-content\/uploads\/2020\/03\/20202101133916_Nasr_II.jpg\" title=\"Felipe Nasr e Ricardo Maur\u00edcio (Foto: Reprodu\u00e7\u00e3o\/Stock Car)\" \/><\/div>\n<div class=\"legenda-imagem\">\n\t#iconeimagem Felipe Nasr e Ricardo Maur&iacute;cio (Foto: Reprodu&ccedil;&atilde;o\/Stock Car)<\/div>\n<p><strong>RC Eurofarma: <\/strong>os atuais tricampe&otilde;es est&atilde;o completos. Daniel Serra e Ricardo Maur&iacute;cio s&atilde;o os titulares, como em 2019, e tamb&eacute;m j&aacute; t&ecirc;m seus convidados: <strong><a href=\"https:\/\/www.grandepremio.com\/br\/stock-car\/noticias\/nasr-e-farfus-viram-companheiros-de-mauricio-e-serra-na-corrida-de-duplas\"><span style=\"color:#008080\">Augusto Farfus vai com Serra, enquanto Felipe Nasr reedita parceria com Maur&iacute;cio<\/span><\/a><\/strong>.&nbsp;<br \/>\n<br \/>\n<strong>Ipiranga:<\/strong> Thiago Camilo ter&aacute;, desta vez, Cesar Ramos como parceiro &#8211; ao menos por nove etapas -, <strong><a href=\"https:\/\/www.grandepremio.com\/br\/stock-car\/noticias\/ramos-deixa-blau-substitui-figueiredo-e-e-novo-parceiro-de-camilo-na-ipiranga\"><span style=\"color:#008080\">j&aacute; que este substitui a gr&aacute;vida Bia Figueiredo<\/span><\/a><\/strong>. N&atilde;o h&aacute; convidados confirmados para a prova de duplas ainda.&nbsp;<br \/>\n<br \/>\n<strong>Shell\/Crown: <\/strong>a dupla est&aacute; fechada e &eacute; formada por &Aacute;tila Abreu e Galid Osman &#8211; e tem metade dos convidados j&aacute; anunciados: <a href=\"https:\/\/www.grandepremio.com\/br\/stock-car\/noticias\/shell-escala-dennis-dirani-como-parceiro-de-osman-para-corrida-de-duplas\"><span style=\"color:#008080\"><strong>Dennis Dirani corre com Osman<\/strong><\/span><\/a>.<\/p>\n<div class=\"imagem-noticia\">\n\t<img decoding=\"async\" src=\"https:\/\/www.grandepremio.com\/br\/wp-content\/uploads\/2020\/03\/20201311142358_shell_II.jpg\" title=\"Osman convida Dirani para a Corrida de Duplas (Foto: Jos\u00e9 Mario Dias)\" \/><\/div>\n<div class=\"legenda-imagem\">\n\t#iconeimagem Osman convida Dirani para a Corrida de Duplas (Foto: Jos&eacute; Mario Dias)<\/div>\n<p><strong>Crown: <\/strong>apenas um nome fechado, <strong><a href=\"https:\/\/www.grandepremio.com\/br\/stock-car\/noticias\/abracaram-meu-nome-na-hora-o-que-fez-campos-aceitar-novo-projeto\"><span style=\"color:#008080\">e este &eacute; o de Julio Campos<\/span><\/a><\/strong>, ainda sem convidado. O <strong>GP<\/strong> apurou que Cac&aacute; Bueno segue em negocia&ccedil;&otilde;es para ocupar seu antigo posto na equipe.&nbsp;<br \/>\n<br \/>\n<strong>R. Mattheis: <\/strong>apenas Gabriel Casagrande est&aacute; fechado com a equipe &#8211; sem parceiro para a temporada e para a prova de abertura.<br \/>\n<br \/>\n<strong>Cavaleiro:<\/strong> a equipe vem <a href=\"https:\/\/www.grandepremio.com\/br\/stock-car\/noticias\/de-saida-da-ktf-gomes-define-destino-para-temporada-2020-a-cavaleiro\"><span style=\"color:#008080\"><strong>refor&ccedil;ada por Marcos Gomes<\/strong><\/span><\/a> e mant&eacute;m Denis Navarro. Nenhum do dois anunciou, ainda, com quem corre na prova em duplas.&nbsp;<\/p>\n<div class=\"imagem-noticia\">\n\t<img decoding=\"async\" src=\"https:\/\/www.grandepremio.com\/br\/wp-content\/uploads\/2020\/03\/201912151336604__DSC9696_O.jpg\" title=\"Marcos Gomes (Foto: Cau\u00ea Moalli\/Grande Pr\u00eamio)\" \/><\/div>\n<div class=\"legenda-imagem\">\n\t#iconeimagem Marcos Gomes (Foto: Cau&ecirc; Moalli\/Grande Pr&ecirc;mio)<\/div>\n<p><strong>Blau\/TMG: <\/strong>Allam Khodair segue com o patroc&iacute;nio da marca e deve ser oficializado como titular. H&aacute; uma vaga ainda dispon&iacute;vel na equipe.<br \/>\n<br \/>\n<strong>Full Time: <\/strong>Rubens Barrichello passa a ter Mat&iacute;as Rossi como companheiro. Suas duplas n&atilde;o s&atilde;o conhecidas at&eacute; o momento.<br \/>\n<br \/>\n<strong>FTS:<\/strong> a segunda equipe da marca ter&aacute; o <strong><a href=\"https:\/\/www.grandepremio.com\/br\/stock-car\/noticias\/full-time-anuncia-suzuki-e-fecha-quarteto-para-temporada-2020\"><span style=\"color:#008080\">rec&eacute;m-anunciado Rafael Suzuki<\/span><\/a><\/strong>&nbsp;com Nelsinho Piquet. O segundo j&aacute; tem parceiro para a abertura:&nbsp;<strong><a href=\"https:\/\/www.grandepremio.com\/br\/stock-car\/noticias\/felix-da-costa-volta-a-stock-car-ao-lado-de-piquet-na-corrida-de-duplas\"><span>Ant&oacute;nio F&eacute;lix da Costa<\/span><\/a><\/strong>.&nbsp;<\/p>\n<div class=\"imagem-noticia\">\n\t<img decoding=\"async\" src=\"https:\/\/www.grandepremio.com\/br\/wp-content\/uploads\/2020\/03\/20191225123405_Mat\u00edas-Rossi-Full-Time-Stock-Car-Super-TC-2000-toyota_O.png\" title=\"Mat\u00edas Rossi, Full Time, Stock Car, Super TC 2000, toyota\" \/><\/div>\n<div class=\"legenda-imagem\">\n\t#iconeimagem Mat&iacute;as Rossi (Foto: Toyota)<\/div>\n<p><strong>Vogel:<\/strong> 75% da equipe est&aacute; pronta para a abertura: Lucas Foresti, <strong><a href=\"https:\/\/www.grandepremio.com\/br\/stock-car\/noticias\/shell-define-danilo-dirani-ao-lado-de-di-mauro-na-corrida-de-duplas-da-stock-car\"><span style=\"color:#008080\">Gaetano Di Mauro e o parceiro deste, Danilo Dirani<\/span><\/a><\/strong>.&nbsp;<br \/>\n<br \/>\n<strong>RCM: <\/strong>a mesma quantidade que a Vogel: <strong><a href=\"https:\/\/www.grandepremio.com\/br\/stock-car\/noticias\/com-meinha-baptista-se-ve-bem-posicionado-para-futuro-renovado-da-stock-car\"><span style=\"color:#008080\">Bruno Baptista &eacute; um dos titulares<\/span><\/a><\/strong>, enquanto Ricardo Zonta tamb&eacute;m tem tal posto e j&aacute; fechou convidado, que &eacute; <a href=\"https:\/\/www.grandepremio.com\/br\/stock-car\/noticias\/shell-larga-na-frente-e-garante-vanthoor-ao-lado-de-zonta-para-corrida-de-duplas\"><span style=\"color:#008080\"><strong>Laurens Vanthoor<\/strong><\/span><\/a>.&nbsp;<br \/>\n<br \/>\n<strong>KTF: <\/strong>A equipe ter&aacute; Guilherme Salas, de volta &agrave; Stock Car, e al&eacute;m de um segundo nome pode ter um terceiro carro. Nenhum convidado foi anunciado ainda.<br \/>\n<br \/>\n<strong>Hot Car:<\/strong> a equipe &eacute; a &uacute;nica sem nomes confirmados. O <strong>GP<\/strong> apurou que Tuca Antoniazzi deve ser um dos pilotos titulares.<br \/>\n<br \/>\nA Corrida de Duplas <strong><a href=\"https:\/\/www.grandepremio.com\/br\/stock-car\/noticias\/stock-car-confirma-corrida-de-duplas-no-formato-de-200-km-em-goiania\"><span style=\"color:#008080\">ter&aacute; dura&ccedil;&atilde;o nova, de 200 km<\/span><\/a><\/strong>, e seu palco ser&aacute; Goi&acirc;nia.&nbsp;<br \/><\/p>\n<table bgcolor=\"#E6E6E6\" border=\"0\" cellpadding=\"1\" cellspacing=\"1\" style=\"width: 100%\">\n<tbody>\n<tr>\n<td>\n<div>\n\t\t\t\t\t<b><span style=\"color:#FF0040\">Apoie o <strong> GRANDE PR&Ecirc;MIO<\/strong><\/span><\/b><span style=\"color:#FF0040\">: garanta o futuro do nosso jornalismo <\/span><br \/>\n\t\t\t\t\t<br \/>\n\t\t\t\t\tO<strong> GRANDE PR&Ecirc;MIO <\/strong>&eacute; a maior m&iacute;dia digital de esporte a motor do Brasil, na Am&eacute;rica Latina e em L&iacute;ngua Portuguesa, editorialmente independente. Nossa grande equipe produz conte&uacute;do di&aacute;rio e pensa em inova&ccedil;&otilde;es constantemente, e n&atilde;o s&oacute; na internet: uma das nossas atua&ccedil;&otilde;es est&aacute; na realiza&ccedil;&atilde;o de eventos, como a Copa GP de Kart. Assim, seu apoio &eacute; sempre importante.<br \/>\n\t\t\t\t\t<br \/>\n\t\t\t\t\t<a href=\"https:\/\/grandepremium.grandepremio.com\/br\/assine\" target=\"_blank\" rel=\"noopener noreferrer\">Assine o GRANDE PREMIUM<\/a>: veja os planos e o que oferecem, tenha &agrave; disposi&ccedil;&atilde;o uma s&eacute;rie de benef&iacute;cios e exper&ecirc;ncias exclusivas, e fa&ccedil;a parte de um grupo especial, a Scuderia GP, com debate em alto n&iacute;vel.<\/div>\n<\/td>\n<\/tr>\n<\/tbody>\n<\/table>\n<p><\/p>\n","protected":false},"excerpt":{"rendered":"<p>No dia 29 de mar&ccedil;o a Stock Car abre suas disputas em 2020 e, com menos de um m&ecirc;s para tal, o GRANDE PR&Ecirc;MO atualiza aos f&atilde;s a situa&ccedil;&atilde;o do grid<\/p>\n","protected":false},"author":0,"featured_media":0,"comment_status":"closed","ping_status":"closed","sticky":false,"template":"","format":"standard","meta":{"42wp_featured_image_caption":"","42wp_featured_image_credits":"","42wp_featured_video":"","42wp_featured_image_hidden":false,"42wp_authors_list":[],"footnotes":""},"categories":[11],"tags":[231,74,915,69,71,178],"42wp_author":[47129],"class_list":["post-132721","post","type-post","status-publish","format-standard","hentry","category-stock-car","tag-chevrolet","tag-corrida-duplas","tag-grid","tag-stock-car","tag-stock-car-2020","tag-toyota","42wp_author-felipe-noronha"],"_links":{"self":[{"href":"https:\/\/grandepremio.com\/br\/wp-json\/wp\/v2\/posts\/132721","targetHints":{"allow":["GET"]}}],"collection":[{"href":"https:\/\/grandepremio.com\/br\/wp-json\/wp\/v2\/posts"}],"about":[{"href":"https:\/\/grandepremio.com\/br\/wp-json\/wp\/v2\/types\/post"}],"replies":[{"embeddable":true,"href":"https:\/\/grandepremio.com\/br\/wp-json\/wp\/v2\/comments?post=132721"}],"version-history":[{"count":0,"href":"https:\/\/grandepremio.com\/br\/wp-json\/wp\/v2\/posts\/132721\/revisions"}],"wp:attachment":[{"href":"https:\/\/grandepremio.com\/br\/wp-json\/wp\/v2\/media?parent=132721"}],"wp:term":[{"taxonomy":"category","embeddable":true,"href":"https:\/\/grandepremio.com\/br\/wp-json\/wp\/v2\/categories?post=132721"},{"taxonomy":"post_tag","embeddable":true,"href":"https:\/\/grandepremio.com\/br\/wp-json\/wp\/v2\/tags?post=132721"},{"taxonomy":"42wp_author","embeddable":true,"href":"https:\/\/grandepremio.com\/br\/wp-json\/wp\/v2\/42wp_author?post=132721"}],"curies":[{"name":"wp","href":"https:\/\/api.w.org\/{rel}","templated":true}]}}