{"id":132764,"date":"2020-02-29T14:47:00","date_gmt":"2020-02-29T17:47:00","guid":{"rendered":"https:\/\/grandepremio.com\/br\/noticias\/assista-aos-melhores-momentos-do-ep-de-marrakech-da-formula-e\/"},"modified":"2020-05-19T18:05:22","modified_gmt":"2020-05-19T21:05:22","slug":"assista-aos-melhores-momentos-do-ep-de-marrakech-da-formula-e","status":"publish","type":"post","link":"https:\/\/grandepremio.com\/br\/formula-e\/assista-aos-melhores-momentos-do-ep-de-marrakech-da-formula-e\/","title":{"rendered":"Assista aos melhores momentos do eP de Marrakech da F\u00f3rmula E"},"content":{"rendered":"\n<div>\n\tA F&oacute;rmula E entregou um &oacute;timo eP de Marrakech. Neste s&aacute;bado (29), Antonio F&eacute;lix da Costa levou a melhor no duelo com Maximiliam G&uuml;nther para garantir o triunfo e tornar-se o quinto vencedor diferente da temporada.<br \/>\n\t&nbsp;<\/div>\n<div>\n\tNo Marrocos, o portugu&ecirc;s fez valer a sua pole-position. Chegou a ser ultrapassado pelo alem&atilde;o da BMW em determinado momento, mas pouco depois deu o troco e dali n&atilde;o saiu mais, subindo ao degrau mais alto do p&oacute;dio.<\/p>\n<div class=\"imagem-noticia\">\n\t\t<img decoding=\"async\" src=\"https:\/\/www.grandepremio.com\/br\/wp-content\/uploads\/2020\/02\/202022913573_18-_FER2415_II.jpg\" title=\"Ant\u00f3nio F\u00e9lix da Costa (Foto: FIA F\u00f3rmula E)\" \/><\/div>\n<div class=\"legenda-imagem\">\n\t\t#iconeimagem Ant&oacute;nio F&eacute;lix da Costa (Foto: FIA F&oacute;rmula E)<\/div>\n<\/div>\n<div style=\"float: left;margin-right: 15px;margin-bottom:15px\">\n\t<\/div>\n<p>As duas outras coloca&ccedil;&otilde;es do top-3 tamb&eacute;m foram bastante movimentadas. Jean-&Eacute;ric Vergne fez prova de recupera&ccedil;&atilde;o e chegou a figurar em segundo. Entretanto, em uma ultrapassagem nos metros finais, Maximiliam o jogou para terceiro.<br \/>\n&nbsp;<\/p>\n<div>\n\tQuem tamb&eacute;m brilhou na corrida em solo marroquino foi Mitch Evans. At&eacute; ent&atilde;o l&iacute;der do campeonato, teve um problema na classifica&ccedil;&atilde;o e largou em &uacute;ltimo. Ganhando terreno, cruzou a linha de chegada no sexto posto.<br \/>\n\t&nbsp;<\/div>\n<div>\n\t<strong>Confira os melhores momentos do eP de Marrakech da F&oacute;rmula E:<\/strong><\/div>\n<blockquote class=\"twitter-tweet\" data-partner=\"tweetdeck\">\n<p dir=\"ltr\" lang=\"pt\">\n\t\tFOI UMA BAITA CORRIDA NO MARROCOS!<br \/>\n\t\t<br \/>\n\t\tAssista AQUI, em 60s, tudo o que de melhor aconteceu na vit&oacute;ria de <a href=\"https:\/\/twitter.com\/afelixdacosta?ref_src=twsrc%5Etfw\">@afelixdacosta<\/a> no <a href=\"https:\/\/twitter.com\/hashtag\/MarrakeshEPrix?src=hash&amp;ref_src=twsrc%5Etfw\">#MarrakeshEPrix<\/a> <a href=\"https:\/\/twitter.com\/hashtag\/FEnoGP?src=hash&amp;ref_src=twsrc%5Etfw\">#FEnoGP<\/a> <a href=\"https:\/\/t.co\/7L8fSqdBqI\">pic.twitter.com\/7L8fSqdBqI<\/a><\/p>\n<p>\t&mdash; Grande Pr&ecirc;mio (@grandepremio) <a href=\"https:\/\/twitter.com\/grandepremio\/status\/1233808864761569280?ref_src=twsrc%5Etfw\">February 29, 2020<\/a><\/p><\/blockquote>\n<div class=\"embed-responsive embed-responsive-16by9\">\n\t<\/div>\n<p><\/p>\n<table bgcolor=\"#990033\" border=\"1\" cellpadding=\"1\" cellspacing=\"1\" style=\"width: 100%\">\n<\/table>\n<table bgcolor=\"#add8e6<br \/>\n&#8221; border=&#8221;1&#8243; cellpadding=&#8221;1&#8243; cellspacing=&#8221;1&#8243; style=&#8221;width: 100%&#8221;><br \/>\n<tbody>\n<tr>\n<td>\n\t\t\t\t<span style=\"color:#000000\"><span style=\"font-size:18px\"><strong>Paddockast #50<br \/>\n\t\t\t\tGRANDES PROMESSAS QUE N&Atilde;O VINGARAM<\/strong><\/span><\/span><br \/>\n\t\t\t\t<br \/>\n\t\t\t\tOu&ccedil;a: <a href=\"http:\/\/open.spotify.com\/show\/5OBbp8MzxQymoyneX4IviF?si=gYqPr53GSaa-AcxFpOzJHg\">Spotify<\/a> | <a href=\"http:\/\/podcasts.apple.com\/br\/podcast\/paddockast\/id1371540198\">iTunes<\/a> | <a href=\"http:\/\/www.subscribeonandroid.com\/www.central3.com.br\/category\/podcasts\/paddockast\/feed\/podcast\/\">Android<\/a> | <a href=\"http:\/\/player.fm\/series\/paddockast\">playerFM<\/a><\/td>\n<\/tr>\n<\/tbody>\n<\/table>\n<table bgcolor=\"#E6E6E6\" border=\"0\" cellpadding=\"1\" cellspacing=\"1\" style=\"width: 100%\">\n<tbody>\n<tr>\n<td>\n<div>\n\t\t\t\t\t<b><span style=\"color:#FF0040\">Apoie o <strong> GRANDE PR&Ecirc;MIO<\/strong><\/span><\/b><span style=\"color:#FF0040\">: garanta o futuro do nosso jornalismo <\/span><br \/>\n\t\t\t\t\t<br \/>\n\t\t\t\t\tO<strong> GRANDE PR&Ecirc;MIO <\/strong>&eacute; a maior m&iacute;dia digital de esporte a motor do Brasil, na Am&eacute;rica Latina e em L&iacute;ngua Portuguesa, editorialmente independente. Nossa grande equipe produz conte&uacute;do di&aacute;rio e pensa em inova&ccedil;&otilde;es constantemente, e n&atilde;o s&oacute; na internet: uma das nossas atua&ccedil;&otilde;es est&aacute; na realiza&ccedil;&atilde;o de eventos, como a Copa GP de Kart. Assim, seu apoio &eacute; sempre importante.<br \/>\n\t\t\t\t\t<br \/>\n\t\t\t\t\t<a href=\"https:\/\/grandepremium.grandepremio.com\/br\/assine\" target=\"_blank\" rel=\"noopener noreferrer\">Assine o GRANDE PREMIUM<\/a>: veja os planos e o que oferecem, tenha &agrave; disposi&ccedil;&atilde;o uma s&eacute;rie de benef&iacute;cios e experi&ecirc;ncias exclusivas, e fa&ccedil;a parte de um grupo especial, a Scuderia GP, com debate em alto n&iacute;vel.<\/div>\n<\/td>\n<\/tr>\n<\/tbody>\n<\/table>\n<p><\/p>\n","protected":false},"excerpt":{"rendered":"<p>Antonio F&eacute;lix da Costa levou a melhor em cima de Maximiliam G&uuml;nther para garantir a vit&oacute;ria no Marrocos. Enquanto isso, o alem&atilde;o da BMW fez bela ultrapassagem nos metros finais em cima de Jean-&Eacute;ric Vergne para terminar em segundo<\/p>\n","protected":false},"author":0,"featured_media":0,"comment_status":"closed","ping_status":"closed","sticky":false,"template":"","format":"standard","meta":{"42wp_featured_image_caption":"","42wp_featured_image_credits":"","42wp_featured_video":"","42wp_featured_image_hidden":false,"42wp_authors_list":[],"footnotes":""},"categories":[19],"tags":[1861,970,1862,949,6767,195,504,194,196,910,851,966,5150,909,736,976,660,639],"42wp_author":[47109],"class_list":["post-132764","post","type-post","status-publish","format-standard","hentry","category-formula-e","tag-andre-lotterer","tag-audi","tag-daniel-abt","tag-edoardo-mortara","tag-ep-de-marrakech","tag-fe-2020","tag-felipe-massa","tag-formula-e-2020","tag-horarios-da-fe","tag-jaguar","tag-jean-eric-vergne","tag-lucas-di-grassi","tag-marrocos","tag-mitch-evans","tag-porsche","tag-sam-bird","tag-venturi","tag-virgin","42wp_author-redacao-gp"],"_links":{"self":[{"href":"https:\/\/grandepremio.com\/br\/wp-json\/wp\/v2\/posts\/132764","targetHints":{"allow":["GET"]}}],"collection":[{"href":"https:\/\/grandepremio.com\/br\/wp-json\/wp\/v2\/posts"}],"about":[{"href":"https:\/\/grandepremio.com\/br\/wp-json\/wp\/v2\/types\/post"}],"replies":[{"embeddable":true,"href":"https:\/\/grandepremio.com\/br\/wp-json\/wp\/v2\/comments?post=132764"}],"version-history":[{"count":0,"href":"https:\/\/grandepremio.com\/br\/wp-json\/wp\/v2\/posts\/132764\/revisions"}],"wp:attachment":[{"href":"https:\/\/grandepremio.com\/br\/wp-json\/wp\/v2\/media?parent=132764"}],"wp:term":[{"taxonomy":"category","embeddable":true,"href":"https:\/\/grandepremio.com\/br\/wp-json\/wp\/v2\/categories?post=132764"},{"taxonomy":"post_tag","embeddable":true,"href":"https:\/\/grandepremio.com\/br\/wp-json\/wp\/v2\/tags?post=132764"},{"taxonomy":"42wp_author","embeddable":true,"href":"https:\/\/grandepremio.com\/br\/wp-json\/wp\/v2\/42wp_author?post=132764"}],"curies":[{"name":"wp","href":"https:\/\/api.w.org\/{rel}","templated":true}]}}