{"id":132811,"date":"2019-08-01T11:20:00","date_gmt":"2019-08-01T14:20:00","guid":{"rendered":"https:\/\/grandepremio.com\/br\/noticias\/grosjean-e-magnussen-negam-relacao-desgastada-so-mandamos-o-outro-se-foder\/"},"modified":"2020-05-16T22:32:39","modified_gmt":"2020-05-17T01:32:39","slug":"grosjean-e-magnussen-negam-relacao-desgastada-so-mandamos-o-outro-se-foder","status":"publish","type":"post","link":"https:\/\/grandepremio.com\/br\/f1\/grosjean-e-magnussen-negam-relacao-desgastada-so-mandamos-o-outro-se-foder\/","title":{"rendered":"Grosjean e Magnussen negam rela\u00e7\u00e3o desgastada: &#8220;S\u00f3 mandamos o outro se foder&#8221;"},"content":{"rendered":"\n<div>\n\t<a href=\"https:\/\/www.grandepremio.com\/br\/f1\/noticias\/decepcionada-haas-escancara-problemas-internos-e-ferias-apontam-mudancas\">Romain Grosjean e Kevin Magnussen foram alvos de pol&ecirc;mica novamente<\/a>. Os pilotos, que conseguiram o melhor resultado da Haas no ano durante o GP da Alemanha, se tocaram na pista e dispararam mensagens nervosas no r&aacute;dio.<\/div>\n<div>\n\t&nbsp;<\/div>\n<div>\n\tParticipantes da coletiva de imprensa do GP da Hungria, a dupla negou desgaste na rela&ccedil;&atilde;o. Grosjean, que foi s&eacute;timo em Hockenheim, explicou que o v&iacute;nculo entre os dois &eacute; bom, e que discuss&otilde;es entre companheiros de equipe s&atilde;o comuns em v&aacute;rios esportes, com a diferen&ccedil;a da aus&ecirc;ncia do microfone, presente na <a href=\"https:\/\/www.grandepremio.com\/br\/f1\">F&oacute;rmula 1<\/a>.<\/div>\n<div>\n\t&nbsp;<\/div>\n<div>\n\t&quot;Mesmo nos desafiando na pista, nossa rela&ccedil;&atilde;o &eacute; muito boa. Temos os mesmos problemas porque o carro &eacute; mesmo, e isso nos faz duelar na pista. Nos times de futebol, companheiros discutem tamb&eacute;m, mas eles n&atilde;o t&ecirc;m microfones. O que posso dizer? &#039;Querido, voc&ecirc; pode passar?&#039;, &#039;Quer a sua posi&ccedil;&atilde;o de volta?&#039;. N&atilde;o, n&oacute;s s&oacute; mandamos o outro se foder&quot;, declarou Grosjean quando perguntado sobre.<\/div>\n<div>\n<div class=\"imagem-noticia\">\n\t\t<img decoding=\"async\" src=\"https:\/\/www.grandepremio.com\/br\/wp-content\/uploads\/2019\/08\/20197281544750__ONZ9016-925_II.jpg\" title=\"Kevin Magnussen e Romain Grosjean (Foto: Haas)\" \/><\/div>\n<div class=\"legenda-imagem\">\n\t\t#iconeimagem Kevin Magnussen e Romain Grosjean (Foto: Haas)<\/div>\n<div style=\"float: left;margin-right: 15px;margin-bottom:15px\">\n\t\t<\/div>\n<\/div>\n<div>\n\tMagnussen tamb&eacute;m confirmou que se d&aacute; bem com o companheiro de equipe, e afirmou que os pilotos sempre se acham certos quando est&atilde;o da cabe&ccedil;a quente. O dinamarqu&ecirc;s afirmou que n&atilde;o est&aacute; preocupado com o seu futuro na categoria, j&aacute; que vem recebendo fortes cr&iacute;ticas pelos resultados ruins.<\/div>\n<div>\n\t&nbsp;<\/div>\n<div>\n\t&quot;Romain e eu nos tocamos algumas vezes. Fomos azarados em perder muitos pontos por contatos na pista. Ele &eacute; um cara legal, n&oacute;s temos uma boa rela&ccedil;&atilde;o. &Eacute; claro que na corrida, voc&ecirc; diz coisas agressivas quando se toca, gritamos contra o r&aacute;dio, mas n&atilde;o &eacute; nada s&eacute;rio. Quando um toque acontece, voc&ecirc; est&aacute; convencido de que est&aacute; certo. No fim, n&atilde;o importa o que n&oacute;s, pilotos, pensamos. Temos que respeitar o que o time decide e o trabalho deles. N&atilde;o me preocupo com meu futuro&quot;, disse Magnussen.<\/div>\n<p><\/p>\n<div class=\"embed-responsive embed-responsive-16by9\">\n\t<\/div>\n<p><\/p>\n<p><\/p>\n","protected":false},"excerpt":{"rendered":"<p>Presentes na coletiva de imprensa pr&eacute;-GP da Hungria, Romain Grosjean e Kevin Magnussen negaram desgaste na rela&ccedil;&atilde;o ap&oacute;s toque em Hockenheim. Pilotos afirmaram que estavam de cabe&ccedil;a quente no incidente e relacionamento &eacute; bom<\/p>\n","protected":false},"author":0,"featured_media":0,"comment_status":"closed","ping_status":"closed","sticky":false,"template":"","format":"standard","meta":{"42wp_featured_image_caption":"","42wp_featured_image_credits":"","42wp_featured_video":"","42wp_featured_image_hidden":false,"42wp_authors_list":[],"footnotes":""},"categories":[2],"tags":[147,84,1647,119,1223,4005,117,120],"42wp_author":[47109],"class_list":["post-132811","post","type-post","status-publish","format-standard","hentry","category-f1","tag-f1","tag-f1-2019","tag-gp-da-hungria","tag-haas","tag-horrio-f1-2019","tag-hungria-f1","tag-kevin-magnussen","tag-romain-grosjean","42wp_author-redacao-gp"],"_links":{"self":[{"href":"https:\/\/grandepremio.com\/br\/wp-json\/wp\/v2\/posts\/132811","targetHints":{"allow":["GET"]}}],"collection":[{"href":"https:\/\/grandepremio.com\/br\/wp-json\/wp\/v2\/posts"}],"about":[{"href":"https:\/\/grandepremio.com\/br\/wp-json\/wp\/v2\/types\/post"}],"replies":[{"embeddable":true,"href":"https:\/\/grandepremio.com\/br\/wp-json\/wp\/v2\/comments?post=132811"}],"version-history":[{"count":0,"href":"https:\/\/grandepremio.com\/br\/wp-json\/wp\/v2\/posts\/132811\/revisions"}],"wp:attachment":[{"href":"https:\/\/grandepremio.com\/br\/wp-json\/wp\/v2\/media?parent=132811"}],"wp:term":[{"taxonomy":"category","embeddable":true,"href":"https:\/\/grandepremio.com\/br\/wp-json\/wp\/v2\/categories?post=132811"},{"taxonomy":"post_tag","embeddable":true,"href":"https:\/\/grandepremio.com\/br\/wp-json\/wp\/v2\/tags?post=132811"},{"taxonomy":"42wp_author","embeddable":true,"href":"https:\/\/grandepremio.com\/br\/wp-json\/wp\/v2\/42wp_author?post=132811"}],"curies":[{"name":"wp","href":"https:\/\/api.w.org\/{rel}","templated":true}]}}