{"id":132843,"date":"2019-07-31T20:00:00","date_gmt":"2019-07-31T23:00:00","guid":{"rendered":"https:\/\/grandepremio.com\/br\/noticias\/com-mare-laranja-e-maturidade-verstappen-ja-e-principal-idolo-nacional-da-f1\/"},"modified":"2020-05-12T16:11:41","modified_gmt":"2020-05-12T19:11:41","slug":"com-mare-laranja-e-maturidade-verstappen-ja-e-principal-idolo-nacional-da-f1","status":"publish","type":"post","link":"https:\/\/grandepremio.com\/br\/f1\/com-mare-laranja-e-maturidade-verstappen-ja-e-principal-idolo-nacional-da-f1\/","title":{"rendered":"Com mar\u00e9 laranja e maturidade, Verstappen j\u00e1 \u00e9 principal \u00eddolo nacional da F1"},"content":{"rendered":"\n<div class=\"embed-responsive embed-responsive-16by9\">\n\t<\/div>\n<div class=\"legenda-imagem\">\n\t#iconeimagem Max Verstappen tem despontado como o grande piloto do campeonato da F&oacute;rmula 1. No <strong>PADDOCK GP #170<\/strong>, os jornalistas ainda ressaltaram como o holand&ecirc;s tem feito a proeza de arrastar uma mar&eacute; laranja em todas as etapas, tend&ecirc;ncia que s&oacute; deve crescer cada vez mais com o tempo. <strong>ASSISTA<\/strong><br \/>\n\t<\/p>\n<div><\/div>\n<\/div>\n<p><\/p>\n","protected":false},"excerpt":{"rendered":"<p>Max Verstappen j&aacute; &eacute; grande nome na F&oacute;rmula 1 e se consolidou de forma impressionante no grid. Portanto, no Paddock GP, os jornalistas comentaram como o holand&ecirc;s se tornou o grande &iacute;dolo da categoria, que tem um produto de ouro nas m&atilde;os<\/p>\n","protected":false},"author":0,"featured_media":0,"comment_status":"closed","ping_status":"closed","sticky":false,"template":"","format":"standard","meta":{"42wp_featured_image_caption":"","42wp_featured_image_credits":"","42wp_featured_video":"","42wp_featured_image_hidden":false,"42wp_authors_list":[],"footnotes":""},"categories":[2],"tags":[85,1222,147,84,203,1537,204,1291],"42wp_author":[47109],"class_list":["post-132843","post","type-post","status-publish","format-standard","hentry","category-f1","tag-frmula-1","tag-frmula-1-2019","tag-f1","tag-f1-2019","tag-max-verstappen","tag-paddock-gp","tag-red-bull","tag-temporada-2019-f1","42wp_author-redacao-gp"],"_links":{"self":[{"href":"https:\/\/grandepremio.com\/br\/wp-json\/wp\/v2\/posts\/132843","targetHints":{"allow":["GET"]}}],"collection":[{"href":"https:\/\/grandepremio.com\/br\/wp-json\/wp\/v2\/posts"}],"about":[{"href":"https:\/\/grandepremio.com\/br\/wp-json\/wp\/v2\/types\/post"}],"replies":[{"embeddable":true,"href":"https:\/\/grandepremio.com\/br\/wp-json\/wp\/v2\/comments?post=132843"}],"version-history":[{"count":0,"href":"https:\/\/grandepremio.com\/br\/wp-json\/wp\/v2\/posts\/132843\/revisions"}],"wp:attachment":[{"href":"https:\/\/grandepremio.com\/br\/wp-json\/wp\/v2\/media?parent=132843"}],"wp:term":[{"taxonomy":"category","embeddable":true,"href":"https:\/\/grandepremio.com\/br\/wp-json\/wp\/v2\/categories?post=132843"},{"taxonomy":"post_tag","embeddable":true,"href":"https:\/\/grandepremio.com\/br\/wp-json\/wp\/v2\/tags?post=132843"},{"taxonomy":"42wp_author","embeddable":true,"href":"https:\/\/grandepremio.com\/br\/wp-json\/wp\/v2\/42wp_author?post=132843"}],"curies":[{"name":"wp","href":"https:\/\/api.w.org\/{rel}","templated":true}]}}