{"id":132894,"date":"2019-07-31T10:08:00","date_gmt":"2019-07-31T13:08:00","guid":{"rendered":"https:\/\/grandepremio.com\/br\/noticias\/pocono-mantem-esperancas-de-renovacao-com-indy-para-2020\/"},"modified":"2020-05-16T22:44:12","modified_gmt":"2020-05-17T01:44:12","slug":"pocono-mantem-esperancas-de-renovacao-com-indy-para-2020","status":"publish","type":"post","link":"https:\/\/grandepremio.com\/br\/indy\/pocono-mantem-esperancas-de-renovacao-com-indy-para-2020\/","title":{"rendered":"Pocono mant\u00e9m esperan\u00e7as de renova\u00e7\u00e3o com Indy para 2020"},"content":{"rendered":"\n<div>\n\tPocono recebe a pr&oacute;xima etapa da Indy, no pr&oacute;ximo dia 18, <a href=\"https:\/\/www.grandepremio.com\/br\/indy\/noticias\/traumas-e-publico-baixo-indy-coloca-em-duvida-renovacao-de-contrato-com-pocono-para-2020\">e o circuito corre o risco de sair do calend&aacute;rio da categoria americana<\/a>. Presente desde 2013, ap&oacute;s um hiato de 24 anos, o oval da Pensilv&acirc;nia n&atilde;o vem atraindo grandes p&uacute;blicos, o que decepcionou em compara&ccedil;&atilde;o &agrave;s expectativas, al&eacute;m do trauma pelos acidentes de Justin Wilson, que veio a falecer e Robert Wickens, que ficou parapl&eacute;gico.<\/div>\n<div>\n\t&nbsp;<\/div>\n<div>\n\tCEO do aut&oacute;dromo, Nick Igdalsky comentou sobre a poss&iacute;vel perman&ecirc;ncia de Pocono, <a href=\"https:\/\/www.grandepremio.com\/br\/indy\/noticias\/indy-nega-acordo-mas-revela-interesse-no-retorno-de-richmond-ao-calendario-existe-a-possibilidade\">que pode ser substitu&iacute;da por Richmond<\/a>&nbsp;em 2020. Ele afirma que a decis&atilde;o est&aacute; na m&atilde;o da categoria e que gostaria da Indy no &ldquo;Tricky Triangle nos pr&oacute;ximos anos&rdquo;<\/div>\n<div>\n\t&nbsp;<\/div>\n<div>\n\t&quot;A bola est&aacute; na quadra deles. Queremos a Indy aqui. Temos ideias para colocar na mesa, estamos apenas esperando ouvir de volta. Eu acho que eles t&ecirc;m outras coisas que est&atilde;o trabalhando, mas estivemos nos comunicando. Se tudo se alinhar, &eacute; &oacute;timo. Se n&atilde;o, temos op&ccedil;&otilde;es que estamos olhando tamb&eacute;m, mas adoraria t&ecirc;-los de volta. Amo ver os carros aqui. &Eacute; uma sensa&ccedil;&atilde;o de velocidade inacredit&aacute;vel quando os carros passam na curva 1. Espero o retorno&quot;, disse em entrevista ao &#039;Motorsport.com&#039;.<\/div>\n<div>\n<div class=\"imagem-noticia\">\n\t\t<img decoding=\"async\" src=\"https:\/\/www.grandepremio.com\/br\/wp-content\/uploads\/2019\/07\/2019671735424_POCONO_II.jpg\" title=\"Alexander Rossi em Pocono (Foto: Indycar)\" \/><\/div>\n<div class=\"legenda-imagem\">\n\t\t#iconeimagem Alexander Rossi em Pocono (Foto: Indycar)<\/div>\n<div style=\"float: left;margin-right: 15px;margin-bottom:15px\">\n\t\t<\/div>\n<\/div>\n<div>\n\tStephen Starks, vice-presidente de promo&ccedil;&atilde;o e rela&ccedil;&otilde;es de m&iacute;dia, se esquivou sobre a renova&ccedil;&atilde;o, mas afirmou que um novo encontro para negocia&ccedil;&otilde;es acontecer&aacute; no fim de semana da etapa, a 13&ordf; da temporada.<\/div>\n<div>\n\t&nbsp;<\/div>\n<div>\n\t&quot;A Indy ainda est&aacute; no processo para finalizar o calend&aacute;rio de 2020 e como Pocono se encaixa. Apesar de uma decis&atilde;o n&atilde;o ter sido tomada, estamos conversando com os respons&aacute;veis pelo aut&oacute;dromo e estamos ansiosos em voltar l&aacute; para a nossa corrida, quando falaremos sobre o futuro&quot;, respondeu.<\/div>\n<div>\n\t&nbsp;<\/div>\n<div class=\"embed-responsive embed-responsive-16by9\">\n\t<\/div>\n<p><\/p>\n<p><\/p>\n","protected":false},"excerpt":{"rendered":"<p>Pocono recebe a pr&oacute;xima etapa da Indy, mas corre o risco de sair do calend&aacute;rio por conta dos baixos p&uacute;blicos desde o retorno, em 2013. CEO do aut&oacute;dromo mant&eacute;m as esperan&ccedil;as da perman&ecirc;ncia em 2020<\/p>\n","protected":false},"author":0,"featured_media":0,"comment_status":"closed","ping_status":"closed","sticky":false,"template":"","format":"standard","meta":{"42wp_featured_image_caption":"","42wp_featured_image_credits":"","42wp_featured_video":"","42wp_featured_image_hidden":false,"42wp_authors_list":[],"footnotes":""},"categories":[3],"tags":[93],"42wp_author":[47109],"class_list":["post-132894","post","type-post","status-publish","format-standard","hentry","category-indy","tag-indy","42wp_author-redacao-gp"],"_links":{"self":[{"href":"https:\/\/grandepremio.com\/br\/wp-json\/wp\/v2\/posts\/132894","targetHints":{"allow":["GET"]}}],"collection":[{"href":"https:\/\/grandepremio.com\/br\/wp-json\/wp\/v2\/posts"}],"about":[{"href":"https:\/\/grandepremio.com\/br\/wp-json\/wp\/v2\/types\/post"}],"replies":[{"embeddable":true,"href":"https:\/\/grandepremio.com\/br\/wp-json\/wp\/v2\/comments?post=132894"}],"version-history":[{"count":0,"href":"https:\/\/grandepremio.com\/br\/wp-json\/wp\/v2\/posts\/132894\/revisions"}],"wp:attachment":[{"href":"https:\/\/grandepremio.com\/br\/wp-json\/wp\/v2\/media?parent=132894"}],"wp:term":[{"taxonomy":"category","embeddable":true,"href":"https:\/\/grandepremio.com\/br\/wp-json\/wp\/v2\/categories?post=132894"},{"taxonomy":"post_tag","embeddable":true,"href":"https:\/\/grandepremio.com\/br\/wp-json\/wp\/v2\/tags?post=132894"},{"taxonomy":"42wp_author","embeddable":true,"href":"https:\/\/grandepremio.com\/br\/wp-json\/wp\/v2\/42wp_author?post=132894"}],"curies":[{"name":"wp","href":"https:\/\/api.w.org\/{rel}","templated":true}]}}