{"id":133070,"date":"2020-02-25T13:52:00","date_gmt":"2020-02-25T16:52:00","guid":{"rendered":"https:\/\/grandepremio.com\/br\/noticias\/focado-na-mclaren-sainz-ve-especulacao-sobre-ida-para-ferrari-como-cumprimento\/"},"modified":"2020-05-19T18:24:33","modified_gmt":"2020-05-19T21:24:33","slug":"focado-na-mclaren-sainz-ve-especulacao-sobre-ida-para-ferrari-como-cumprimento","status":"publish","type":"post","link":"https:\/\/grandepremio.com\/br\/f1\/focado-na-mclaren-sainz-ve-especulacao-sobre-ida-para-ferrari-como-cumprimento\/","title":{"rendered":"Focado na McLaren, Sainz v\u00ea especula\u00e7\u00e3o sobre ida para Ferrari como &#8220;cumprimento&#8221;"},"content":{"rendered":"\n<div>\n\tAp&oacute;s o grande ano da carreira, em que levou a McLaren de volta ao p&oacute;dio do Mundial de <strong><a href=\"https:\/\/grandepremio.com\/br\/f1\"><span style=\"color:#ff0000\">F&oacute;rmula 1<\/span><\/a><\/strong>, <strong><a href=\"https:\/\/grandepremio.com\/br\/busca?s=carlos%20sainz\"><span style=\"color:#ff0000\">Carlos Sainz<\/span><\/a><\/strong> se prepara para a segunda temporada na equipe inglesa. &Eacute; tamb&eacute;m o &uacute;ltimo ano de contrato, o que abre o caminho para avaliar o mercado em 2021. Embora <strong><a href=\"https:\/\/grandepremio.com\/br\/f1\/noticias\/muito-feliz-na-mclaren-sainz-revela-inicio-de-conversas-para-renovar-contrato\"><span style=\"color:#ff0000\">negocie com a atual equipe<\/span><\/a><\/strong>, n&atilde;o se furta em dizer que especula&ccedil;&otilde;es sobre uma poss&iacute;vel ida para Ferrari s&atilde;o agrad&aacute;veis.<\/div>\n<div>\n\t&nbsp;<\/div>\n<div>\n\tSainz reiterou que se sente tranquilo e em casa em Woking, refor&ccedil;ando que negocia uma poss&iacute;vel renova&ccedil;&atilde;o, mas que ainda n&atilde;o est&aacute; fechada.&nbsp;<\/div>\n<div>\n\t&nbsp;<\/div>\n<div>\n\t&quot;No momento, estou logicamente preocupado principalmente com a McLaren. Todo mundo sabe que me sinto em casa e estou falando com eles sobre 2021&quot;, revelou.<\/div>\n<div>\n\t&nbsp;<\/div>\n<div>\n\t&quot;Claro que &eacute; legal saber que algu&eacute;m na It&aacute;lia est&aacute; falando sobre a possibilidade de uma transfer&ecirc;ncia minha para a Ferrari, eu vejo isso como um cumprimento&quot;, seguiu.<\/div>\n<div>\n<div class=\"imagem-noticia\">\n\t\t<img decoding=\"async\" src=\"https:\/\/www.grandepremio.com\/br\/wp-content\/uploads\/2020\/02\/20202211234898_mclaren-sainz-04_II.jpg\" title=\"Carlos Sainz (Foto: Pirelli)\" \/><\/div>\n<div class=\"legenda-imagem\">\n\t\t#iconeimagem Carlos Sainz (Foto: Pirelli)<\/div>\n<\/div>\n<div>\n\tA maior quest&atilde;o para a temporada 2021 &eacute; a mudan&ccedil;a agressiva nas regras do campeonato. Apesar de introdu&ccedil;&atilde;o do teto or&ccedil;ament&aacute;rio entre outras novidades, Sainz n&atilde;o acredita que ser&aacute; o suficiente para colocar a McLaren imediatamente na luta para ser campe&atilde;o.<\/div>\n<div>\n\t&nbsp;<\/div>\n<div>\n\t&quot;Quando eu olho para 2021, acredito que ser&aacute; dif&iacute;cil acabar com a vantagem das equipes da frente. Por conta das mudan&ccedil;as dr&aacute;sticas nas regras, simplesmente precisamos de mais anos para isso. Esperamos diminuir essa vantagem esse ano e ano que vem&quot;, argumentou.<\/div>\n<div>\n\t&nbsp;<\/div>\n<div>\n\t&quot;De qualquer forma, precisamos diminuir a diferen&ccedil;a. &Eacute; &oacute;bvio que precisamos melhorar em absolutamente todos os n&iacute;veis para chegar at&eacute; a Mercedes&quot;, finalizou.<br \/>\n\t&nbsp;<\/div>\n<p>O <strong>GRANDE PR&Ecirc;MIO<\/strong> cobre <strong><a href=\"https:\/\/www.grandepremio.com\/br\/f1\/ao-vivo\"><span style=\"color:#ff0000\">AO VIVO, em TEMPO REAL<\/span><\/a><\/strong> e &lsquo;in loco&rsquo; os testes de pr&eacute;-temporada da F1 em Barcelona com o rep&oacute;rter Vitor Fazio. <strong><a href=\"https:\/\/www.grandepremio.com\/br\/f1\"><span style=\"color:#ff0000\">Siga tudo aqui<\/span><\/a><\/strong>.<br \/>\n&nbsp;<\/p>\n<div class=\"embed-responsive embed-responsive-16by9\">\n\t<\/div>\n<p><\/p>\n<table bgcolor=\"#ADD8E6<br \/>\n&#8221; border=&#8221;1&#8243; cellpadding=&#8221;1&#8243; cellspacing=&#8221;1&#8243; style=&#8221;width: 100%&#8221;><br \/>\n<tbody>\n<tr>\n<td>\n\t\t\t\t<span style=\"color:#000000\"><span style=\"font-size:18px\"><strong>Paddockast #49<br \/>\n\t\t\t\tRA&Iacute; CALDATO: O ARTISTA PREFERIDO DE LEWIS HAMILTON<\/strong><\/span><\/span><br \/>\n\t\t\t\t<br \/>\n\t\t\t\tOu&ccedil;a: <a href=\"http:\/\/open.spotify.com\/show\/5OBbp8MzxQymoyneX4IviF?si=gYqPr53GSaa-AcxFpOzJHg\">Spotify<\/a> | <a href=\"http:\/\/podcasts.apple.com\/br\/podcast\/paddockast\/id1371540198\">iTunes<\/a> | <a href=\"http:\/\/www.subscribeonandroid.com\/www.central3.com.br\/category\/podcasts\/paddockast\/feed\/podcast\/\">Android<\/a> | <a href=\"http:\/\/player.fm\/series\/paddockast\">playerFM<\/a><\/td>\n<\/tr>\n<\/tbody>\n<\/table>\n<div>\n\t<\/p>\n<table bgcolor=\"#E6E6E6\" border=\"0\" cellpadding=\"1\" cellspacing=\"1\" style=\"width: 100%\">\n<tbody>\n<tr>\n<td>\n<div>\n\t\t\t\t\t\t<b><span style=\"color:#FF0040\">Apoie o <strong> GRANDE PR&Ecirc;MIO<\/strong><\/span><\/b><span style=\"color:#FF0040\">: garanta o futuro do nosso jornalismo <\/span><br \/>\n\t\t\t\t\t\t<br \/>\n\t\t\t\t\t\tO<strong> GRANDE PR&Ecirc;MIO <\/strong>&eacute; a maior m&iacute;dia digital de esporte a motor do Brasil, na Am&eacute;rica Latina e em L&iacute;ngua Portuguesa, editorialmente independente. Nossa grande equipe produz conte&uacute;do di&aacute;rio e pensa em inova&ccedil;&otilde;es constantemente, e n&atilde;o s&oacute; na internet: uma das nossas atua&ccedil;&otilde;es est&aacute; na realiza&ccedil;&atilde;o de eventos, como a Copa GP de Kart. Assim, seu apoio &eacute; sempre importante.<br \/>\n\t\t\t\t\t\t<br \/>\n\t\t\t\t\t\t<a href=\"https:\/\/grandepremium.grandepremio.com\/br\/assine\" target=\"_blank\" rel=\"noopener noreferrer\">Assine o GRANDE PREMIUM<\/a>: veja os planos e o que oferecem, tenha &agrave; disposi&ccedil;&atilde;o uma s&eacute;rie de benef&iacute;cios e experi&ecirc;ncias exclusivas, e fa&ccedil;a parte de um grupo especial, a Scuderia GP, com debate em alto n&iacute;vel.<\/div>\n<\/td>\n<\/tr>\n<\/tbody>\n<\/table>\n<\/div>\n<p><\/p>\n","protected":false},"excerpt":{"rendered":"<p>O piloto espanhol revelou na semana passada que discute a renova&ccedil;&atilde;o com a McLaren, mas n&atilde;o deixou de comentar especula&ccedil;&otilde;es sobre uma poss&iacute;vel partida para a It&aacute;lia<\/p>\n","protected":false},"author":0,"featured_media":0,"comment_status":"closed","ping_status":"closed","sticky":false,"template":"","format":"standard","meta":{"42wp_featured_image_caption":"","42wp_featured_image_credits":"","42wp_featured_video":"","42wp_featured_image_hidden":false,"42wp_authors_list":[],"footnotes":""},"categories":[2],"tags":[546,118,207,157,159,158,90],"42wp_author":[47109],"class_list":["post-133070","post","type-post","status-publish","format-standard","hentry","category-f1","tag-carlos-sainz","tag-f1-2020","tag-ferrari","tag-formula-1-2020","tag-horarios-da-f1","tag-horarios-da-formula-1","tag-mclaren","42wp_author-redacao-gp"],"_links":{"self":[{"href":"https:\/\/grandepremio.com\/br\/wp-json\/wp\/v2\/posts\/133070","targetHints":{"allow":["GET"]}}],"collection":[{"href":"https:\/\/grandepremio.com\/br\/wp-json\/wp\/v2\/posts"}],"about":[{"href":"https:\/\/grandepremio.com\/br\/wp-json\/wp\/v2\/types\/post"}],"replies":[{"embeddable":true,"href":"https:\/\/grandepremio.com\/br\/wp-json\/wp\/v2\/comments?post=133070"}],"version-history":[{"count":0,"href":"https:\/\/grandepremio.com\/br\/wp-json\/wp\/v2\/posts\/133070\/revisions"}],"wp:attachment":[{"href":"https:\/\/grandepremio.com\/br\/wp-json\/wp\/v2\/media?parent=133070"}],"wp:term":[{"taxonomy":"category","embeddable":true,"href":"https:\/\/grandepremio.com\/br\/wp-json\/wp\/v2\/categories?post=133070"},{"taxonomy":"post_tag","embeddable":true,"href":"https:\/\/grandepremio.com\/br\/wp-json\/wp\/v2\/tags?post=133070"},{"taxonomy":"42wp_author","embeddable":true,"href":"https:\/\/grandepremio.com\/br\/wp-json\/wp\/v2\/42wp_author?post=133070"}],"curies":[{"name":"wp","href":"https:\/\/api.w.org\/{rel}","templated":true}]}}