{"id":133143,"date":"2020-02-24T10:59:00","date_gmt":"2020-02-24T13:59:00","guid":{"rendered":"https:\/\/grandepremio.com\/br\/noticias\/racing-point-se-ve-no-topo-da-f1-b-e-ate-a-frente-da-ferrari\/"},"modified":"2020-05-29T09:37:36","modified_gmt":"2020-05-29T12:37:36","slug":"racing-point-se-ve-no-topo-da-f1-b-e-ate-a-frente-da-ferrari","status":"publish","type":"post","link":"https:\/\/grandepremio.com\/br\/f1\/racing-point-se-ve-no-topo-da-f1-b-e-ate-a-frente-da-ferrari\/","title":{"rendered":"Racing Point se v\u00ea no topo da &#8216;F1 B&#8217;. E at\u00e9 \u00e0 frente da Ferrari"},"content":{"rendered":"\n<div class=\"embed-responsive embed-responsive-16by9\">\n\t<\/div>\n<p>\nExistem rea&ccedil;&otilde;es imediatistas em todo esporte. Na <a href=\"https:\/\/grandepremio.com\/br\/f1\"><span style=\"color:#ff0000\"><strong>F&oacute;rmula 1<\/strong><\/span><\/a>, portanto, n&atilde;o seria diferente. <strong><a href=\"https:\/\/grandepremio.com\/br\/f1\/noticias\/bottas-encerra-semana-com-1-2-da-mercedes-em-dia-de-quebras-e-problemas\"><span style=\"color:#ff0000\">E tr&ecirc;s dias de testes na pr&eacute;-temporada em Barcelona<\/span><\/a><\/strong> j&aacute; fizeram com que a <a href=\"https:\/\/grandepremio.com\/br\/f1\/noticias\/perez-destaca-quilometragem-e-ve-que-racing-point-tem-bastante-potencial\"><span style=\"color:#ff0000\"><strong>Racing Point<\/strong><\/span><\/a>, ao menos internamente, pense que o 2020 ser&aacute; de sucesso. E muito acima do esperado.<br \/>\n<br \/>\nDe acordo com a revista alem&atilde; &#039;Auto Motor und Sport&#039;, dentro da equipe rosa a ideia &eacute; a de que o <strong><a href=\"https:\/\/www.grandepremio.com\/br\/f1\/galerias\/f1-2020--lancamentos--racing-point-rp20\"><span style=\"color:#ff0000\">novo carro da equipe, o RP 20<\/span><\/a><\/strong>, tem chances de coloc&aacute;-los na parte de cima da briga na categoria.<\/p>\n<div class=\"imagem-noticia\">\n\t<img decoding=\"async\" src=\"https:\/\/www.grandepremio.com\/br\/wp-content\/uploads\/2020\/02\/20202191250426_racingpoint-perez-06_II.jpg\" title=\"Sergio P\u00e9rez (Foto: Racing Point)\" \/><\/div>\n<div class=\"legenda-imagem\">\n\t#iconeimagem Sergio P&eacute;rez (Foto: Racing Point)<\/div>\n<table bgcolor=\"#ADD8E6<br \/>\n&#8221; border=&#8221;1&#8243; cellpadding=&#8221;1&#8243; cellspacing=&#8221;1&#8243; style=&#8221;width: 100%&#8221;><br \/>\n<tbody>\n<tr>\n<td>\n\t\t\t\t<span style=\"color:#000000\"><span style=\"font-size:18px\"><strong>Paddockast #49<br \/>\n\t\t\t\tRA&Iacute; CALDATO: O ARTISTA PREFERIDO DE LEWIS HAMILTON<\/strong><\/span><\/span><br \/>\n\t\t\t\t<br \/>\n\t\t\t\tOu&ccedil;a: <a href=\"http:\/\/open.spotify.com\/show\/5OBbp8MzxQymoyneX4IviF?si=gYqPr53GSaa-AcxFpOzJHg\">Spotify<\/a> | <a href=\"http:\/\/podcasts.apple.com\/br\/podcast\/paddockast\/id1371540198\">iTunes<\/a> | <a href=\"http:\/\/www.subscribeonandroid.com\/www.central3.com.br\/category\/podcasts\/paddockast\/feed\/podcast\/\">Android<\/a> | <a href=\"http:\/\/player.fm\/series\/paddockast\">playerFM<\/a><\/td>\n<\/tr>\n<\/tbody>\n<\/table>\n<div>\n\t<br \/>\n\tMais do que isso, a revista informa que o time j&aacute; se v&ecirc;<span style=\"color:#ff0000\"> <\/span><strong><a href=\"https:\/\/grandepremio.com\/br\/f1\/noticias\/com-pilotos-no-mesmo-nivel-ferrari-diz-que-ainda-pode-ter-ordens-de-equipe\"><span style=\"color:#ff0000\">&agrave; frente da Ferrari<\/span><\/a><\/strong> e muito perto da Red Bull. E que isso significaria a lideran&ccedil;a da chamada &#039;F1 B&#039;, a parte do meio do grid.<br \/>\n\t<br \/>\n\tN&atilde;o houve declara&ccedil;&atilde;o p&uacute;blica deste pensamento, &eacute; claro. Mas express&otilde;es deste sentimento podem ser tiradas de <strong><a href=\"https:\/\/grandepremio.com\/br\/f1\/noticias\/racing-point-admite-copia-da-mercedes-e-espera-gigante-passo-a-frente-em-2020\"><span style=\"color:#ff0000\">frases como &quot;se os dados estiverem certos, daremos um gigantesco passo &agrave; frente&quot;<\/span><\/a><\/strong>, de Andy Green, diretor-t&eacute;cnico da equipe.&nbsp;<br \/>\n\t<br \/>\n\tA &uacute;nica &quot;briga imposs&iacute;vel&quot;, portanto, seria com a Mercedes, a equipe da qual a Racing Point &#039;copiou&#039; o RP 20 &#8211; com base no W10, carro de 2019 dos alem&atilde;es -, algo primeiramente admitido, <strong><a href=\"https:\/\/grandepremio.com\/br\/f1\/noticias\/diretor-da-racing-point-recua-e-diz-que-corre-risco-muito-grande-com-carro-copia\"><span style=\"color:#ff0000\">depois colocado como &quot;risco grande&quot;<\/span><\/a><\/strong>.<br \/>\n\t<\/p>\n<div class=\"embed-responsive embed-responsive-16by9\">\n\t\t<\/div>\n<p>\n\t&quot;Temos um carro muito bom. Parece completamente diferente e &eacute; melhor em todas as &aacute;reas. A instabilidade na parte traseira se foi&quot;, declarou Sergio P&eacute;rez ao analisar o RP20.&nbsp;<br \/>\n\t<br \/>\n\tMas, na compara&ccedil;&atilde;o com Ferrari e Red Bull, o mexicano foi comedido: &quot;Eles definitivamente ainda t&ecirc;m uma carta na manga. N&oacute;s n&atilde;o temos muito mais o que mudar para Melbourne.&quot;<br \/>\n\t<br \/>\n\tGreen, por&eacute;m, foi um pouco mais direto: &quot;Barcelona sempre foi um medo nosso. Agora somos bons aqui pela primeira vez. Ent&atilde;o n&atilde;o vamos ter medo em outros locais.&quot;<\/p>\n<div class=\"imagem-noticia\">\n\t\t<img decoding=\"async\" src=\"https:\/\/www.grandepremio.com\/br\/wp-content\/uploads\/2020\/02\/20202201145755_racingpoint-perez-06_II.jpg\" title=\"Sergio P\u00e9rez (Foto: Racing Point)\" \/><\/div>\n<div class=\"legenda-imagem\">\n\t\t#iconeimagem Sergio P&eacute;rez (Foto: Racing Point)<\/div>\n<p>\tA confirma&ccedil;&atilde;o das rea&ccedil;&otilde;es da Racing Point pode vir nesta semana: os tr&ecirc;s dias finais de testes ocorrem em Barcelona entre quarta-feira (26) e sexta. J&aacute; a briga real vem s&oacute; na Austr&aacute;lia, no dia 15 de mar&ccedil;o, na abertura da temporada 2020.<br \/>\n\t<br \/>\n\tO&nbsp;<strong>GRANDE PR&Ecirc;MIO<\/strong>&nbsp;cobre&nbsp;<strong><a href=\"https:\/\/www.grandepremio.com\/br\/f1\/ao-vivo\"><span>AO VIVO, em TEMPO REAL<\/span><\/a><\/strong>&nbsp;e &lsquo;in loco&rsquo; os testes de pr&eacute;-temporada da F1 em Barcelona com o rep&oacute;rter Vitor Fazio.&nbsp;<strong><a href=\"https:\/\/www.grandepremio.com\/br\/f1\/\"><span>Siga tudo aqui<\/span><\/a><\/strong>.<br \/>\n\t<\/p>\n<div class=\"embed-responsive embed-responsive-16by9\">\n\t\t<\/div>\n<p><\/p>\n<div>\n<div>\n<table bgcolor=\"#E6E6E6\" border=\"0\" cellpadding=\"1\" cellspacing=\"1\" style=\"width: 100%\">\n<tbody>\n<tr>\n<td>\n<div>\n\t\t\t\t\t\t\t\t<b><span style=\"color:#FF0040\">Apoie o <strong> GRANDE PR&Ecirc;MIO<\/strong><\/span><\/b><span style=\"color:#FF0040\">: garanta o futuro do nosso jornalismo <\/span><br \/>\n\t\t\t\t\t\t\t\t<br \/>\n\t\t\t\t\t\t\t\tO<strong> GRANDE PR&Ecirc;MIO <\/strong>&eacute; a maior m&iacute;dia digital de esporte a motor do Brasil, na Am&eacute;rica Latina e em L&iacute;ngua Portuguesa, editorialmente independente. Nossa grande equipe produz conte&uacute;do di&aacute;rio e pensa em inova&ccedil;&otilde;es constantemente, e n&atilde;o s&oacute; na internet: uma das nossas atua&ccedil;&otilde;es est&aacute; na realiza&ccedil;&atilde;o de eventos, como a Copa GP de Kart. Assim, seu apoio &eacute; sempre importante.<br \/>\n\t\t\t\t\t\t\t\t<br \/>\n\t\t\t\t\t\t\t\t<a href=\"https:\/\/grandepremium.grandepremio.com\/br\/assine\" target=\"_blank\" rel=\"noopener noreferrer\">Assine o GRANDE PREMIUM<\/a>: veja os planos e o que oferecem, tenha &agrave; disposi&ccedil;&atilde;o uma s&eacute;rie de benef&iacute;cios e experi&ecirc;ncias exclusivas, e fa&ccedil;a parte de um grupo especial, a Scuderia GP, com debate em alto n&iacute;vel.<\/div>\n<\/td>\n<\/tr>\n<\/tbody>\n<\/table><\/div><\/p><\/div>\n<\/div>\n<p><\/p>\n","protected":false},"excerpt":{"rendered":"<p>De acordo com a revista alem&atilde; &#8216;Auto Motor und Sport&#8217;, a primeira semana de testes da F&oacute;rmula 1 em Barcelona animou &#8211; e muito &#8211; a Racing Point. A ponto da equipe acreditar que deixou para tr&aacute;s uma das favoritas<\/p>\n","protected":false},"author":0,"featured_media":0,"comment_status":"closed","ping_status":"closed","sticky":false,"template":"","format":"standard","meta":{"42wp_featured_image_caption":"","42wp_featured_image_credits":"","42wp_featured_video":"","42wp_featured_image_hidden":false,"42wp_authors_list":[],"footnotes":""},"categories":[2],"tags":[304,147,118,207,180,261,485,82,310,204,648,305],"42wp_author":[47109],"class_list":["post-133143","post","type-post","status-publish","format-standard","hentry","category-f1","tag-barcelona","tag-f1","tag-f1-2020","tag-ferrari","tag-formula-1","tag-formula-um","tag-lance-stroll","tag-mercedes","tag-racing-point","tag-red-bull","tag-sergio-prez","tag-testes","42wp_author-redacao-gp"],"_links":{"self":[{"href":"https:\/\/grandepremio.com\/br\/wp-json\/wp\/v2\/posts\/133143","targetHints":{"allow":["GET"]}}],"collection":[{"href":"https:\/\/grandepremio.com\/br\/wp-json\/wp\/v2\/posts"}],"about":[{"href":"https:\/\/grandepremio.com\/br\/wp-json\/wp\/v2\/types\/post"}],"replies":[{"embeddable":true,"href":"https:\/\/grandepremio.com\/br\/wp-json\/wp\/v2\/comments?post=133143"}],"version-history":[{"count":0,"href":"https:\/\/grandepremio.com\/br\/wp-json\/wp\/v2\/posts\/133143\/revisions"}],"wp:attachment":[{"href":"https:\/\/grandepremio.com\/br\/wp-json\/wp\/v2\/media?parent=133143"}],"wp:term":[{"taxonomy":"category","embeddable":true,"href":"https:\/\/grandepremio.com\/br\/wp-json\/wp\/v2\/categories?post=133143"},{"taxonomy":"post_tag","embeddable":true,"href":"https:\/\/grandepremio.com\/br\/wp-json\/wp\/v2\/tags?post=133143"},{"taxonomy":"42wp_author","embeddable":true,"href":"https:\/\/grandepremio.com\/br\/wp-json\/wp\/v2\/42wp_author?post=133143"}],"curies":[{"name":"wp","href":"https:\/\/api.w.org\/{rel}","templated":true}]}}