{"id":133353,"date":"2019-07-25T10:15:00","date_gmt":"2019-07-25T13:15:00","guid":{"rendered":"https:\/\/grandepremio.com\/br\/noticias\/jimenez-fala-baita-oportunidade-na-formula-e-mas-estou-bem-pe-no-chao\/"},"modified":"2020-05-12T16:28:51","modified_gmt":"2020-05-12T19:28:51","slug":"jimenez-fala-baita-oportunidade-na-formula-e-mas-estou-bem-pe-no-chao","status":"publish","type":"post","link":"https:\/\/grandepremio.com\/br\/formula-e\/jimenez-fala-baita-oportunidade-na-formula-e-mas-estou-bem-pe-no-chao\/","title":{"rendered":"Jimenez fala &#8220;baita oportunidade&#8221; na F\u00f3rmula E: &#8220;Mas estou bem p\u00e9 no ch\u00e3o\u201d"},"content":{"rendered":"\n<div class=\"embed-responsive embed-responsive-16by9\">\n\t<\/div>\n<div class=\"legenda-imagem\">\n\t#iconeimagem Sergio Jimenez foi o grande campe&atilde;o do Jaguar eTrophy, categoria el&eacute;trica de turismo que corre junto com a F&oacute;rmula E. No <strong>PADDOCK GP #169<\/strong>, o piloto contou que, pela conquista, vai poder testar um dos carros de f&oacute;rmula, mas j&aacute; disse manter os p&eacute;s no ch&atilde;o com a oportunidade. <strong>ASSISTA<\/strong><\/div>\n<p><br><\/p>\n<div>\n<\/div>\n","protected":false},"excerpt":{"rendered":"<p>Sergio Jimenez vai testar um carro da F&oacute;rmula E. Campe&atilde;o do Jaguar eTrophy, ganhou o direito pela conquista, mas j&aacute; afirmou no Paddock GP que est&aacute; com os p&eacute;s no ch&atilde;o em rela&ccedil;&atilde;o a oportunidade<\/p>\n","protected":false},"author":0,"featured_media":0,"comment_status":"closed","ping_status":"closed","sticky":false,"template":"","format":"standard","meta":{"42wp_featured_image_caption":"","42wp_featured_image_credits":"","42wp_featured_video":"","42wp_featured_image_hidden":false,"42wp_authors_list":[],"footnotes":""},"categories":[19],"tags":[2166,1537,1515],"42wp_author":[47109],"class_list":["post-133353","post","type-post","status-publish","format-standard","hentry","category-formula-e","tag-jaguar-etrophy","tag-paddock-gp","tag-sergio-jimenez","42wp_author-redacao-gp"],"_links":{"self":[{"href":"https:\/\/grandepremio.com\/br\/wp-json\/wp\/v2\/posts\/133353","targetHints":{"allow":["GET"]}}],"collection":[{"href":"https:\/\/grandepremio.com\/br\/wp-json\/wp\/v2\/posts"}],"about":[{"href":"https:\/\/grandepremio.com\/br\/wp-json\/wp\/v2\/types\/post"}],"replies":[{"embeddable":true,"href":"https:\/\/grandepremio.com\/br\/wp-json\/wp\/v2\/comments?post=133353"}],"version-history":[{"count":0,"href":"https:\/\/grandepremio.com\/br\/wp-json\/wp\/v2\/posts\/133353\/revisions"}],"wp:attachment":[{"href":"https:\/\/grandepremio.com\/br\/wp-json\/wp\/v2\/media?parent=133353"}],"wp:term":[{"taxonomy":"category","embeddable":true,"href":"https:\/\/grandepremio.com\/br\/wp-json\/wp\/v2\/categories?post=133353"},{"taxonomy":"post_tag","embeddable":true,"href":"https:\/\/grandepremio.com\/br\/wp-json\/wp\/v2\/tags?post=133353"},{"taxonomy":"42wp_author","embeddable":true,"href":"https:\/\/grandepremio.com\/br\/wp-json\/wp\/v2\/42wp_author?post=133353"}],"curies":[{"name":"wp","href":"https:\/\/api.w.org\/{rel}","templated":true}]}}