{"id":133392,"date":"2020-02-20T18:20:00","date_gmt":"2020-02-20T21:20:00","guid":{"rendered":"https:\/\/grandepremio.com\/br\/noticias\/confira-declaracoes-dos-pilotos-apos-segundo-dia-de-testes-da-f1-em-barcelona\/"},"modified":"2020-05-19T18:40:27","modified_gmt":"2020-05-19T21:40:27","slug":"confira-declaracoes-dos-pilotos-apos-segundo-dia-de-testes-da-f1-em-barcelona","status":"publish","type":"post","link":"https:\/\/grandepremio.com\/br\/f1\/confira-declaracoes-dos-pilotos-apos-segundo-dia-de-testes-da-f1-em-barcelona\/","title":{"rendered":"Confira declara\u00e7\u00f5es dos pilotos ap\u00f3s segundo dia de testes da F1 em Barcelona"},"content":{"rendered":"\n<div class=\"embed-responsive embed-responsive-16by9\">\n\t<\/div>\n<p><\/p>\n<div>\n\t<strong><a href=\"https:\/\/grandepremio.com\/br\/f1\/noticias\/raikkonen-tira-perez-da-ponta-no-segundo-dia-de-testes-em-barcelona-hamilton-e-9\"><span style=\"color:#ff0000\">Kimi R&auml;ikk&ouml;nen foi o mais r&aacute;pido no segundo dia de testes<\/span><\/a><\/strong> da <strong><a href=\"https:\/\/grandepremio.com\/br\/f1\"><span style=\"color:#ff0000\">F&oacute;rmula 1<\/span><\/a><\/strong> em Barcelona. Com 1min17s091 em sua melhor volta nesta quinta-feira (20), o finland&ecirc;s colocou a Alfa Romeo na ponta da tabela, 0s256 &agrave; frente de Sergio P&eacute;rez, o segundo colocado. Daniel Ricciardo completa o top-3.<\/div>\n<div>\n\t&nbsp;<\/div>\n<div>\n\t0s821 mais lento que o l&iacute;der, Alex Albon ficou com a quarta coloca&ccedil;&atilde;o, seguido por Pierre Gasly, Sebastian Vettel, George Russell, Charles Leclerc, Lewis Hamilton e Lando Norris.&nbsp;<\/div>\n<div>\n<div class=\"imagem-noticia\">\n\t\t<img decoding=\"async\" src=\"https:\/\/www.grandepremio.com\/br\/wp-content\/uploads\/2020\/02\/20202201457296_alfaromeo-kimi-05_II.jpg\" title=\"Kimi R\u00e4ikk\u00f6nen (Foto: Twitter\/Marca)\" \/><\/div>\n<div class=\"legenda-imagem\">\n\t\t#iconeimagem Kimi R&auml;ikk&ouml;nen (Foto: Twitter\/Marca)<\/div>\n<\/div>\n<table bgcolor=\"#ADD8E6\" border=\"1\" cellpadding=\"1\" cellspacing=\"1\" style=\"width: 100%\">\n<tbody>\n<tr>\n<td>\n\t\t\t\t<span style=\"color:#000000\"><span style=\"font-size:18px\"><strong><span style=\"font-size:20px\">Paddockast #49<\/span><br \/>\n\t\t\t\tRA&Iacute; CALDATO: O ARTISTA PREFERIDO DE LEWIS HAMILTON<\/strong><\/span><br \/>\n\t\t\t\t<br \/>\n\t\t\t\tOu&ccedil;a:<\/span> <a href=\"http:\/\/open.spotify.com\/show\/5OBbp8MzxQymoyneX4IviF?si=gYqPr53GSaa-AcxFpOzJHg\"><span style=\"color:#000080\">Spotify<\/span><\/a><span style=\"color:#000080\"> <\/span><span style=\"color:#000000\">|<\/span> <a href=\"http:\/\/podcasts.apple.com\/br\/podcast\/paddockast\/id1371540198\"><span style=\"color:#000080\">iTunes<\/span><\/a><span style=\"color:#000080\"> <\/span><span style=\"color:#000000\">|<\/span> <a href=\"http:\/\/www.subscribeonandroid.com\/www.central3.com.br\/category\/podcasts\/paddockast\/feed\/podcast\/\"><span style=\"color:#000080\">Android<\/span><\/a><span style=\"color:#000080\"> <\/span><span style=\"color:#000000\">|<\/span> <a href=\"http:\/\/player.fm\/series\/paddockast\"><span style=\"color:#000080\">playerFM<\/span><\/a><\/td>\n<\/tr>\n<\/tbody>\n<\/table>\n<p><\/p>\n<div style=\"float: left;margin-right: 15px;margin-bottom:15px\">\n\t<\/div>\n<div>\n\tRomain Grosjean cravou 1min18s496 e ficou em 11&ordm;, com Esteban Ocon e Valtteri Bottas fechando a lista de 13 participantes.&nbsp;<\/div>\n<div>\n\t&nbsp;<\/div>\n<div>\n\t<strong>Confira declara&ccedil;&otilde;es dos pilotos:<\/strong><\/div>\n<div>\n\t&nbsp;<\/div>\n<div>\n\t<strong>Sergio P&eacute;rez, segundo:<\/strong>&nbsp;<strong><a href=\"https:\/\/grandepremio.com\/br\/f1\/noticias\/perez-destaca-quilometragem-mas-reconhece-que-racing-point-tem-bastante-potencial\"><span style=\"color:#ff0000\">P&eacute;rez destaca quilometragem, mas reconhece que Racing Point &ldquo;tem bastante potencial&rdquo;<\/span><\/a><\/strong><\/div>\n<div>\n<div class=\"imagem-noticia\">\n\t\t<img decoding=\"async\" src=\"https:\/\/www.grandepremio.com\/br\/wp-content\/uploads\/2020\/02\/202022013042_mercedes-lewis-05_II.jpg\" title=\"Lewis Hamilton (Foto: Mercedes)\" \/><\/div>\n<div class=\"legenda-imagem\">\n\t\t#iconeimagem Lewis Hamilton (Foto: Mercedes)<\/div>\n<\/div>\n<div>\n\t<strong>Daniel Ricciardo, terceiro:<\/strong> &ldquo;Hoje foi um dia bom para mim, me senti c&ocirc;modo no carro e estou contente com o trabalho que completamos. Tivemos um pequeno atraso no nosso programa, porque sofri um dano no assoalho ao tocar a zebra na curva 9 e tivemos que revis&aacute;-lo por precau&ccedil;&atilde;o. Ainda assim, rodamos o suficiente para ter informa&ccedil;&otilde;es positivas para a equipe, ent&atilde;o isso &eacute; positivo e uma boa base para amanh&atilde;&rdquo;.<\/div>\n<div>\n\t&nbsp;<\/div>\n<div>\n\t<strong>Alex Albon, quarto:<\/strong> &ldquo;Foi um bom primeiro dia que tive com o RB16. Depois do trabalho do Max ontem, seguimos evoluindo e testando algumas coisas. Ambos tivemos quase as mesmas impress&otilde;es, o que &eacute; bem positivo. Perdemos um tempo por um problema no motor, mas o resto do dia foi bem tranquilo. Trabalhamos no inverno em algumas &aacute;reas que estavam nos prejudicando um pouco, me senti muito bem no carro desde o in&iacute;cio. Foi &oacute;timo voltar ao carro, estou me sentindo bem e forte&quot;.<\/div>\n<div>\n\t&nbsp;<\/div>\n<div>\n\t<strong>Pierre Gasly, quinto:<\/strong> &ldquo;Estou contente com o dia de hoje. Senti muita falta de estar atr&aacute;s do volante. O objetivo era fazer o m&aacute;ximo de voltas poss&iacute;vel, pois este ano temos menos dias de pr&eacute;-temporada, temos de ser mais eficientes e cobrir mais coisas. No geral, podemos estar satisfeito com a forma como as coisas funcionaram no carro. N&oacute;s provamos mais coisas em rela&ccedil;&atilde;o ao ano passado, tamb&eacute;m em termos de pilotagem, entendemos tudo e conseguimos resultados positivos. T&ecirc;m muitas &aacute;reas para explorar, ent&atilde;o precisamos focar nisso. Acho que estamos numa boa dire&ccedil;&atilde;o para os pr&oacute;ximos dois dias. Agora temos de estudar tudo&rdquo;.<\/div>\n<div>\n\t&nbsp;<\/div>\n<div>\n\t<strong>Sebastian Vettel, sexto:<\/strong>&nbsp;<strong><a href=\"https:\/\/grandepremio.com\/br\/f1\/noticias\/vettel-celebra-primeiro-contato-com-nova-ferrari-conseguimos-as-respostas-que-buscavamos\"><span style=\"color:#ff0000\">Vettel celebra primeiro contato com nova Ferrari: &ldquo;Conseguimos as respostas que busc&aacute;vamos&rdquo;<\/span><\/a><\/strong><\/div>\n<div>\n\t&nbsp;<\/div>\n<div>\n\t<strong>George Russell, s&eacute;timo:<\/strong> &ldquo;Foi um dia produtivo. N&oacute;s provamos muitas novidades aerodin&acirc;micas para entender se os resultados coincidem com os do t&uacute;nel de vento e do CFD. N&oacute;s aproveitamos a manh&atilde; para rodar bastante, o que &eacute; ben&eacute;fico a curto prazo e produtivo para os trechos longos. N&oacute;s tivemos um pequeno problema que nos atrasou na sess&atilde;o da tarde. Apesar de nem tudo ter corrido com planejado, foi produtivo. Os testes de inverno s&atilde;o para isso. Vamos seguir trabalhando para extrair o m&aacute;ximo desses seis dias de teste&rdquo;.<\/div>\n<div>\n\t&nbsp;<\/div>\n<div>\n\t<strong>Lewis Hamilton, nono:<\/strong>&nbsp;<a href=\"https:\/\/grandepremio.com\/br\/f1\/noticias\/hamilton-se-empolga-com-testes-a-ponto-de-treinar-ate-pneus-acabarem\"><span style=\"color:#ff0000\"><strong>Hamilton se empolga com testes. A ponto de treinar at&eacute; pneus acabarem<\/strong><\/span><\/a><\/div>\n<div>\n\t<br \/>\n\t#GALERIA(10032)<br \/>\n\t&nbsp;<\/div>\n<div>\n\t<strong>Lando Norris, d&eacute;cimo:<\/strong>&nbsp;<strong><a href=\"https:\/\/grandepremio.com\/br\/f1\/noticias\/norris-evita-comentar-carros-clonados-e-diz-que-mclaren-nao-deve-copiar-os-outros\"><span style=\"color:#ff0000\">Norris evita comentar carros clonados e diz que McLaren &ldquo;n&atilde;o deve copiar os outros&rdquo;<\/span><\/a><\/strong><\/div>\n<div>\n\t&nbsp;<\/div>\n<div>\n\t<strong>Romain Grosjean, 11&ordm;:<\/strong> &ldquo;&Eacute; positivo ver que o plano de rodagem correu bem, com tantas voltas. Isso &eacute; o que importa com dois dias a menos de testes. D&aacute; para ver que o carro &eacute; muito confi&aacute;vel. Foi um dia positivo, com testes no carro para ver onde ele chega. De manh&atilde;, sempre &eacute; complicado colocar os pneus na temperatura, tamb&eacute;m quando o sol baixa. Agora vamos analisar as op&ccedil;&otilde;es para o plano de amanh&atilde;. N&atilde;o vamos nos concentrar no rendimento, isso ser&aacute; para a semana que vem. Agora temos simplesmente de pilotar o carro e aprender tudo que pudermos&rdquo;.<\/div>\n<div>\n\t&nbsp;<\/div>\n<div>\n\t<strong>Valtteri Bottas, 13&ordm;:<\/strong> &ldquo;Completamos 77 voltas, um bom n&uacute;mero. Mas tivemos a tarde interrompida por um problema que complicou um pouco nosso dia, mas foi um dia de aprendizado, de qualquer jeito. Tivemos boa quilometragem e quase completamos uma simula&ccedil;&atilde;o toda de corrida. Conseguimos bastante experi&ecirc;ncia e muitas informa&ccedil;&otilde;es para seguir desenvolvendo o carro. Para mim, pessoalmente, temos muito o que aprender com as simula&ccedil;&otilde;es de corrida. O carro est&aacute; indo bem, espero um dia sem incidentes amanh&atilde;&quot;.<\/div>\n<p><\/p>\n<div class=\"embed-responsive embed-responsive-16by9\">\n\t<\/div>\n<p><\/p>\n<table bgcolor=\"#E6E6E6\" border=\"0\" cellpadding=\"1\" cellspacing=\"1\" style=\"width: 100%\">\n<tbody>\n<tr>\n<td>\n<div>\n\t\t\t\t\t<b><span style=\"color:#FF0040\">Apoie o <strong> GRANDE PR&Ecirc;MIO<\/strong><\/span><\/b><span style=\"color:#FF0040\">: garanta o futuro do nosso jornalismo <\/span><br \/>\n\t\t\t\t\t<br \/>\n\t\t\t\t\tO<strong> GRANDE PR&Ecirc;MIO <\/strong>&eacute; a maior m&iacute;dia digital de esporte a motor do Brasil, na Am&eacute;rica Latina e em L&iacute;ngua Portuguesa, editorialmente independente. Nossa grande equipe produz conte&uacute;do di&aacute;rio e pensa em inova&ccedil;&otilde;es constantemente, e n&atilde;o s&oacute; na internet: uma das nossas atua&ccedil;&otilde;es est&aacute; na realiza&ccedil;&atilde;o de eventos, como a Copa GP de Kart. Assim, seu apoio &eacute; sempre importante.<br \/>\n\t\t\t\t\t<br \/>\n\t\t\t\t\t<a href=\"https:\/\/grandepremium.grandepremio.com\/br\/assine\" target=\"_blank\" rel=\"noopener noreferrer\">Assine o GRANDE PREMIUM<\/a>: veja os planos e o que oferecem, tenha &agrave; disposi&ccedil;&atilde;o uma s&eacute;rie de benef&iacute;cios e exper&ecirc;ncias exclusivas, e fa&ccedil;a parte de um grupo especial, a Scuderia GP, com debate em alto n&iacute;vel.<\/div>\n<\/td>\n<\/tr>\n<\/tbody>\n<\/table>\n<p><\/p>\n","protected":false},"excerpt":{"rendered":"<p>Kimi R&auml;ikk&ouml;nen foi o l&iacute;der no segundo dia de testes da F&oacute;rmula 1 em Barcelona. O finland&ecirc;s colocou a Alfa Romeo na ponta da tabela desta quinta-feira (20) com 0s256 melhor que Sergio P&eacute;rez, o segundo colocado. Daniel Ricciardo fecha o top-3<\/p>\n","protected":false},"author":0,"featured_media":0,"comment_status":"closed","ping_status":"closed","sticky":false,"template":"","format":"standard","meta":{"42wp_featured_image_caption":"","42wp_featured_image_credits":"","42wp_featured_video":"","42wp_featured_image_hidden":false,"42wp_authors_list":[],"footnotes":""},"categories":[2],"tags":[457,1877,147,118,278,12014],"42wp_author":[47109],"class_list":["post-133392","post","type-post","status-publish","format-standard","hentry","category-f1","tag-alfa-romeo","tag-espanha","tag-f1","tag-f1-2020","tag-horrio-f1-2020","tag-teste-barcelona","42wp_author-redacao-gp"],"_links":{"self":[{"href":"https:\/\/grandepremio.com\/br\/wp-json\/wp\/v2\/posts\/133392","targetHints":{"allow":["GET"]}}],"collection":[{"href":"https:\/\/grandepremio.com\/br\/wp-json\/wp\/v2\/posts"}],"about":[{"href":"https:\/\/grandepremio.com\/br\/wp-json\/wp\/v2\/types\/post"}],"replies":[{"embeddable":true,"href":"https:\/\/grandepremio.com\/br\/wp-json\/wp\/v2\/comments?post=133392"}],"version-history":[{"count":0,"href":"https:\/\/grandepremio.com\/br\/wp-json\/wp\/v2\/posts\/133392\/revisions"}],"wp:attachment":[{"href":"https:\/\/grandepremio.com\/br\/wp-json\/wp\/v2\/media?parent=133392"}],"wp:term":[{"taxonomy":"category","embeddable":true,"href":"https:\/\/grandepremio.com\/br\/wp-json\/wp\/v2\/categories?post=133392"},{"taxonomy":"post_tag","embeddable":true,"href":"https:\/\/grandepremio.com\/br\/wp-json\/wp\/v2\/tags?post=133392"},{"taxonomy":"42wp_author","embeddable":true,"href":"https:\/\/grandepremio.com\/br\/wp-json\/wp\/v2\/42wp_author?post=133392"}],"curies":[{"name":"wp","href":"https:\/\/api.w.org\/{rel}","templated":true}]}}