{"id":13358,"date":"2026-01-05T10:47:00","date_gmt":"2026-01-05T13:47:00","guid":{"rendered":"https:\/\/grandepremio.com\/br\/noticias\/seth-quintero-comanda-dominio-toyota-2a-etapa-dakar-2026-lucas-moraes-20o\/"},"modified":"2026-01-05T11:13:06","modified_gmt":"2026-01-05T14:13:06","slug":"seth-quintero-comanda-dominio-toyota-2a-etapa-dakar-2026-lucas-moraes-20o","status":"publish","type":"post","link":"https:\/\/grandepremio.com\/br\/rally\/seth-quintero-comanda-dominio-toyota-2a-etapa-dakar-2026-lucas-moraes-20o\/","title":{"rendered":"Quintero comanda dom\u00ednio da Toyota na 2\u00aa etapa do Dakar 2026. Lucas Moraes \u00e9 20\u00ba"},"content":{"rendered":"\n<p class=\"wp-block-paragraph\"><strong>2\u00aa etapa:<\/strong>\u00a0Yanbu \u27a1\ufe0f Al\u2019Ula<br><strong>Deslocamento:<\/strong>\u00a0104 km<br><strong>Trecho cronometrado:<\/strong>\u00a0400 km<br><strong>Percurso total:<\/strong>\u00a0504 km<\/p>\n\n\n\n<p class=\"wp-block-paragraph\"><strong>Seth Quintero<\/strong> comandou a rea\u00e7\u00e3o da <strong>Toyota<\/strong> no <strong>Dakar 2026<\/strong> e venceu a segunda especial da prova entre os carros. O norte-americano liderou um dom\u00ednio expressivo da marca japonesa, que ocupou quatro das cinco primeiras posi\u00e7\u00f5es na etapa de 400 km entre Yanbu e Al-Ula, enquanto <strong>Nasser Al-Attiyah<\/strong> assumiu a lideran\u00e7a da classifica\u00e7\u00e3o geral. O brasileiro <strong>Lucas Moraes<\/strong> teve dia complicado e chegou apenas na 20\u00aa posi\u00e7\u00e3o.<\/p>\n\n\n\n<p class=\"wp-block-paragraph\">Ap\u00f3s um in\u00edcio complicado no domingo, a Toyota mostrou for\u00e7a logo na segunda-feira. O <strong>Hilux <\/strong>apareceu como refer\u00eancia desde os primeiros quil\u00f4metros, com <strong>Saood Variawa<\/strong> liderando os 100 km iniciais antes de Quintero assumir a ponta no quarto ponto de controle, aos 143 km da especial.<\/p>\n\n\n\n<p class=\"wp-block-paragraph\">Variawa ainda se manteve pr\u00f3ximo durante boa parte do trecho, mas perdeu ritmo na parte final e caiu cerca de sete minutos, abrindo caminho para Quintero administrar a vantagem at\u00e9 a chegada. O piloto dos Estados Unidos venceu com 1min42s de frente e conquistou apenas a terceira vit\u00f3ria da carreira em especiais na categoria Ultimate do Dakar.<\/p>\n\n\n\n<p class=\"wp-block-paragraph\">Com a queda de rendimento de Variawa, <strong>Henk Lategan<\/strong> herdou a segunda coloca\u00e7\u00e3o ainda no pen\u00faltimo checkpoint e confirmou o resultado at\u00e9 o fim. O p\u00f3dio da etapa foi completado por <strong>Yazeed Al-Rajhi<\/strong>, atual campe\u00e3o do Dakar, que se recuperou depois de um domingo desastroso, marcado por erros e penaliza\u00e7\u00f5es que lhe custaram quase 30 minutos.<\/p>\n\n\n\n<figure class=\"wp-block-image size-large\"><img decoding=\"async\" src=\"https:\/\/www.grandepremio.com\/br\/wp-content\/uploads\/2026\/01\/SI202601040080-1200x800.jpg\" alt=\"\" class=\"wp-image-1047472\"\/><figcaption class=\"wp-element-caption\">Seth Quintero assumiu a ponta na marca de 143 km e n\u00e3o perdeu mais (Foto: Red Bull Content Pool)<\/figcaption><\/figure>\n\n\n\n<p class=\"wp-block-paragraph\">A Toyota ainda colocou dois carros nas posi\u00e7\u00f5es seguintes. <strong>Toby Price<\/strong>, vencedor do Dakar nas motos, terminou em quarto com o Hilux do time W2RC, logo \u00e0 frente de <strong>Jo\u00e3o Ferreira<\/strong>, melhor representante da Toyota South Africa. O portugu\u00eas enfrentou problemas com pneus, situa\u00e7\u00e3o comum ao longo de uma especial marcada por trechos bastante exigentes.<\/p>\n\n\n\n<p class=\"wp-block-paragraph\">O melhor n\u00e3o-Toyota do dia foi <strong>S\u00e9bastien Loeb<\/strong>. O nove vezes campe\u00e3o mundial de rali terminou em sexto com o <strong>Dacia Sandrider<\/strong>, a cerca de seis minutos de Quintero. Logo atr\u00e1s veio Al-Attiyah, que perdeu tempo ainda no primeiro ter\u00e7o da especial, mas conseguiu se recuperar e minimizar os preju\u00edzos.<\/p>\n\n\n\n<p class=\"wp-block-paragraph\">O top-10 da etapa foi completado por mais tr\u00eas carros da Toyota: <strong>Michal Goczal<\/strong> terminou em oitavo, com <strong>Saood Variawa<\/strong> em nono ap\u00f3s a queda de ritmo no fim, enquanto <strong>Eryk Goczal<\/strong> fechou a lista em d\u00e9cimo.<\/p>\n\n\n\n<p class=\"wp-block-paragraph\">Vencedor da primeira especial, <strong>Guillaume de Mevius<\/strong> n\u00e3o repetiu o desempenho e ficou apenas em 11\u00ba com a <strong>Mini<\/strong>, perdendo mais de oito minutos para o vencedor. A <strong>Ford <\/strong>tamb\u00e9m teve um dia discreto: <strong>Mattias Ekstr\u00f6m<\/strong>, vencedor do pr\u00f3logo, foi apenas 12\u00ba, enquanto <strong>Carlos Sainz<\/strong> terminou em 14\u00ba.<\/p>\n\n\n\n<figure class=\"wp-block-image size-large\"><img decoding=\"async\" src=\"https:\/\/www.grandepremio.com\/br\/wp-content\/uploads\/2026\/01\/SI202601050067-1200x800.jpg\" alt=\"\" class=\"wp-image-1047471\"\/><figcaption class=\"wp-element-caption\">Lucas Moraes foi apenas o 20\u00ba na segunda etapa do Dakar (Foto: Red Bull Content Pool)<\/figcaption><\/figure>\n\n\n\n<p class=\"wp-block-paragraph\">Atual campe\u00e3o mundial de Rali-Raid, Lucas Moraes viveu uma etapa complicada nesta segunda. Segundo relatos, o brasileiro da Dacia teve dois furos de pneus, um erro de navega\u00e7\u00e3o e ainda teve um semi eixo quebrado nos \u00faltimos 10 km da etapa. Com isso, fechou o dia no 20\u00ba lugar.<\/p>\n\n\n\n<p class=\"wp-block-paragraph\">Na classifica\u00e7\u00e3o geral, Al-Attiyah assumiu a lideran\u00e7a ap\u00f3s duas etapas consistentes. O piloto do Dacia tem apenas sete segundos de vantagem sobre Quintero, que se recuperou bem ap\u00f3s terminar a primeira especial apenas em 18\u00ba por conta de uma puni\u00e7\u00e3o por excesso de velocidade.<\/p>\n\n\n\n<p class=\"wp-block-paragraph\">De Mevius aparece em terceiro no acumulado, a 1min09s do l\u00edder, seguido por Lategan, a mais 19s. Loeb completa o top-5 geral, \u00e0 frente da dupla da Toyota formada por Ferreira e Price. Ekstr\u00f6m \u00e9 o melhor piloto da Ford, em oitavo, a 4min04s da ponta, enquanto Variawa e Carlos Sainz fecham o top-10.<\/p>\n\n\n\n<p class=\"wp-block-paragraph\">O Dakar segue na ter\u00e7a-feira (6), com uma especial em Al\u2019Ula. Os competidores v\u00e3o encarar 422 km contra o rel\u00f3gio, em um percurso total de 666 km.<\/p>\n\n\n\n<p class=\"wp-block-paragraph\">\u25b6\ufe0f&nbsp;<strong>Inscreva-se nos dois canais do GRANDE PR\u00caMIO no YouTube:&nbsp;<a href=\"https:\/\/www.youtube.com\/channel\/UC9OlHEgxoaY6QY6nWPoiqQg?sub_confirmation=1\" target=\"_blank\" rel=\"noreferrer noopener\">GP<\/a>&nbsp;|&nbsp;<a href=\"https:\/\/www.youtube.com\/channel\/UC9csiS6q_C3C0FYhyr1rnFA?sub_confirmation=1\" target=\"_blank\" rel=\"noreferrer noopener\">GP2<\/a><\/strong><br>\u25b6\ufe0f&nbsp;<strong>LEIA:&nbsp;<\/strong><a href=\"https:\/\/www.grandepremio.com\/br\/rally\/noticias\/dakar-abre-2025-esporte-motor-veteranos-alta-lucas-moraes-briga\/\"><\/a><strong><a href=\"https:\/\/www.grandepremio.com\/br\/rally\/noticias\/guia-2026-carlos-sainz-sebastien-loeb-redencao-esquecivel-dakar-2025\/\">GUIA 2026: Sainz e Loeb buscam reden\u00e7\u00e3o ap\u00f3s participa\u00e7\u00e3o esquec\u00edvel no Dakar 2025<\/a><\/strong><a href=\"https:\/\/www.grandepremio.com\/br\/chefao\/\" target=\"_blank\" rel=\"noreferrer noopener\"><\/a><\/p>\n","protected":false},"excerpt":{"rendered":"<p>Toyota dominou pelot\u00e3o dianteiro dos carros, com Seth Quintero levando a melhor sobre Henk Lategan. Brasileiro Lucas Moraes teve dia com problemas e terminou apenas no 20\u00ba lugar<\/p>\n","protected":false},"author":0,"featured_media":1001047469,"comment_status":"closed","ping_status":"closed","sticky":false,"template":"","format":"standard","meta":{"42wp_featured_image_caption":"","42wp_featured_image_credits":"","42wp_featured_video":"","42wp_featured_image_hidden":false,"42wp_authors_list":[],"footnotes":""},"categories":[5],"tags":[37807,37806,546,6791,37723,37500,853,1491,28285,27016,37808,3787,13058,1002,30457,1004,37809,30460,618,45543,45564,5171,31345,1067,178,37900],"42wp_author":[47164],"class_list":["post-13358","post","type-post","status-publish","format-standard","has-post-thumbnail","hentry","category-rally","tag-calendario-dakar","tag-calendario-rali-dakar","tag-carlos-sainz","tag-classificacao-dakar","tag-classificacao-rali-dakar","tag-dacia","tag-dakar","tag-grande-premio","tag-grandepremio","tag-henk-lategan","tag-horarios-dakar","tag-lucas-moraes","tag-mattias-ekstrom","tag-mini","tag-motos-dakar","tag-nasser-al-attiyah","tag-onde-assistir-dakar","tag-quadriciclos-dakar","tag-rali-dakar","tag-rali-dakar-2026","tag-rali-dakar-hoje","tag-sebastien-loeb","tag-temporada-2026","tag-toby-price","tag-toyota","tag-utvs-dakar","42wp_author-marcos-gil-ribeiro"],"_links":{"self":[{"href":"https:\/\/grandepremio.com\/br\/wp-json\/wp\/v2\/posts\/13358","targetHints":{"allow":["GET"]}}],"collection":[{"href":"https:\/\/grandepremio.com\/br\/wp-json\/wp\/v2\/posts"}],"about":[{"href":"https:\/\/grandepremio.com\/br\/wp-json\/wp\/v2\/types\/post"}],"replies":[{"embeddable":true,"href":"https:\/\/grandepremio.com\/br\/wp-json\/wp\/v2\/comments?post=13358"}],"version-history":[{"count":0,"href":"https:\/\/grandepremio.com\/br\/wp-json\/wp\/v2\/posts\/13358\/revisions"}],"wp:featuredmedia":[{"embeddable":true,"href":"https:\/\/grandepremio.com\/br\/wp-json\/wp\/v2\/media\/1001047469"}],"wp:attachment":[{"href":"https:\/\/grandepremio.com\/br\/wp-json\/wp\/v2\/media?parent=13358"}],"wp:term":[{"taxonomy":"category","embeddable":true,"href":"https:\/\/grandepremio.com\/br\/wp-json\/wp\/v2\/categories?post=13358"},{"taxonomy":"post_tag","embeddable":true,"href":"https:\/\/grandepremio.com\/br\/wp-json\/wp\/v2\/tags?post=13358"},{"taxonomy":"42wp_author","embeddable":true,"href":"https:\/\/grandepremio.com\/br\/wp-json\/wp\/v2\/42wp_author?post=13358"}],"curies":[{"name":"wp","href":"https:\/\/api.w.org\/{rel}","templated":true}]}}