{"id":133611,"date":"2020-02-18T16:45:00","date_gmt":"2020-02-18T19:45:00","guid":{"rendered":"https:\/\/grandepremio.com\/br\/noticias\/diarios-de-viagem-dos-trens-perdidos-ao-carma-pelos-saxofonistas-da-estacao\/"},"modified":"2020-05-29T09:41:57","modified_gmt":"2020-05-29T12:41:57","slug":"diarios-de-viagem-dos-trens-perdidos-ao-carma-pelos-saxofonistas-da-estacao","status":"publish","type":"post","link":"https:\/\/grandepremio.com\/br\/f1\/diarios-de-viagem-dos-trens-perdidos-ao-carma-pelos-saxofonistas-da-estacao\/","title":{"rendered":"Di\u00e1rios de Viagem: Dos trens perdidos ao carma pelos saxofonistas da esta\u00e7\u00e3o"},"content":{"rendered":"\n<div>\n\tF&oacute;rmula 1. Glamour. Camarotes. Ta&ccedil;as de Martini. Ricos de meia idade apresentando os excelentes resultados do bronzeamento artificial mais recente enquanto acenam para as c&acirc;meras na companhia de esposas ao menos uns 15 anos mais jovens. Isso tudo faz parte do mesmo imagin&aacute;rio, o de uma F1 que gosta de esbanjar, n&atilde;o de esconder. Isso, entretanto, parece restrito a um grupo seleto de pessoas que frequenta o paddock. Para a classe jornal&iacute;stica, o buraco &eacute; mais fundo. Ou ao menos para mim, Vitor Fazio, que toco a cobertura &lsquo;in loco&rsquo; do <strong>GRANDE PR&Ecirc;MIO<\/strong> na pr&eacute;-temporada em Barcelona.<\/div>\n<div>\n\t&nbsp;<\/div>\n<div>\n\tPara come&ccedil;o de conversa, a cobertura cansa antes mesmo da largada propriamente dita. A ter&ccedil;a-feira deste que vos escreve teve um despertar &agrave;s 8h, mas com chegada ao destino final apenas umas dez horas depois. Comecei precisando cruzar Berlim, onde vivo, somente para chegar ao aeroporto. &Eacute; um pouco reclamar de barriga cheia, mas j&aacute; n&atilde;o estava exatamente em &ecirc;xtase. Pessoas ansiosas v&atilde;o se relacionar facilmente com a necessidade de chegar ao aeroporto ao menos duas horas antes da decolagem, sob risco de acreditar que o mundo desabar&aacute; e que tudo ficar&aacute; fadado ao fracasso. N&atilde;o me atrasei pro voo. Nem perto. Mas se perguntar para o meu eu de hoje cedo, juraria de p&eacute; junto que 10 minutos a mais antes de sair de casa colocariam tudo a perder.<\/div>\n<div>\n\t&nbsp;<\/div>\n<div>\n\tMinutos e segundos de fato fariam alguma diferen&ccedil;a, mas isso estava reservado para as horas seguintes.<\/div>\n<div>\n<div class=\"imagem-noticia\">\n\t\t<img decoding=\"async\" src=\"https:\/\/www.grandepremio.com\/br\/wp-content\/uploads\/2020\/02\/20202181624919_20190301_215601_II.jpg\" title=\"(Foto: Vitor Fazio)\" \/><\/div>\n<div class=\"legenda-imagem\">\n\t\t#iconeimagem O objetivo final era conseguir minhas credenciais, aqui vistas em foto de 2019 (Foto: Vitor Fazio)<\/div>\n<div style=\"float: left;margin-right: 15px;margin-bottom:15px\">\n\t\t<\/div>\n<p>\tAterrisei no Barcelona-El Prat por volta das 15h50. N&atilde;o tive tempo para vadiar: meu destino estava 31 km distante e queria chegar ao glorioso, um Airbnb, antes das 18h. Esse era o hor&aacute;rio em que a &aacute;rea de credenciamento para imprensa fecharia, s&oacute; abrindo novamente amanh&atilde; cedo. Seria apertado, mas o desenrolar dos acontecimentos deixou claro que n&atilde;o tinha motivos para d&uacute;vidas. N&atilde;o pelo bem, mas porque n&atilde;o chegaria de jeito nenhum ao vilarejo de Montmel&oacute; a tempo.<\/p><\/div>\n<div>\n\t&nbsp;<\/div>\n<div>\n\tNa sa&iacute;da do aeroporto, precisava pegar a linha de trem R2 Nord para chegar &agrave; regi&atilde;o central de Barcelona, na esta&ccedil;&atilde;o Sants. Pelos meus c&aacute;lculos, perdi o trem por uns cinco minutos. O pr&oacute;ximo, s&oacute; 30 minutos depois. Mantive a compostura. Afinal, ainda era muito legal pensar que estava de volta a Barcelona para uma nova cobertura &lsquo;in loco&rsquo;. Mantive meu &acirc;nimo quando, no trem seguinte, dois caras come&ccedil;aram a cantar &#039;Fernando&#039; do ABBA com aux&iacute;lio valoroso de seus saxofones enquanto pediam dinheiro. Though we never thought that we could lose, there&rsquo;s no regret. N&atilde;o dei esmola porque come&ccedil;aram a tocar U2 depois, e a&iacute; ningu&eacute;m merece.<\/div>\n<div>\n\t&nbsp;<\/div>\n<div>\n\tEnfim, cheguei &agrave; esta&ccedil;&atilde;o de Sants. &Eacute; uma das maiores da cidade, com diversas plataformas aliadas ao vuco-vuco digno de hora do rush. Precisava achar a &aacute;rea da linha R3, que me levaria at&eacute; a singela Parets del Vall&egrave;s. Trata-se de uma cidade ao lado de Montmel&oacute;, que viria a servir como meu QG ao longo dos pr&oacute;ximos 11 dias.<\/div>\n<div>\n<div class=\"imagem-noticia\">\n\t\t<img decoding=\"async\" src=\"https:\/\/www.grandepremio.com\/br\/wp-content\/uploads\/2020\/02\/20202181624528_20200218_170604_II.jpg\" title=\"(Foto: Vitor Fazio)\" \/><\/div>\n<div class=\"legenda-imagem\">\n\t\t#iconeimagem Nada mais agrad&aacute;vel do que esperar 30 minutos numa esta&ccedil;&atilde;o de trem (Foto: Vitor Fazio)<\/div>\n<div style=\"float: left;margin-right: 15px;margin-bottom:15px\">\n\t\t<\/div>\n<p>\tNa confus&atilde;o, sabia que tinha tempo apertado para pegar o R3 na dire&ccedil;&atilde;o certa. Desci em Sants &agrave;s 17h e precisava embarcar no pr&oacute;ximo &agrave;s 17h02. Talvez em uma esp&eacute;cie de carma por n&atilde;o ter dado esmola aos saxofonistas, cheguei na esta&ccedil;&atilde;o por volta de 17h02min15s. Foi suficiente para ver a porta fechada em definitivo e o trem partindo. N&atilde;o olhei ao redor, mas tenho certeza de que todo mundo achou engra&ccedil;ad&iacute;ssimo ver aquele latino estranho com uma mala de 10 kg fazendo cara de bunda. A cereja no bolo &eacute; que o pr&oacute;ximo R3 s&oacute; viria &agrave;s 17h32, daqui 30 minutos. Vou manter a civilidade e evitar dizer o que queria fazer com meus dedos naquela hora.<\/p><\/div>\n<div>\n\t&nbsp;<\/div>\n<div>\n\tPartindo &agrave;s 17h32 para um trajeto de quase 50 minutos, n&atilde;o havia chance alguma de fazer o credenciamento. Precisaria ainda deixar as bagagens em Parets e pegar um t&aacute;xi at&eacute; Montmel&oacute;. Nem fodendo. A consequ&ecirc;ncia existe, mas n&atilde;o &eacute; das piores. Vou precisar ir ao aut&oacute;dromo por volta de uma hora antes do previsto amanh&atilde;, e &eacute; isso.<\/div>\n<div>\n\t&nbsp;<\/div>\n<div>\n\tNo momento, escrevo esse texto usando uma t&aacute;bua de passar roupa como mesa. Ainda n&atilde;o tomei banho e preciso urgentemente. Nem abrir bagagem fiz ainda. Mas tudo bem. A expectativa para ver os primeiros passos na temporada 2020 da F1 faz at&eacute; a gente aceitar um despertar pouco antes das 6h da matina.<\/div>\n<div>\n\t&nbsp;<\/div>\n<div class=\"embed-responsive embed-responsive-16by9\">\n\t<\/div>\n<p><\/p>\n<table bgcolor=\"#990033\" border=\"1\" cellpadding=\"1\" cellspacing=\"1\" style=\"width: 100%\">\n<\/table>\n<table bgcolor=\"#add8e6<\/p>\n<p>&#8221; border=&#8221;1&#8243; cellpadding=&#8221;1&#8243; cellspacing=&#8221;1&#8243; style=&#8221;width: 100%&#8221;><\/p>\n<tbody>\n<tr>\n<td>\n\t\t\t\t<span style=\"color:#000000\"><span style=\"font-size:18px\"><strong>Paddockast #48<br \/>\n\t\t\t\tMELHORES PILOTOS BRASILEIROS DA D&Eacute;CADA<\/strong><\/span><\/span><br \/>\n\t\t\t\t<br \/>\n\t\t\t\tOu&ccedil;a: <a href=\"http:\/\/open.spotify.com\/show\/5OBbp8MzxQymoyneX4IviF?si=gYqPr53GSaa-AcxFpOzJHg\">Spotify<\/a> | <a href=\"http:\/\/podcasts.apple.com\/br\/podcast\/paddockast\/id1371540198\">iTunes<\/a> | <a href=\"http:\/\/www.subscribeonandroid.com\/www.central3.com.br\/category\/podcasts\/paddockast\/feed\/podcast\/\">Android<\/a> | <a href=\"http:\/\/player.fm\/series\/paddockast\">playerFM<\/a><\/td>\n<\/tr>\n<\/tbody>\n<\/table>\n<p><\/p>\n<table bgcolor=\"#E6E6E6\" border=\"0\" cellpadding=\"1\" cellspacing=\"1\" style=\"width: 100%\">\n<tbody>\n<tr>\n<td>\n<div>\n\t\t\t\t\t<b><span style=\"color:#FF0040\">Apoie o <strong> GRANDE PR&Ecirc;MIO<\/strong><\/span><\/b><span style=\"color:#FF0040\">: garanta o futuro do nosso jornalismo <\/span><br \/>\n\t\t\t\t\t<br \/>\n\t\t\t\t\tO<strong> GRANDE PR&Ecirc;MIO <\/strong>&eacute; a maior m&iacute;dia digital de esporte a motor do Brasil, na Am&eacute;rica Latina e em L&iacute;ngua Portuguesa, editorialmente independente. Nossa grande equipe produz conte&uacute;do di&aacute;rio e pensa em inova&ccedil;&otilde;es constantemente, e n&atilde;o s&oacute; na internet: uma das nossas atua&ccedil;&otilde;es est&aacute; na realiza&ccedil;&atilde;o de eventos, como a Copa GP de Kart. Assim, seu apoio &eacute; sempre importante.<br \/>\n\t\t\t\t\t<br \/>\n\t\t\t\t\t<a href=\"https:\/\/grandepremium.grandepremio.com\/br\/assine\" target=\"_blank\" rel=\"noopener noreferrer\">Assine o GRANDE PREMIUM<\/a>: veja os planos e o que oferecem, tenha &agrave; disposi&ccedil;&atilde;o uma s&eacute;rie de benef&iacute;cios e experi&ecirc;ncias exclusivas, e fa&ccedil;a parte de um grupo especial, a Scuderia GP, com debate em alto n&iacute;vel.<\/div>\n<\/td>\n<\/tr>\n<\/tbody>\n<\/table>\n<p><\/p>\n","protected":false},"excerpt":{"rendered":"<p>Um dia antes do in&iacute;cio oficial da cobertura &lsquo;in loco&rsquo; do GRANDE PR&Ecirc;MIO em Barcelona, precisava cruzar 31 km na miss&atilde;o de coletar credenciais no aut&oacute;dromo. S&oacute; consegui perder dois trens por pouco, ficar atrasado e perder o hor&aacute;rio. Acho que foi carma depois de n&atilde;o dar dinheiro para dois saxofonistas na esta&ccedil;&atilde;o<\/p>\n","protected":false},"author":0,"featured_media":0,"comment_status":"closed","ping_status":"closed","sticky":false,"template":"","format":"standard","meta":{"42wp_featured_image_caption":"","42wp_featured_image_credits":"","42wp_featured_video":"","42wp_featured_image_hidden":false,"42wp_authors_list":[],"footnotes":""},"categories":[2],"tags":[304,3624,306],"42wp_author":[47118],"class_list":["post-133611","post","type-post","status-publish","format-standard","hentry","category-f1","tag-barcelona","tag-catalunha","tag-pr-temporada","42wp_author-vitor-fazio"],"_links":{"self":[{"href":"https:\/\/grandepremio.com\/br\/wp-json\/wp\/v2\/posts\/133611","targetHints":{"allow":["GET"]}}],"collection":[{"href":"https:\/\/grandepremio.com\/br\/wp-json\/wp\/v2\/posts"}],"about":[{"href":"https:\/\/grandepremio.com\/br\/wp-json\/wp\/v2\/types\/post"}],"replies":[{"embeddable":true,"href":"https:\/\/grandepremio.com\/br\/wp-json\/wp\/v2\/comments?post=133611"}],"version-history":[{"count":0,"href":"https:\/\/grandepremio.com\/br\/wp-json\/wp\/v2\/posts\/133611\/revisions"}],"wp:attachment":[{"href":"https:\/\/grandepremio.com\/br\/wp-json\/wp\/v2\/media?parent=133611"}],"wp:term":[{"taxonomy":"category","embeddable":true,"href":"https:\/\/grandepremio.com\/br\/wp-json\/wp\/v2\/categories?post=133611"},{"taxonomy":"post_tag","embeddable":true,"href":"https:\/\/grandepremio.com\/br\/wp-json\/wp\/v2\/tags?post=133611"},{"taxonomy":"42wp_author","embeddable":true,"href":"https:\/\/grandepremio.com\/br\/wp-json\/wp\/v2\/42wp_author?post=133611"}],"curies":[{"name":"wp","href":"https:\/\/api.w.org\/{rel}","templated":true}]}}