{"id":13377,"date":"2026-01-04T12:26:22","date_gmt":"2026-01-04T15:26:22","guid":{"rendered":"https:\/\/grandepremio.com\/br\/noticias\/sergio-perez-publica-mensagem-apoio-venezuela-ataque-militar-estados-unidos\/"},"modified":"2026-01-06T10:50:19","modified_gmt":"2026-01-06T13:50:19","slug":"sergio-perez-publica-mensagem-apoio-venezuela-ataque-militar-estados-unidos","status":"publish","type":"post","link":"https:\/\/grandepremio.com\/br\/f1\/sergio-perez-publica-mensagem-apoio-venezuela-ataque-militar-estados-unidos\/","title":{"rendered":"P\u00e9rez publica mensagem de apoio \u00e0 Venezuela ap\u00f3s ataque militar dos Estados Unidos"},"content":{"rendered":"\n<p class=\"wp-block-paragraph\"><strong>Sergio P\u00e9rez<\/strong> usou as redes sociais para manifestar solidariedade ao povo venezuelano em meio \u00e0 grave instabilidade pol\u00edtica vivida pelo pa\u00eds. O piloto mexicano publicou, neste domingo (4), uma mensagem de apoio nos stories do <em>Instagram<\/em>, destacando resili\u00eancia, f\u00e9 e esperan\u00e7a diante do momento conturbado.<\/p>\n\n\n\n<p class=\"wp-block-paragraph\">A mensagem do piloto acontece em um cen\u00e1rio de forte tens\u00e3o pol\u00edtica e institucional na&nbsp;<strong>Venezuela<\/strong>, que sofreu ataques militares dos&nbsp;<strong>Estados Unidos<\/strong>&nbsp;na madrugada do s\u00e1bado e teve o presidente&nbsp;<strong>Nicol\u00e1s Maduro<\/strong>&nbsp;e a primeira dama&nbsp;<strong>Cilia Flores<\/strong>&nbsp;sequestrados e levados para Nova York. Tanto Washington quanto Caracas afirmam que mais de 40 civis morreram na ofensiva feita pelo presidente <strong>Donald Trump<\/strong>, que visa, conforme suas palavras em coletiva, surrupiar o petr\u00f3leo produzido pela Venezuela.<\/p>\n\n\n\n<p class=\"wp-block-paragraph\">O pa\u00eds enfrenta uma escalada de incertezas internas e press\u00e3o externa, com desdobramentos acompanhados de perto pela comunidade internacional, embora os detalhes e consequ\u00eancias do momento sigam em evolu\u00e7\u00e3o.<\/p>\n\n\n\n<p class=\"wp-block-paragraph\">P\u00e9rez, que <a href=\"https:\/\/www.grandepremio.com\/br\/f1\/noticias\/cadillac-bate-martelo-confirma-retorno-sergio-perez-valtteri-bottas-grid-formula-1-2026\/\">retorna ao grid da <strong>F\u00f3rmula 1<\/strong> em 2026 como piloto da <strong>Cadillac<\/strong><\/a>, raramente se posiciona publicamente sobre temas pol\u00edticos, o que deu ainda mais repercuss\u00e3o \u00e0 publica\u00e7\u00e3o. A equipe americana marcar\u00e1 sua estreia na categoria na pr\u00f3xima temporada, e o mexicano ter\u00e1 como companheiro o finland\u00eas <strong>Valtteri Bottas<\/strong>, outro nome experiente que tamb\u00e9m esteve fora do grid em 2025.<\/p>\n\n\n\n<figure class=\"wp-block-image size-large\"><img decoding=\"async\" src=\"https:\/\/www.grandepremio.com\/br\/wp-content\/uploads\/2026\/01\/Perez-IG-story-copiar-762x1200.png\" alt=\"\" class=\"wp-image-1047262\"\/><figcaption class=\"wp-element-caption\">Mensagem de apoio \u00e0 Venezuela publicada por P\u00e9rez (Foto: Reprodu\u00e7\u00e3o\/Instagram)<\/figcaption><\/figure>\n\n\n\n<p class=\"wp-block-paragraph\">\u201cIrm\u00e3os e irm\u00e3s venezuelanos, envio um abra\u00e7o caloroso e sincero. Voc\u00eas s\u00e3o um exemplo de que a f\u00e9 nunca se perde. Minhas ora\u00e7\u00f5es est\u00e3o com todos voc\u00eas. Venezuela livre\u201d, disse P\u00e9rez.<\/p>\n\n\n\n<p class=\"wp-block-paragraph\">A manifesta\u00e7\u00e3o refor\u00e7a o alcance global da F1 e como seus protagonistas, mesmo fora das pistas, acabam inseridos em debates que ultrapassam o esporte, especialmente quando crises humanit\u00e1rias e pol\u00edticas ganham proje\u00e7\u00e3o mundial.<\/p>\n\n\n\n<h2 class=\"wp-block-heading\" id=\"h-como-esta-o-calendario-de-lancamentos-dos-carros-da-f1-2026-clique-aqui-para-conferir\"><strong>Como est\u00e1 o calend\u00e1rio de lan\u00e7amentos dos carros da F1 2026?\u00a0<a href=\"https:\/\/www.grandepremio.com\/br\/f1\/noticias\/como-esta-calendario-lancamento-carros-temporada-2026-f1\/\">Clique aqui<\/a>\u00a0para conferir<\/strong><\/h2>\n\n\n\n<p class=\"wp-block-paragraph\">A&nbsp;<strong><a href=\"https:\/\/www.grandepremio.com\/br\/f1\/\">F\u00f3rmula 1<\/a><\/strong>&nbsp;est\u00e1 de f\u00e9rias. Os carros voltam a acelerar de&nbsp;<strong>26 a 30 de janeiro<\/strong>&nbsp;em testes privados em&nbsp;<strong>Barcelona<\/strong>. Depois, seguem para o&nbsp;<strong>Bahrein&nbsp;<\/strong>para mais duas sess\u00f5es da pr\u00e9-temporada: de&nbsp;<strong>11 a 13 de fevereiro<\/strong>&nbsp;e de&nbsp;<strong>18 a 20 de fevereiro<\/strong>. O<strong>&nbsp;GRANDE PR\u00caMIO&nbsp;<\/strong>acompanha todas as atividades de 2026.<\/p>\n\n\n\n<p class=\"wp-block-paragraph\">\u25b6\ufe0f&nbsp;<strong>Inscreva-se nos dois canais do GRANDE PR\u00caMIO no YouTube:&nbsp;<a href=\"https:\/\/www.youtube.com\/channel\/UC9OlHEgxoaY6QY6nWPoiqQg?sub_confirmation=1\" target=\"_blank\" rel=\"noreferrer noopener\">GP<\/a>&nbsp;|&nbsp;<a href=\"https:\/\/www.youtube.com\/channel\/UC9csiS6q_C3C0FYhyr1rnFA?sub_confirmation=1\" target=\"_blank\" rel=\"noreferrer noopener\">GP2<\/a><\/strong><\/p>\n\n\n\n<h2 class=\"wp-block-heading\" id=\"h-f1-hoje-saiba-aqui-as-noticias-mais-importantes-do-dia-da-formula-1\"><strong>F1 hoje: saiba aqui as not\u00edcias mais importantes do dia da F\u00f3rmula 1<\/strong><\/h2>\n\n\n\n<p class=\"wp-block-paragraph\">A reda\u00e7\u00e3o do&nbsp;<strong>GRANDE PR\u00caMIO<\/strong>&nbsp;selecionou as not\u00edcias mais importantes das \u00faltimas horas para voc\u00ea ficar por dentro de tudo que acontece na F1.<\/p>\n\n\n\n<p class=\"wp-block-paragraph\">\u25b6\ufe0f&nbsp;<strong><a href=\"https:\/\/www.grandepremio.com\/br\/f1\/noticias\/oscar-piastri-queda-braco-alpine-tribunais-sabia-que-ia-virar-noticia\/\">Piastri recorda queda de bra\u00e7o com Alpine nos tribunais: \u201cSabia que ia virar not\u00edcia\u201d<\/a><\/strong><br>\u25b6\ufe0f&nbsp;<strong><a href=\"https:\/\/www.grandepremio.com\/br\/f1\/noticias\/pai-lewis-hamilton-aposta-nostalgia-lanca-campeonato-carros-motores-v10\/\">Pai de Hamilton aposta em nostalgia e lan\u00e7a campeonato de carros com motores V10<\/a><\/strong><br>\u25b6\ufe0f&nbsp;<strong><a href=\"https:\/\/www.grandepremio.com\/br\/f1\/noticias\/susie-wolff-diz-f1-evoluiu-preve-presenca-pilota-futuro-inevitavel\/\">Susie Wolff diz que F1 \u201cevoluiu\u201d e prev\u00ea presen\u00e7a de pilota no futuro: \u201c\u00c9 inevit\u00e1vel\u201d<\/a><\/strong><\/p>\n\n\n\n<figure class=\"wp-block-embed is-type-video is-provider-youtube wp-block-embed-youtube wp-embed-aspect-16-9 wp-has-aspect-ratio\"><div class=\"wp-block-embed__wrapper\">\n<iframe loading=\"lazy\" title=\"NORRIS, VERSTAPPEN, MOREIRA, MARC M\u00c1RQUEZ OU PALOU: QUEM \u00c9 O PILOTO DE 2025? | Melhores do Ano GP\" width=\"500\" height=\"281\" src=\"https:\/\/www.youtube.com\/embed\/jOExTeYX1rw?feature=oembed\" frameborder=\"0\" allow=\"accelerometer; autoplay; clipboard-write; encrypted-media; gyroscope; picture-in-picture; web-share\" referrerpolicy=\"strict-origin-when-cross-origin\" allowfullscreen><\/iframe>\n<\/div><\/figure>\n","protected":false},"excerpt":{"rendered":"<p>Sergio P\u00e9rez usou as redes sociais para demonstrar apoio \u00e0 Venezuela em meio \u00e0 instabilidade pol\u00edtica. Mexicano destacou f\u00e9 e resili\u00eancia diante do momento vivido pelo pa\u00eds sul-americano<\/p>\n","protected":false},"author":0,"featured_media":1000886759,"comment_status":"closed","ping_status":"closed","sticky":false,"template":"","format":"standard","meta":{"42wp_featured_image_caption":"","42wp_featured_image_credits":"","42wp_featured_video":"","42wp_featured_image_hidden":false,"42wp_authors_list":[],"footnotes":""},"categories":[2],"tags":[729,26271,5273,9231,896,147,29516,29148,180,31425,28995,1491,28285,30840,35129,3132,31470,612,18678],"42wp_author":[47164],"class_list":["post-13377","post","type-post","status-publish","format-standard","has-post-thumbnail","hentry","category-f1","tag-cadillac","tag-calendario-f1","tag-classificacao-f1","tag-donald-trump","tag-estados-unidos","tag-f1","tag-f1-2026","tag-f1-hoje","tag-formula-1","tag-formula-1-2026","tag-formula-1-hoje","tag-grande-premio","tag-grandepremio","tag-horarios-f1","tag-onde-assistir-f1","tag-sergio-perez","tag-temporada-2026-f1","tag-valtteri-bottas","tag-venezuela","42wp_author-marcos-gil-ribeiro"],"_links":{"self":[{"href":"https:\/\/grandepremio.com\/br\/wp-json\/wp\/v2\/posts\/13377","targetHints":{"allow":["GET"]}}],"collection":[{"href":"https:\/\/grandepremio.com\/br\/wp-json\/wp\/v2\/posts"}],"about":[{"href":"https:\/\/grandepremio.com\/br\/wp-json\/wp\/v2\/types\/post"}],"replies":[{"embeddable":true,"href":"https:\/\/grandepremio.com\/br\/wp-json\/wp\/v2\/comments?post=13377"}],"version-history":[{"count":0,"href":"https:\/\/grandepremio.com\/br\/wp-json\/wp\/v2\/posts\/13377\/revisions"}],"wp:featuredmedia":[{"embeddable":true,"href":"https:\/\/grandepremio.com\/br\/wp-json\/wp\/v2\/media\/1000886759"}],"wp:attachment":[{"href":"https:\/\/grandepremio.com\/br\/wp-json\/wp\/v2\/media?parent=13377"}],"wp:term":[{"taxonomy":"category","embeddable":true,"href":"https:\/\/grandepremio.com\/br\/wp-json\/wp\/v2\/categories?post=13377"},{"taxonomy":"post_tag","embeddable":true,"href":"https:\/\/grandepremio.com\/br\/wp-json\/wp\/v2\/tags?post=13377"},{"taxonomy":"42wp_author","embeddable":true,"href":"https:\/\/grandepremio.com\/br\/wp-json\/wp\/v2\/42wp_author?post=13377"}],"curies":[{"name":"wp","href":"https:\/\/api.w.org\/{rel}","templated":true}]}}