{"id":133895,"date":"2019-07-15T16:00:00","date_gmt":"2019-07-15T19:00:00","guid":{"rendered":"https:\/\/grandepremio.com\/br\/noticias\/vergne-trata-radio-como-terra-de-ninguem-como-fia-e-formula-e-dao-punicao-tao-branda\/"},"modified":"2020-05-17T01:20:43","modified_gmt":"2020-05-17T04:20:43","slug":"vergne-trata-radio-como-terra-de-ninguem-como-fia-e-formula-e-dao-punicao-tao-branda","status":"publish","type":"post","link":"https:\/\/grandepremio.com\/br\/formula-e\/vergne-trata-radio-como-terra-de-ninguem-como-fia-e-formula-e-dao-punicao-tao-branda\/","title":{"rendered":"Vergne trata r\u00e1dio como terra de ningu\u00e9m. Como FIA e F\u00f3rmula E d\u00e3o puni\u00e7\u00e3o t\u00e3o branda?"},"content":{"rendered":"\n<div>\n\tA primeira lembran&ccedil;a que vem &agrave; mente &eacute; a de <a href=\"https:\/\/www.grandepremio.com\/br\/busca?s=Sebastian%20Vettel\">Sebastian Vettel<\/a>, talvez dois ou tr&ecirc;s anos atr&aacute;s, reclamando da patrulha da imprensa e dos f&atilde;s ao r&aacute;dio das equipes, &uacute;nico canal de comunica&ccedil;&atilde;o por &aacute;udio entre pilotos e seus times durante as corridas. Na ocasi&atilde;o, Vettel afirmou que se jogadores de futebol tivessem um microfone durante as provas tamb&eacute;m seriam flagrados dizendo coisas que n&atilde;o iriam soar corretas ou esportivas. E o mesmo vale para os pilotos, de sangue quente e no auge da adrenalina, durante as corridas. Vettel n&atilde;o estava errado nessa avalia&ccedil;&atilde;o. A falta de limites na revela&ccedil;&atilde;o para o p&uacute;blico sobre o que &eacute; dito na redoma dos carros tende a ser mais prejudicial que ben&eacute;fica para os pilotos, embora aproxime-os do p&uacute;blico e torne figuras mais humanas.<\/div>\n<div>\n\t&nbsp;<\/div>\n<div>\n\tMas tem limite. At&eacute; o r&aacute;dio precisa ter limite.&nbsp;<\/div>\n<div>\n\t&nbsp;<\/div>\n<div>\n\t<a href=\"https:\/\/www.grandepremio.com\/br\/busca?s=Jean-%C3%89ric%20Vergne\">Jean-&Eacute;ric Vergne<\/a> atropelou esses limites durante as voltas iniciais da <a href=\"https:\/\/www.grandepremio.com\/br\/formula-e\/noticias\/buemi-vence-corrida-1-em-nova-york-vergne-bate-e-deixa-aberta-briga-por-titulo\">corrida 1 do eP de Nova York<\/a> que definiu a temporada 2018\/19 da <a href=\"https:\/\/www.grandepremio.com\/br\/formula-e\">F&oacute;rmula E<\/a>, no &uacute;ltimo s&aacute;bado. Atropelou porque efetivamente tentou <a href=\"https:\/\/www.grandepremio.com\/br\/formula-e\/noticias\/fia-pune-vergne-com-um-dia-de-servicos-comunitarios-por-tentativa-de-manipular-corrida\">manipular a corrida ao pedir por duas vezes que a DS Techeetah ordenasse ao companheiro Andr&eacute; Lotterer que parasse o carro<\/a> na pista a fim de causar um safety-car que beneficiaria o infrator &#8211; ou, no caso, o mandante da infra&ccedil;&atilde;o.&nbsp;<\/div>\n<div>\n<div class=\"imagem-noticia\">\n\t\t<img decoding=\"async\" src=\"https:\/\/www.grandepremio.com\/br\/wp-content\/uploads\/2019\/07\/20197141853353_Vergne_DS-Techeetah_II.jpg\" title=\"Jean-\u00c9ric Vergne (Foto: DS Techeetah)\" \/><\/div>\n<div class=\"legenda-imagem\">\n\t\t#iconeimagem Jean-&Eacute;ric Vergne (Foto: DS Techeetah)<\/div>\n<\/div>\n<div style=\"float: left;margin-right: 15px;margin-bottom:15px\">\n\t<\/div>\n<p>Recapitulando: Vergne largava no meio do pelot&atilde;o, embora &agrave; frente dos rivais <a href=\"https:\/\/www.grandepremio.com\/br\/busca?s=Lucas%20Di%20Grassi\">Lucas Di Grassi<\/a> e <a href=\"https:\/\/www.grandepremio.com\/br\/busca?s=Mitch%20Evans\">Mitch Evans<\/a>. A confus&atilde;o chegou a ele quando <a href=\"https:\/\/www.grandepremio.com\/br\/busca?s=Tom%20Dillmann\">Tom Dillmann<\/a> tocou o carro do l&iacute;der do campeonato e causou um furo de pneu, que obrigou o franc&ecirc;s a parar nos boxes e cair para a &uacute;ltima posi&ccedil;&atilde;o entre aqueles que seguiam na corrida. Foi nesse cen&aacute;rio que tentou fazer o jogo de equipe, porque Lotterer havia acertado e sido acertado por <a href=\"https:\/\/www.grandepremio.com\/br\/busca?s=Jos%C3%A9%20Mar%C3%ADa%20L%C3%B3pez\">Jos&eacute; Mar&iacute;a L&oacute;pez<\/a> e tinha danos na asa dianteira &#8211; tanto que abandonou a prova, embora tenha ido para os boxes e n&atilde;o causado uma celeuma na corrida.<br \/><\/p>\n<div>\n<div>\n\t\tLotterer foi quem acertou L&oacute;pez, sem culpa. E se, por coincid&ecirc;ncia, sem saber de fato que o companheiro tinha pedido, ele parasse? Ali&aacute;s, ele chegou a parar, inclusive. E depois acelerou e caminhou pros boxes.<\/div>\n<div>\n\t\t&nbsp;<\/div>\n<div>\n\t\tComo ficaria efetivamente provado que n&atilde;o era uma determina&ccedil;&atilde;o pr&eacute;via se fosse consumado o pedido, ainda que por vias tortas? S&oacute; assim que seria dado o real valor deste descalabro?<br \/>\n\t\t&nbsp;<\/div>\n<\/div>\n<div>\n\tDesta forma, Vergne n&atilde;o manipulou a corrida efetivamente, at&eacute; porque o engenheiro da DS Techeetah se recusou sequer a responder as sugest&otilde;es de seu piloto-estrela. Mas tentou, teve a inten&ccedil;&atilde;o de fazer exatamente isso, e o dolo de manchar a decis&atilde;o conta. Deveria contar, pelo menos.&nbsp;<\/div>\n<div>\n\t&nbsp;<\/div>\n<div>\n\tA patrulha contra o r&aacute;dio &eacute; equivocada muitas vezes, especialmente em momentos de reclama&ccedil;&atilde;o e desabafo. Mas isso? Sai do &acirc;mbito esportivo. &Eacute; trapa&ccedil;a, e &eacute; t&atilde;o descarada que sequer aconteceu via c&oacute;digo ou qualquer coisa do tipo. Vergne pediu no r&aacute;dio, que &eacute; dispon&iacute;vel para o p&uacute;blico pelo aplicativo da categoria e sempre monitorado pela dire&ccedil;&atilde;o de prova. &quot;Diga a Andr&eacute; para parar&#8230; Trazer o safety-car &agrave; pista&quot;, falou, claramente indicando a inten&ccedil;&atilde;o.&nbsp;<\/div>\n<div>\n\t&nbsp;<\/div>\n<div>\n\tVergne reafirmou o que havia feito quando em entrevista ao site norte-americano &#039;Motorsport.com&#039;. Falou que todo mundo faz isso na F1 e na FE, algo normal dos pilotos no mais alto n&iacute;vel internacional. &Eacute; dif&iacute;cil medir a veracidade da afirma&ccedil;&atilde;o, at&eacute; porque n&atilde;o &eacute; todo mundo que abre os bra&ccedil;os e admite tentativa de manipula&ccedil;&atilde;o de resultados de forma t&atilde;o clara. Mas h&aacute; que se partir do princ&iacute;pio que n&atilde;o &eacute; assim t&atilde;o comum, uma vez que os comiss&aacute;rios escutaram e puniram.&nbsp;<\/div>\n<div>\n<div class=\"imagem-noticia\">\n\t\t<img decoding=\"async\" src=\"https:\/\/www.grandepremio.com\/br\/wp-content\/uploads\/2019\/07\/2019713953235_FENY7_II.jpg\" title=\"Jean-\u00c9ric Vergne e Andr\u00e9 Lotterer (Foto: DS Techeetah)\" \/><\/div>\n<div class=\"legenda-imagem\">\n\t\t#iconeimagem Jean-&Eacute;ric Vergne e Andr&eacute; Lotterer (Foto: DS Techeetah)<\/div>\n<\/div>\n<div style=\"float: left;margin-right: 15px;margin-bottom:15px\">\n\t<\/div>\n<p>A puni&ccedil;&atilde;o? Um dia de servi&ccedil;os comunit&aacute;rios por ter dado mau exemplo. &Eacute; muito pouco, uma esculhamba&ccedil;&atilde;o por parte de FIA e F&oacute;rmula E. Das duas uma: ou &eacute; necess&aacute;rio admitir que esse tipo de coisa &eacute; lugar comum e acontece sempre, com todo mundo, que &eacute; do jogo e n&atilde;o deveria ser pass&iacute;vel de puni&ccedil;&atilde;o &#8211; embora essa op&ccedil;&atilde;o fosse uma vergonha por seus pr&oacute;prios m&eacute;ritos &#8211; ou &eacute; uma tentativa de manipula&ccedil;&atilde;o e &eacute; clara. Um dia de servi&ccedil;os comunit&aacute;rios n&atilde;o muda atitudes, n&atilde;o inibe mau-caratismos futuros e apenas sublinha que algo de muito errado aconteceu e n&atilde;o est&aacute; sendo tratado com a devida seriedade.&nbsp;<\/p>\n<div>\n\t&nbsp;<\/div>\n<div>\n\tUm dia de servi&ccedil;os comunit&aacute;rios, seja servindo de comiss&aacute;rio especial numa corrida ou picando papel na sede da FIA em Paris, &eacute; uma moleza. N&atilde;o vai impedir que ningu&eacute;m tente mudar de forma escusa os rumos de um campeonato. Pelo contr&aacute;rio, abre as portas para que fa&ccedil;am exatamente o contr&aacute;rio, uma vez que n&atilde;o &eacute; encarado com a seriedade necess&aacute;ria.&nbsp;<\/div>\n<div>\n\t&nbsp;<\/div>\n<div>\n\tVergne n&atilde;o deveria receber servi&ccedil;os comunit&aacute;rios apenas. &Eacute; brando demais. A opini&atilde;o particular de quem escreve este artigo? Desclassifica&ccedil;&atilde;o do eP de Nova York e banimento das tr&ecirc;s primeiras corridas da nova temporada, que est&atilde;o marcadas para novembro e dezembro. Que Vergne esfrie a cabe&ccedil;a e pense no que fez at&eacute; 2020 e com o perigo de ser exclu&iacute;do de uma temporada inteira caso reincida. Em cima disso, se quiserem colocar um dos pilotos mais famosos do mundo para picar papel, que fa&ccedil;am. A puni&ccedil;&atilde;o ter&aacute; sido dada.<\/div>\n<div>\n\t<\/p>\n<blockquote class=\"twitter-tweet\" data-lang=\"pt\">\n<p dir=\"ltr\" lang=\"en\">\n\t\t\tCongratulations <a href=\"https:\/\/twitter.com\/JeanEricVergne?ref_src=twsrc%5Etfw\">@JeanEricVergne<\/a> on your second World Championship!<br \/>\n\t\t\t<br \/>\n\t\t\tHowever, don&#039;t you remember when we told you in your Toro Rosso years, not to talk so much on the radio! :joy::slightly_smiling_face: <a href=\"https:\/\/t.co\/k7mvSnBQPz\">https:\/\/t.co\/k7mvSnBQPz<\/a><\/p>\n<p>\t\t&mdash; Toro Rosso (@ToroRosso) <a href=\"https:\/\/twitter.com\/ToroRosso\/status\/1150762458220511233?ref_src=twsrc%5Etfw\">15 de julho de 2019<\/a><\/p><\/blockquote><\/div>\n<div>\n\t<br \/>\n\tComo a Toro Rosso demonstrou no tuite em que parabenizou e tirou sarro do bicampe&atilde;o da F&oacute;rmula E, Vergne &eacute; um falastr&atilde;o inveterado no r&aacute;dio. Que aprenda ao menos a fronteira entre conversa, reclama&ccedil;&atilde;o e conluio.<\/div>\n<div>\n\t&nbsp;<\/div>\n<div>\n\tA FIA e a F&oacute;rmula E deveriam se levar a s&eacute;rio e impedir que tentem ludibri&aacute;-las sem ao menos disfar&ccedil;ar. Assinaram, por&eacute;m, uma carta em branco com o recado de que o crime compensa.<\/div>\n<p><\/p>\n<div class=\"embed-responsive embed-responsive-16by9\">\n\t<\/div>\n<p><\/p>\n<table bgcolor=\"#808080\" border=\"1\" cellpadding=\"1\" cellspacing=\"1\" style=\"width: 100%\">\n<tbody>\n<tr>\n<td>\n\t\t\t\t<span style=\"font-size:18px\"><strong><span style=\"color: #000000\">Paddockast #24<br \/>\n\t\t\t\tA BATALHA: Indy x MotoGP<\/span><\/strong><\/span><br \/>\n\t\t\t\t<br \/>\n\t\t\t\tOu&ccedil;a: <a href=\"http:\/\/open.spotify.com\/show\/5OBbp8MzxQymoyneX4IviF?si=gYqPr53GSaa-AcxFpOzJHg\">Spotify<\/a> | <a href=\"http:\/\/podcasts.apple.com\/br\/podcast\/paddockast\/id1371540198\">iTunes<\/a> | <a href=\"http:\/\/www.subscribeonandroid.com\/www.central3.com.br\/category\/podcasts\/paddockast\/feed\/podcast\/\">Android<\/a> | <a href=\"http:\/\/player.fm\/series\/paddockast\">playerFM<\/a><\/td>\n<\/tr>\n<\/tbody>\n<\/table>\n<p><\/p>\n<p><\/p>\n","protected":false},"excerpt":{"rendered":"<p>Jean-&Eacute;ric Vergne tentou manipular a decis&atilde;o da F&oacute;rmula E, na qual chegou l&iacute;der por 32 pontos. Nem sequer disfar&ccedil;ou. Na primeira oportunidade que teve, pediu para que a equipe for&ccedil;asse o companheiro a causar deliberadamente um safety-car. Em resposta a isso, FIA e F&oacute;rmula E vieram com um dia de servi&ccedil;os comunit&aacute;rios e o recado de que a tentativa de crime compensa<\/p>\n","protected":false},"author":0,"featured_media":0,"comment_status":"closed","ping_status":"closed","sticky":false,"template":"","format":"standard","meta":{"42wp_featured_image_caption":"","42wp_featured_image_credits":"","42wp_featured_video":"","42wp_featured_image_hidden":false,"42wp_authors_list":[],"footnotes":""},"categories":[19],"tags":[2137,852,1432,103,1431,1816,637],"42wp_author":[47120],"class_list":["post-133895","post","type-post","status-publish","format-standard","hentry","category-formula-e","tag-andr-lotterer","tag-ds-techeetah","tag-fe-2019","tag-fia","tag-formula-e-2019","tag-horarios-da-fe-2019","tag-jean-ric-vergne","42wp_author-pedro-henrique-marum"],"_links":{"self":[{"href":"https:\/\/grandepremio.com\/br\/wp-json\/wp\/v2\/posts\/133895","targetHints":{"allow":["GET"]}}],"collection":[{"href":"https:\/\/grandepremio.com\/br\/wp-json\/wp\/v2\/posts"}],"about":[{"href":"https:\/\/grandepremio.com\/br\/wp-json\/wp\/v2\/types\/post"}],"replies":[{"embeddable":true,"href":"https:\/\/grandepremio.com\/br\/wp-json\/wp\/v2\/comments?post=133895"}],"version-history":[{"count":0,"href":"https:\/\/grandepremio.com\/br\/wp-json\/wp\/v2\/posts\/133895\/revisions"}],"wp:attachment":[{"href":"https:\/\/grandepremio.com\/br\/wp-json\/wp\/v2\/media?parent=133895"}],"wp:term":[{"taxonomy":"category","embeddable":true,"href":"https:\/\/grandepremio.com\/br\/wp-json\/wp\/v2\/categories?post=133895"},{"taxonomy":"post_tag","embeddable":true,"href":"https:\/\/grandepremio.com\/br\/wp-json\/wp\/v2\/tags?post=133895"},{"taxonomy":"42wp_author","embeddable":true,"href":"https:\/\/grandepremio.com\/br\/wp-json\/wp\/v2\/42wp_author?post=133895"}],"curies":[{"name":"wp","href":"https:\/\/api.w.org\/{rel}","templated":true}]}}