{"id":133970,"date":"2020-02-13T07:48:00","date_gmt":"2020-02-13T10:48:00","guid":{"rendered":"https:\/\/grandepremio.com\/br\/noticias\/rebellion-anuncia-saida-do-automobilismo-apos-24-horas-de-le-mans\/"},"modified":"2020-05-22T10:20:15","modified_gmt":"2020-05-22T13:20:15","slug":"rebellion-anuncia-saida-do-automobilismo-apos-24-horas-de-le-mans","status":"publish","type":"post","link":"https:\/\/grandepremio.com\/br\/endurance\/rebellion-anuncia-saida-do-automobilismo-apos-24-horas-de-le-mans\/","title":{"rendered":"Rebellion anuncia sa\u00edda do automobilismo ap\u00f3s 24 Horas de Le Mans"},"content":{"rendered":"\n<div>\n\tO mundo do esporte a motor recebeu um golpe nesta quinta-feira (13). A Rebellion afirmou que ap&oacute;s sua participa&ccedil;&atilde;o na edi&ccedil;&atilde;o de 2020 das 24 Horas de Le Mans, vai se retirar do automobilismo.<br \/>\n\t&nbsp;<\/div>\n<div>\n\tA marca su&iacute;&ccedil;a est&aacute; envolvida no mundo da velocidade h&aacute; 13 anos, especialmente focada no Mundial de Endurance. Ainda, tem sido a &uacute;nica equipe privada capaz de desafiar o dom&iacute;nio das f&aacute;bricas oficiais do campeonato.<br \/>\n\t&nbsp;<\/div>\n<div>\n\tEntretanto, por conta de uma mudan&ccedil;a na estrat&eacute;gia de marketing, a montadora vai deixar o automobilismo ap&oacute;s as 24 Horas de Le Mans deste ano, em junho, colocando fim em seu projeto na LMP1.<br \/>\n\t&nbsp;<\/div>\n<div>\n\t&ldquo;O automobilismo tem sido um excelente recurso para a Rebellion. Os circuitos t&ecirc;m sido vitrines excepcionais e um importante palco para nossa marca com uma &oacute;tima audi&ecirc;ncia. Os retornos nos investimentos dessas atividades no automobilismo t&ecirc;m sido mais do que satisfat&oacute;rios&rdquo;, falou Alexandre Pesci, presidente da Rebellion.<\/p>\n<div class=\"imagem-noticia\">\n\t\t<img decoding=\"async\" src=\"https:\/\/www.grandepremio.com\/br\/wp-content\/uploads\/2020\/02\/2020213843554_ELtObU_WwAAykMO_O.png\" title=\"Bruno Senna j\u00e1 defendeu a Rebellion (Foto: Reprodu\u00e7\u00e3o)\" \/><\/div>\n<div class=\"legenda-imagem\">\n\t\t#iconeimagem Bruno Senna j&aacute; defendeu a Rebellion (Foto: Reprodu&ccedil;&atilde;o)<\/div>\n<\/div>\n<div style=\"float: left;margin-right: 15px;margin-bottom:15px\">\n\t<\/div>\n<p>&ldquo;Estamos nos dando tempo para redefinir os contornos de nosso neg&oacute;cio, mas os efeitos dessa decis&atilde;o v&atilde;o ser imediatos para nosso departamento de corrida assim que a temporada do WEC terminar&rdquo;, continuou.<br \/>\n&nbsp;<\/p>\n<div>\n\t&ldquo;N&atilde;o &eacute; uma decis&atilde;o f&aacute;cil de ser tomada e estamos muito tristes que n&atilde;o vamos ser capazes de encontrar nossos compromissos passados nos pr&oacute;ximos anos&rdquo;, completou.<br \/>\n\t&nbsp;<\/div>\n<div>\n\tA Rebellion tem resultados expressivos no mundo do automobilismo. Na Le Mans Series, conseguiu o vice-campeonato em 2009 e o terceiro lugar em 2010 com o carro #12. Em 2011, ficou com o t&iacute;tulo da categoria.<br \/>\n\t&nbsp;<\/div>\n<div>\n\tJ&aacute; nas 24 Horas de Le Mans, corrida que disputa desde 2008, subiu ao p&oacute;dio tr&ecirc;s vezes, uma com um segundo lugar em 2009, outra com vit&oacute;ria em 2014, e outra com um terceiro posto em 2018.<br \/>\n\t&nbsp;<\/div>\n<div>\n\tNelson Piquet Jr e Bruno Senna j&aacute; defenderam as cores da marca su&iacute;&ccedil;a, al&eacute;m de nomes como Daniel Abt, Nicolas Prost, Andr&eacute; Lotterer, Neel Jani, Nick Heidfeld, Marco Andretti, entre tantos outros.<br \/>\n\t&nbsp;<\/div>\n<div>\n\tO cen&aacute;rio do esporte a motor da Su&iacute;&ccedil;a tem sofrido com perdas nos &uacute;ltimos anos. Na F&oacute;rmula 1, a Sauber mudou de nome para dar espa&ccedil;o &agrave; Alfa Romeo, enquanto na F&oacute;rmula E, o eP da Su&iacute;&ccedil;a, realizado em Berna, deixou o calend&aacute;rio em 2019\/20.<\/div>\n<div>\n\t&nbsp;<\/div>\n<div class=\"embed-responsive embed-responsive-16by9\">\n\t<br \/>\n\t&nbsp;<\/div>\n<table bgcolor=\"#BD728C\" border=\"1\" cellpadding=\"1\" cellspacing=\"1\" style=\"width: 100%\">\n<tbody>\n<tr>\n<td>\n\t\t\t\t<span style=\"color:#000000\"><span style=\"font-size:18px\"><strong><span style=\"font-size:20px\">Paddockast #47<\/span><br \/>\n\t\t\t\tFORD vs FERRARI<\/strong><\/span><br \/>\n\t\t\t\t<br \/>\n\t\t\t\tOu&ccedil;a:<\/span> <a href=\"http:\/\/open.spotify.com\/show\/5OBbp8MzxQymoyneX4IviF?si=gYqPr53GSaa-AcxFpOzJHg\"><span style=\"color:#000080\">Spotify<\/span><\/a><span style=\"color:#000080\"> <\/span><span style=\"color:#000000\">|<\/span> <a href=\"http:\/\/podcasts.apple.com\/br\/podcast\/paddockast\/id1371540198\"><span style=\"color:#000080\">iTunes<\/span><\/a><span style=\"color:#000080\"> <\/span><span style=\"color:#000000\">|<\/span> <a href=\"http:\/\/www.subscribeonandroid.com\/www.central3.com.br\/category\/podcasts\/paddockast\/feed\/podcast\/\"><span style=\"color:#000080\">Android<\/span><\/a><span style=\"color:#000080\"> <\/span><span style=\"color:#000000\">|<\/span> <a href=\"http:\/\/player.fm\/series\/paddockast\"><span style=\"color:#000080\">playerFM<\/span><\/a><\/td>\n<\/tr>\n<\/tbody>\n<\/table>\n<p><\/p>\n<table bgcolor=\"#E6E6E6\" border=\"0\" cellpadding=\"1\" cellspacing=\"1\" style=\"width: 100%\">\n<tbody>\n<tr>\n<td>\n<div>\n\t\t\t\t\t<b><span style=\"color:#FF0040\">Apoie o <strong> GRANDE PR&Ecirc;MIO<\/strong><\/span><\/b><span style=\"color:#FF0040\">: garanta o futuro do nosso jornalismo <\/span><br \/>\n\t\t\t\t\t<br \/>\n\t\t\t\t\tO<strong> GRANDE PR&Ecirc;MIO <\/strong>&eacute; a maior m&iacute;dia digital de esporte a motor do Brasil, na Am&eacute;rica Latina e em L&iacute;ngua Portuguesa, editorialmente independente. Nossa grande equipe produz conte&uacute;do di&aacute;rio e pensa em inova&ccedil;&otilde;es constantemente, e n&atilde;o s&oacute; na internet: uma das nossas atua&ccedil;&otilde;es est&aacute; na realiza&ccedil;&atilde;o de eventos, como a Copa GP de Kart. Assim, seu apoio &eacute; sempre importante.<br \/>\n\t\t\t\t\t<br \/>\n\t\t\t\t\t<a href=\"https:\/\/grandepremium.grandepremio.com\/br\/assine\" target=\"_blank\" rel=\"noopener noreferrer\">Assine o GRANDE PREMIUM<\/a>: veja os planos e o que oferecem, tenha &agrave; disposi&ccedil;&atilde;o uma s&eacute;rie de benef&iacute;cios e experi&ecirc;ncias exclusivas, e fa&ccedil;a parte de um grupo especial, a Scuderia GP, com debate em alto n&iacute;vel.<\/div>\n<\/td>\n<\/tr>\n<\/tbody>\n<\/table>\n<p><\/p>\n","protected":false},"excerpt":{"rendered":"<p>A marca su&iacute;&ccedil;a tomou uma dif&iacute;cil decis&atilde;o para 2020. Ap&oacute;s 13 anos envolvida no esporte a motor, especialmente no Mundial de Endurance, anunciou mudan&ccedil;a de estrat&eacute;gia de marketing e sua retirada das pistas<\/p>\n","protected":false},"author":0,"featured_media":0,"comment_status":"closed","ping_status":"closed","sticky":false,"template":"","format":"standard","meta":{"42wp_featured_image_caption":"","42wp_featured_image_credits":"","42wp_featured_video":"","42wp_featured_image_hidden":false,"42wp_authors_list":[],"footnotes":""},"categories":[18],"tags":[1674,427,25214,1208,357,1186,1673,356],"42wp_author":[47109],"class_list":["post-133970","post","type-post","status-publish","format-standard","hentry","category-endurance","tag-bruno-senna","tag-endurance","tag-horarios-da-formula-1-2","tag-le-mans","tag-mundial-de-endurance","tag-nelsinho-piquet","tag-rebellion","tag-wec","42wp_author-redacao-gp"],"_links":{"self":[{"href":"https:\/\/grandepremio.com\/br\/wp-json\/wp\/v2\/posts\/133970","targetHints":{"allow":["GET"]}}],"collection":[{"href":"https:\/\/grandepremio.com\/br\/wp-json\/wp\/v2\/posts"}],"about":[{"href":"https:\/\/grandepremio.com\/br\/wp-json\/wp\/v2\/types\/post"}],"replies":[{"embeddable":true,"href":"https:\/\/grandepremio.com\/br\/wp-json\/wp\/v2\/comments?post=133970"}],"version-history":[{"count":0,"href":"https:\/\/grandepremio.com\/br\/wp-json\/wp\/v2\/posts\/133970\/revisions"}],"wp:attachment":[{"href":"https:\/\/grandepremio.com\/br\/wp-json\/wp\/v2\/media?parent=133970"}],"wp:term":[{"taxonomy":"category","embeddable":true,"href":"https:\/\/grandepremio.com\/br\/wp-json\/wp\/v2\/categories?post=133970"},{"taxonomy":"post_tag","embeddable":true,"href":"https:\/\/grandepremio.com\/br\/wp-json\/wp\/v2\/tags?post=133970"},{"taxonomy":"42wp_author","embeddable":true,"href":"https:\/\/grandepremio.com\/br\/wp-json\/wp\/v2\/42wp_author?post=133970"}],"curies":[{"name":"wp","href":"https:\/\/api.w.org\/{rel}","templated":true}]}}