{"id":133972,"date":"2019-07-14T16:37:00","date_gmt":"2019-07-14T19:37:00","guid":{"rendered":"https:\/\/grandepremio.com\/br\/noticias\/comando-de-largada-pace-car-e-aclamacao-o-retorno-de-wickens-as-pistas\/"},"modified":"2020-05-17T01:36:10","modified_gmt":"2020-05-17T04:36:10","slug":"comando-de-largada-pace-car-e-aclamacao-o-retorno-de-wickens-as-pistas","status":"publish","type":"post","link":"https:\/\/grandepremio.com\/br\/indy\/comando-de-largada-pace-car-e-aclamacao-o-retorno-de-wickens-as-pistas\/","title":{"rendered":"Comando de largada, pace-car e aclama\u00e7\u00e3o: o retorno de Wickens \u00e0s pistas"},"content":{"rendered":"\n<div>\n\tRobert Wickens teve um fim de semana especial em Toronto. 11 meses ap&oacute;s o grave acidente em Pocono que o deixou parapl&eacute;gico, o piloto foi a grande estrela do GP de Toronto da Indy, mesmo fora do grid.&nbsp;<\/div>\n<div>\n\t&nbsp;<\/div>\n<div>\n\tEm parceria com a Arrow Eletronics, Wickens conduziu o pace-car da Indy durante a volta de apresenta&ccedil;&atilde;o. O Honda NSX adaptado para o canadense era acelerado por um anel ao lado do volante, e o sistema de freios controlado pelas m&atilde;os. Robert tamb&eacute;m teve a oportunidade de dar o sinal para os pilotos ligarem os motores, uma das marcas registradas do automobilismo norte-americano.<\/div>\n<div>\n<div class=\"imagem-noticia\">\n\t\t<img decoding=\"async\" src=\"https:\/\/www.grandepremio.com\/br\/wp-content\/uploads\/2019\/07\/2019712143754_WICKENS_II.jpg\" title=\"Robert Wickens (Foto: Indycar)\" \/><\/div>\n<div class=\"legenda-imagem\">\n\t\t#iconeimagem Robert Wickens (Foto: Indycar)<\/div>\n<div style=\"float: left;margin-right: 15px;margin-bottom:15px\">\n\t\t<\/div>\n<\/div>\n<div>\n\t&quot;Hoje ser&aacute; um dia especial para o Robert ser ovacionado reconhecido da forma que merece. A performance dele no GP de Toronto de 2018 trouxe muito entusiasmo aos nossos f&atilde;s, e ele far&aacute; isto de novo neste ano. Ser&aacute; um dia inspirador para todos n&oacute;s. Vamos nos levantar e fazer barulho para Robbie&quot;, declarou Jeff Atkinson, organizador da corrida.<\/div>\n<div>\n\t&nbsp;<\/div>\n<div>\n\tAntes da volta de apresenta&ccedil;&atilde;o, realizada junto da esposa Karli Woods, Wickens pode dar um giro no tra&ccedil;ado de rua canadense, sendo acalamado pelo p&uacute;blico presente a cada curva.<br \/>\n\t<br \/>\n\t&quot;Eu tenho uma nova perspectiva de vida. O que mais significou para mim foi quando estive na fisioterapia todos os dias, todo o apoio que tive dos meus companheiros de pista, da minha fam&iacute;lia, da minha esposa, dos meus f&atilde;s, de todo mundo que me ajudou a ir para a academia no novo dia&quot;, declarou Wickens em coletiva de imprensa sobre o primeiro contato ap&oacute;s o acidente.<br \/>\n\t&nbsp;<\/div>\n<table bgcolor=\"#808080\" border=\"1\" cellpadding=\"1\" cellspacing=\"1\" style=\"width: 100%\">\n<tbody>\n<tr>\n<td>\n\t\t\t\t<span style=\"font-size:18px\"><strong><span style=\"color: #000000\">Paddockast #24<br \/>\n\t\t\t\tA BATALHA: Indy x MotoGP<\/span><\/strong><\/span><br \/>\n\t\t\t\t<br \/>\n\t\t\t\tOu&ccedil;a: <a href=\"http:\/\/open.spotify.com\/show\/5OBbp8MzxQymoyneX4IviF?si=gYqPr53GSaa-AcxFpOzJHg\">Spotify<\/a> | <a href=\"http:\/\/podcasts.apple.com\/br\/podcast\/paddockast\/id1371540198\">iTunes<\/a> | <a href=\"http:\/\/www.subscribeonandroid.com\/www.central3.com.br\/category\/podcasts\/paddockast\/feed\/podcast\/\">Android<\/a> | <a href=\"http:\/\/player.fm\/series\/paddockast\">playerFM<\/a><\/td>\n<\/tr>\n<\/tbody>\n<\/table>\n<p><\/p>\n<div class=\"embed-responsive embed-responsive-16by9\">\n\t<\/div>\n<p><\/p>\n<p><\/p>\n","protected":false},"excerpt":{"rendered":"<p>Na corrida de seu pa&iacute;s natal, Robert Wickens teve a honra de dar o famoso sinal para os pilotos ligarem os motores antes do GP de Toronto da Indy. Piloto parapl&eacute;gico tamb&eacute;m pilotou o pace-car na volta de apresenta&ccedil;&atilde;o<\/p>\n","protected":false},"author":0,"featured_media":0,"comment_status":"closed","ping_status":"closed","sticky":false,"template":"","format":"standard","meta":{"42wp_featured_image_caption":"","42wp_featured_image_credits":"","42wp_featured_video":"","42wp_featured_image_hidden":false,"42wp_authors_list":[],"footnotes":""},"categories":[3],"tags":[260,1822,93,4433,3972],"42wp_author":[47109],"class_list":["post-133972","post","type-post","status-publish","format-standard","hentry","category-indy","tag-frmula-indy","tag-frmula-indy-2019","tag-indy","tag-indy-toronto","tag-robert-wickens","42wp_author-redacao-gp"],"_links":{"self":[{"href":"https:\/\/grandepremio.com\/br\/wp-json\/wp\/v2\/posts\/133972","targetHints":{"allow":["GET"]}}],"collection":[{"href":"https:\/\/grandepremio.com\/br\/wp-json\/wp\/v2\/posts"}],"about":[{"href":"https:\/\/grandepremio.com\/br\/wp-json\/wp\/v2\/types\/post"}],"replies":[{"embeddable":true,"href":"https:\/\/grandepremio.com\/br\/wp-json\/wp\/v2\/comments?post=133972"}],"version-history":[{"count":0,"href":"https:\/\/grandepremio.com\/br\/wp-json\/wp\/v2\/posts\/133972\/revisions"}],"wp:attachment":[{"href":"https:\/\/grandepremio.com\/br\/wp-json\/wp\/v2\/media?parent=133972"}],"wp:term":[{"taxonomy":"category","embeddable":true,"href":"https:\/\/grandepremio.com\/br\/wp-json\/wp\/v2\/categories?post=133972"},{"taxonomy":"post_tag","embeddable":true,"href":"https:\/\/grandepremio.com\/br\/wp-json\/wp\/v2\/tags?post=133972"},{"taxonomy":"42wp_author","embeddable":true,"href":"https:\/\/grandepremio.com\/br\/wp-json\/wp\/v2\/42wp_author?post=133972"}],"curies":[{"name":"wp","href":"https:\/\/api.w.org\/{rel}","templated":true}]}}