{"id":13408,"date":"2026-01-02T18:00:00","date_gmt":"2026-01-02T21:00:00","guid":{"rendered":"https:\/\/grandepremio.com\/br\/noticias\/marcos-gil-ve-possivel-fim-geracoes-carros-tiro-no-pe-formula-e\/"},"modified":"2026-01-03T13:30:27","modified_gmt":"2026-01-03T16:30:27","slug":"marcos-gil-ve-possivel-fim-geracoes-carros-tiro-no-pe-formula-e","status":"publish","type":"post","link":"https:\/\/grandepremio.com\/br\/formula-e\/marcos-gil-ve-possivel-fim-geracoes-carros-tiro-no-pe-formula-e\/","title":{"rendered":"Marcos Gil v\u00ea poss\u00edvel fim das gera\u00e7\u00f5es de carros como &#8220;tiro no p\u00e9&#8221; da F\u00f3rmula E"},"content":{"rendered":"\n<p class=\"wp-block-paragraph\"><a href=\"https:\/\/www.grandepremio.com\/br\/formula-e\/noticias\/formula-e-estuda-novo-formato-possibilidade-gen4-ser-ultima-geracao-carros\/\">O poss\u00edvel fim do sistema de gera\u00e7\u00f5es de carros na <strong>F\u00f3rmula E<\/strong><\/a>, revelado pelo CEO da categoria, <strong>Jeff Dodds<\/strong>, levanta questionamentos importantes sobre o futuro do campeonato. A ideia de abandonar ciclos t\u00e9cnicos definidos pode representar um avan\u00e7o em termos de flexibilidade e inova\u00e7\u00e3o, mas, segundo <strong>Marcos Gil<\/strong>, tamb\u00e9m carrega riscos relevantes para a sustentabilidade da categoria. Confira o v\u00eddeo abaixo.<\/p>\n\n\n\n<figure class=\"wp-block-embed is-type-video is-provider-youtube wp-block-embed-youtube wp-embed-aspect-9-16 wp-has-aspect-ratio\"><div class=\"wp-block-embed__wrapper\">\n<iframe loading=\"lazy\" title=\"\u26a1\ud83e\udd14\ud83d\udd0bQUEBRA DE PARAD\u00cdGMA NA F\u00d3RMULA E?\" width=\"422\" height=\"750\" src=\"https:\/\/www.youtube.com\/embed\/C33-ZbZGnrc?feature=oembed\" frameborder=\"0\" allow=\"accelerometer; autoplay; clipboard-write; encrypted-media; gyroscope; picture-in-picture; web-share\" referrerpolicy=\"strict-origin-when-cross-origin\" allowfullscreen><\/iframe>\n<\/div><\/figure>\n","protected":false},"excerpt":{"rendered":"<p>Jeff Dodds, CEO da F\u00f3rmula E, revelou que categoria estuda abolir formato de gera\u00e7\u00f5es, presente desde a primeira temporada. Mudan\u00e7a pode estimular inova\u00e7\u00e3o, mas tamb\u00e9m pressionar equipes financeiramente<\/p>\n","protected":false},"author":0,"featured_media":1001034830,"comment_status":"closed","ping_status":"closed","sticky":false,"template":"","format":"standard","meta":{"42wp_featured_image_caption":"","42wp_featured_image_credits":"","42wp_featured_video":"","42wp_featured_image_hidden":false,"42wp_authors_list":[],"footnotes":""},"categories":[19],"tags":[28679,6853,840,43531,45540,34849,1491,28285,35442,36219,43530],"42wp_author":[47164],"class_list":["post-13408","post","type-post","status-publish","format-standard","has-post-thumbnail","hentry","category-formula-e","tag-calendario-formula-e","tag-classificacao-formula-e","tag-formula-e","tag-formula-e-2026","tag-formula-e-hoje","tag-gen4","tag-grande-premio","tag-grandepremio","tag-horarios-formula-e","tag-onde-assistir-formula-e","tag-temporada-2026-da-formula-e","42wp_author-marcos-gil-ribeiro"],"_links":{"self":[{"href":"https:\/\/grandepremio.com\/br\/wp-json\/wp\/v2\/posts\/13408","targetHints":{"allow":["GET"]}}],"collection":[{"href":"https:\/\/grandepremio.com\/br\/wp-json\/wp\/v2\/posts"}],"about":[{"href":"https:\/\/grandepremio.com\/br\/wp-json\/wp\/v2\/types\/post"}],"replies":[{"embeddable":true,"href":"https:\/\/grandepremio.com\/br\/wp-json\/wp\/v2\/comments?post=13408"}],"version-history":[{"count":0,"href":"https:\/\/grandepremio.com\/br\/wp-json\/wp\/v2\/posts\/13408\/revisions"}],"wp:featuredmedia":[{"embeddable":true,"href":"https:\/\/grandepremio.com\/br\/wp-json\/wp\/v2\/media\/1001034830"}],"wp:attachment":[{"href":"https:\/\/grandepremio.com\/br\/wp-json\/wp\/v2\/media?parent=13408"}],"wp:term":[{"taxonomy":"category","embeddable":true,"href":"https:\/\/grandepremio.com\/br\/wp-json\/wp\/v2\/categories?post=13408"},{"taxonomy":"post_tag","embeddable":true,"href":"https:\/\/grandepremio.com\/br\/wp-json\/wp\/v2\/tags?post=13408"},{"taxonomy":"42wp_author","embeddable":true,"href":"https:\/\/grandepremio.com\/br\/wp-json\/wp\/v2\/42wp_author?post=13408"}],"curies":[{"name":"wp","href":"https:\/\/api.w.org\/{rel}","templated":true}]}}