{"id":134093,"date":"2020-02-11T15:00:00","date_gmt":"2020-02-11T18:00:00","guid":{"rendered":"https:\/\/grandepremio.com\/br\/noticias\/leclerc-ve-sf1000-como-evolucao-de-2019-e-afirma-aprendi-com-erros\/"},"modified":"2020-05-19T19:13:02","modified_gmt":"2020-05-19T22:13:02","slug":"leclerc-ve-sf1000-como-evolucao-de-2019-e-afirma-aprendi-com-erros","status":"publish","type":"post","link":"https:\/\/grandepremio.com\/br\/f1\/leclerc-ve-sf1000-como-evolucao-de-2019-e-afirma-aprendi-com-erros\/","title":{"rendered":"Leclerc v\u00ea SF1000 como &#8220;evolu\u00e7\u00e3o de 2019&#8221; e afirma: &#8220;Aprendi com erros&#8221;"},"content":{"rendered":"\n<div>\n\tA Ferrari abriu <a href=\"https:\/\/www.grandepremio.com\/br\/f1\/noticias\/em-meio-a-danca-e-orquestra-ferrari-lanca-sf1000-com-poucas-mudancas-no-visual\">oficialmente a temporada<\/a> de lan&ccedil;amentos de carros da <a href=\"https:\/\/www.grandepremio.com\/br\/f1\">F1 <\/a>com uma cerim&ocirc;nia de respeito na It&aacute;lia para mostrar ao mundo a SF1000. Presente no evento, Charles Leclerc falou um pouco da prepara&ccedil;&atilde;o para 2020 e tamb&eacute;m do que aprendeu nos &uacute;ltimos tempos.<\/div>\n<div>\n\t&nbsp;<\/div>\n<div>\n\tAp&oacute;s ter um 2019 de bastante sucesso na parte do rendimento, mas tamb&eacute;m com alguns desentendimentos internos, especialmente com <a href=\"https:\/\/www.grandepremio.com\/br\/f1\/noticias\/vettel-destaca-mudancas-aerodinamicas-da-sf1000-diferencas-sao-impressionantes\">Sebastian Vettel<\/a>, o monegasco analisou que est&aacute; melhor para 2020 e aposta no entendimento mais r&aacute;pido com o carro.<\/p>\n<div class=\"imagem-noticia\">\n\t\t<img decoding=\"async\" src=\"https:\/\/www.grandepremio.com\/br\/wp-content\/uploads\/2020\/02\/2020211151597_2020-02-11-15_00_28-Greenshot_II.jpg\" title=\"Ferrari SF1000 (Foto: Reprodu\u00e7\u00e3o)\" \/><\/div>\n<div class=\"legenda-imagem\">\n\t\t#iconeimagem Ferrari SF1000 (Foto: Reprodu&ccedil;&atilde;o)<\/div>\n<\/div>\n<div>\n<div style=\"float: left;margin-right: 15px;margin-bottom:15px\">\n\t\t<\/div>\n<p>\t&quot;O enfoque da temporada &eacute; um pouco diferente. Conhe&ccedil;o a equipe e o carro tamb&eacute;m, j&aacute; que, por mais que seja novo, &eacute; uma evolu&ccedil;&atilde;o do carro do ano passado. Eu me sinto mais preparado, conhe&ccedil;o o pessoal. &Eacute; um desafio grande e n&atilde;o vejo a hora de pilotar o carro&quot;, disse.<\/p><\/div>\n<div>\n\t&nbsp;<\/div>\n<div>\n\tCharles contou que fez um trabalho f&iacute;sico especial, mas que o mental foi tratado da mesma forma que antes, o diferencial foi refletir sobre os problemas que teve para evoluir.<\/div>\n<div>\n\t&nbsp;<\/div>\n<div>\n\t&quot;Eu me preparei fisicamente nas montanhas e psicologicamente fiz uma prepara&ccedil;&atilde;o parecida com a do ano passado. Trabalhei duro com a equipe e tamb&eacute;m busquei aprendi com os erros do passado para ser um piloto melhor em 2020&quot;, completou.<\/div>\n<div>\n\t&nbsp;<\/div>\n<p>\n#GALERIA(10019)<\/p>\n<div class=\"embed-responsive embed-responsive-16by9\">\n\t<\/div>\n<p><\/p>\n<div>\n<table bgcolor=\"#E6E6E6\" border=\"0\" cellpadding=\"1\" cellspacing=\"1\" style=\"width: 100%\">\n<tbody>\n<tr>\n<td>\n<div>\n\t\t\t\t\t\t<b><span style=\"color:#FF0040\">Apoie o <strong> GRANDE PR&Ecirc;MIO<\/strong><\/span><\/b><span style=\"color:#FF0040\">: garanta o futuro do nosso jornalismo <\/span><br \/>\n\t\t\t\t\t\t<br \/>\n\t\t\t\t\t\tO<strong> GRANDE PR&Ecirc;MIO <\/strong>&eacute; a maior m&iacute;dia digital de esporte a motor do Brasil, na Am&eacute;rica Latina e em L&iacute;ngua Portuguesa, editorialmente independente. Nossa grande equipe produz conte&uacute;do di&aacute;rio e pensa em inova&ccedil;&otilde;es constantemente, e n&atilde;o s&oacute; na internet: uma das nossas atua&ccedil;&otilde;es est&aacute; na realiza&ccedil;&atilde;o de eventos, como a Copa GP de Kart. Assim, seu apoio &eacute; sempre importante.<br \/>\n\t\t\t\t\t\t<br \/>\n\t\t\t\t\t\t<a href=\"https:\/\/grandepremium.grandepremio.com\/br\/assine\" target=\"_blank\" rel=\"noopener noreferrer\">Assine o GRANDE PREMIUM<\/a>: veja os planos e o que oferecem, tenha &agrave; disposi&ccedil;&atilde;o uma s&eacute;rie de benef&iacute;cios e experi&ecirc;ncias exclusivas, e fa&ccedil;a parte de um grupo especial, a Scuderia GP, com debate em alto n&iacute;vel.<\/div>\n<\/td>\n<\/tr>\n<\/tbody>\n<\/table>\n<\/div>\n<p><\/p>\n","protected":false},"excerpt":{"rendered":"<p>Charles Leclerc virou a p&aacute;gina depois de um 2019 de &oacute;timas performances, mas algumas confus&otilde;es. O monegasco afirmou que trabalhou no lado f&iacute;sico e psicol&oacute;gico para 2020<\/p>\n","protected":false},"author":0,"featured_media":0,"comment_status":"closed","ping_status":"closed","sticky":false,"template":"","format":"standard","meta":{"42wp_featured_image_caption":"","42wp_featured_image_credits":"","42wp_featured_video":"","42wp_featured_image_hidden":false,"42wp_authors_list":[],"footnotes":""},"categories":[2],"tags":[209,85,182,147,118,207,898,25115,210,95],"42wp_author":[47109],"class_list":["post-134093","post","type-post","status-publish","format-standard","hentry","category-f1","tag-charles-leclerc","tag-frmula-1","tag-frmula-1-2020","tag-f1","tag-f1-2020","tag-ferrari","tag-itlia","tag-leon-price","tag-sebastian-vettel","tag-temporada-2020","42wp_author-redacao-gp"],"_links":{"self":[{"href":"https:\/\/grandepremio.com\/br\/wp-json\/wp\/v2\/posts\/134093","targetHints":{"allow":["GET"]}}],"collection":[{"href":"https:\/\/grandepremio.com\/br\/wp-json\/wp\/v2\/posts"}],"about":[{"href":"https:\/\/grandepremio.com\/br\/wp-json\/wp\/v2\/types\/post"}],"replies":[{"embeddable":true,"href":"https:\/\/grandepremio.com\/br\/wp-json\/wp\/v2\/comments?post=134093"}],"version-history":[{"count":0,"href":"https:\/\/grandepremio.com\/br\/wp-json\/wp\/v2\/posts\/134093\/revisions"}],"wp:attachment":[{"href":"https:\/\/grandepremio.com\/br\/wp-json\/wp\/v2\/media?parent=134093"}],"wp:term":[{"taxonomy":"category","embeddable":true,"href":"https:\/\/grandepremio.com\/br\/wp-json\/wp\/v2\/categories?post=134093"},{"taxonomy":"post_tag","embeddable":true,"href":"https:\/\/grandepremio.com\/br\/wp-json\/wp\/v2\/tags?post=134093"},{"taxonomy":"42wp_author","embeddable":true,"href":"https:\/\/grandepremio.com\/br\/wp-json\/wp\/v2\/42wp_author?post=134093"}],"curies":[{"name":"wp","href":"https:\/\/api.w.org\/{rel}","templated":true}]}}